{"id":37683,"date":"2026-07-28T13:54:00","date_gmt":"2026-07-28T11:54:00","guid":{"rendered":"https:\/\/euapp01.newsmemory.com\/lamarseillaise\/news\/?p=37683"},"modified":"2026-08-03T07:14:50","modified_gmt":"2026-08-03T05:14:50","slug":"les-salaries-de-fibre-excellence-interpellent-letat","status":"publish","type":"post","link":"https:\/\/euapp01.newsmemory.com\/lamarseillaise\/news\/2026\/07\/28\/les-salaries-de-fibre-excellence-interpellent-letat\/","title":{"rendered":"Les salari\u00e9s de Fibre excellence interpellent l\u2019\u00c9tat"},"content":{"rendered":"<div class=\"paragraph\">\n<p>Pour les salari\u00e9s de l\u2019usine Fibre Excellence de Tarascon, ce lundi marque une entr\u00e9e en r\u00e9sistance. Le tribunal de commerce de Toulouse a requis, lundi matin, la liquidation judiciaire de l\u2019usine de p\u00e2te \u00e0 papier occup\u00e9e (lire ci-contre), depuis jeudi. Pr\u00e8s de 270\u00a0emplois directs et plus d\u2019une centaine d\u2019int\u00e9rimaires et de sous-traitants sont directement concern\u00e9s par cette liquidation. Pour l\u2019ensemble de la fili\u00e8re bois-papier, l\u2019activit\u00e9 repr\u00e9sente entre 8\u00a0000\u00a0et 10\u00a0000\u00a0emplois induits, du b\u00fbcheronnage au bobinage.<\/p>\n<p>Autant d\u2019enjeux que les salari\u00e9s du site de Tarascon sont all\u00e9s porter \u00e0 la sous-pr\u00e9fecture d\u2019Arles, lundi matin, alors m\u00eame que le sort de leur usine se d\u00e9cidait \u00e0 300\u00a0km de l\u00e0. Apr\u00e8s moins d\u2019une heure de rendez-vous, c\u2019est le point mort. \u00ab\u00a0<i>Nous n\u2019avons pas eu de r\u00e9ponse. L\u2019\u00c9tat attend une d\u00e9cision du tribunal, mais comme vous le savez, le tribunal attend une d\u00e9cision de l\u2019\u00c9tat<\/i>\u00a0\u00bb, ironise Florian Berthon, d\u00e9l\u00e9gu\u00e9 FO de l\u2019usine. L\u2019accueil lui-m\u00eame est d\u00e9nonc\u00e9 par Ren\u00e9 Sale, de l\u2019Union d\u00e9partementale FO. \u00ab\u00a0<i>Ni la sous-pr\u00e9f\u00e8te, ni sa secr\u00e9taire n\u2019\u00e9taient l\u00e0. Quand il y a le feu \u00e0 Tarascon, on peut d\u00e9placer son agenda<\/i>\u00a0\u00bb, tance-t-il \u00e0 l\u2019\u00e9gard des repr\u00e9sentants de l\u2019\u00c9tat, auxquels il demande de \u00ab\u00a0<i>nationaliser de mani\u00e8re provisoire<\/i>\u00a0\u00bb Fibre Excellence, comme \u00ab<i>\u00a0<\/i><i>issue imm\u00e9diate \u00e0 ce scandale d\u2019\u00c9tat<\/i><i>\u00a0<\/i>\u00bb.<\/p>\n<p>Jonathan Bastid, du syndicat Filpac-CGT de Tarascon, est revenu sur la possibilit\u00e9 de \u00ab\u00a0<i>prendre un arr\u00eat\u00e9 pour rehausser le prix du m\u00e9gawattheure d\u2019\u00e9lectricit\u00e9<\/i>\u00a0\u00bb produit par l\u2019usine pour ses propres besoins et dont elle r\u00e9injecte l\u2019exc\u00e9dent dans le r\u00e9seau. Une mesure \u00ab\u00a0<i>comme pour la centrale de Gardanne<\/i>\u00a0\u00bb compl\u00e8te-t-il. \u00ab\u00a0<i>Si c\u2019\u00e9tait fait, cela permettrait \u00e0 notre usine de repartir. Il suffit de \u00e7a<\/i><i>\u00a0<\/i><i>!<\/i>\u00a0\u00bb, mart\u00e8le le syndicaliste. \u00ab\u00a0<i>Plus de 300<\/i><i>\u00a0<\/i><i>personnes vont se retrouver au P\u00f4le emploi d\u2019Arles sinon. Il faut que l\u2019\u00c9tat prenne ses responsabilit\u00e9s. On \u00e9tait une entreprise indispensable pour sauver la France durant le Covid, mais aujourd\u2019hui, on est abandonn\u00e9s<\/i>.\u00a0\u00bb<\/p>\n<\/p><\/div>\n<div class=\"intext\"> Sauver l\u2019usine<br \/>\n               <br \/>pour sauver des vies\n              <\/div>\n<div class=\"paragraph\">\n<p>Sauver Fibre Excellence, c\u2019est litt\u00e9ralement sauver des vies, \u00e0 \u00e9couter les salari\u00e9s rassembl\u00e9s. \u00ab\u00a0<i>Des vies se sont construites autour de l\u2019usine, quand on croise nos coll\u00e8gues, on a toujours un petit mot. Moi, j\u2019ai mon surnom. On est des coll\u00e8gues, des amis<\/i>\u00a0\u00bb, illustre Thierry Boldrinei, op\u00e9rateur sur le parc \u00e0 bois. \u00ab\u00a0<i>Mon p\u00e8re travaillait dans cette usine. Pour d\u2019autres, c\u2019est m\u00eame la 4<\/i><i><sup>e<\/sup><\/i><i>\u00a0<\/i><i>g\u00e9n\u00e9ration qui y travaille. On conna\u00eet tous quelqu\u2019un qui a connu nos p\u00e8res et nos grands-p\u00e8res<\/i>\u00a0\u00bb, poursuit-il, les yeux humides.<\/p>\n<p>Une culture ouvri\u00e8re marqu\u00e9e par l\u2019attachement \u00e0 l\u2019outil de travail. \u00ab<i>\u00a0<\/i><i>On est habitu\u00e9s \u00e0 notre usine et \u00e0 nos salaires, on a gal\u00e9r\u00e9 pour y rentrer<\/i><i>\u00a0<\/i>\u00bb, rappelle Khaled El Hajjouji, \u00ab\u00a0<i>25<\/i><i>\u00a0<\/i><i>ans de bo\u00eete<\/i>\u00a0\u00bb et op\u00e9rateur process sur la ligne de fibres. \u00ab<i>\u00a0<\/i><i>Des usines qui payent comme \u00e7a, il n\u2019y en a plus dans le coin<\/i>\u00a0\u00bb, consid\u00e8re-t-il. Son illustration du drame social qui p\u00e8se sur les salari\u00e9s est singuli\u00e8re\u00a0: \u00ab\u00a0<i>Quand j\u2019emm\u00e8ne mon fils de 3<\/i><i>\u00a0<\/i><i>ans \u00e0 la cr\u00e8che, je suis oblig\u00e9 de passer \u00e0 c\u00f4t\u00e9 de l\u2019usine. \u00c0 chaque fois, il me dit<\/i><i>\u00a0<\/i><i>: \u201c\u00e7a fume<\/i><i>\u00a0<\/i><i>!\u201d. Mais depuis six mois, il me demande pourquoi \u00e7a ne fume plus<\/i>\u00a0\u00bb. Pire, \u00ab\u00a0<i>mes autres enfants me demandent si on va vendre la maison, peuch\u00e8re. Je leur dis qu\u2019on va red\u00e9marrer, je reste fort<\/i>\u00a0\u00bb.<\/p>\n<p>\u00ab\u00a0<i>D\u00e8s qu\u2019on a su qu\u2019on \u00e9tait en redressement, c\u2019\u00e9tait l\u2019angoisse. On avait toujours des solutions, mais l\u00e0, c\u2019est le coup de semonce<\/i>\u00a0\u00bb, rench\u00e9rit son coll\u00e8gue, Thierry Boldrinei. \u00ab\u00a0<i>On est que des salari\u00e9s. Mais si on part en liquidation, on bloquera tout. On embarquera pas nos outils de production comme \u00e7a<\/i><i>\u00a0<\/i><i>!<\/i>\u00a0\u00bb, assure Khaled El Hajjouji.<\/p>\n<p>L\u2019impact d\u2019une liquidation sur la fili\u00e8re et le territoire peut se mesurer \u00e0 ce qui a d\u00e9j\u00e0 pu \u00eatre observ\u00e9 par le pass\u00e9. \u00ab\u00a0<i>C\u2019est mon 2<\/i><i><sup>e<\/sup><\/i><i>\u00a0<\/i><i>licenciement en deux ans, apr\u00e8s Smurfit Kappa au Pontet<\/i>\u00a0\u00bb, peste Hubert Costa, manifestement en col\u00e8re. L\u2019ancien salari\u00e9 de l\u2019entreprise sp\u00e9cialis\u00e9e dans l\u2019emballage en carton et papier, aujourd\u2019hui affect\u00e9 au m\u00e9lange de la p\u00e2te \u00e0 papier, ne s\u2019imagine pas \u00ab\u00a0<i>repartir \u00e0 z\u00e9ro avec trois enfants<\/i>\u00a0\u00bb, apr\u00e8s \u00ab\u00a0<i>des ann\u00e9es d\u2019int\u00e9rim pour un CDI qui dure deux ans chez Smurfit, et deux ans \u00e0 Fibre Excellence pour obtenir un nouveau CDI que j\u2019ai sign\u00e9 qu\u2019en janvier<\/i>\u00a0\u00bb. Une \u00ab\u00a0<i>double peine<\/i>\u00a0\u00bb qui se profile pour le travailleur. \u00ab\u00a0<i>Le ch\u00f4mage et plus de mutuelle. Comment je vais faire pour mes enfants si je perds l\u2019emploi et le droit \u00e0 la sant\u00e9<\/i><i>\u00a0<\/i><i>?<\/i><i>\u00a0<\/i>\u00bb, s\u2019inqui\u00e8te-t-il.<\/p>\n<p>Cette col\u00e8re promet d\u2019\u00eatre le moteur de la lutte sociale \u00e0 venir. \u00ab\u00a0<i>Pour l\u2019instant, les choses se sont pass\u00e9es calmement<\/i><i>\u00a0<\/i>\u00bb, observait Ren\u00e9 Sale (FO) \u00e0 la sortie du rendez-vous en sous-pr\u00e9fecture. \u00ab\u00a0<i>Mais la violence de la d\u00e9cision politique du gouvernement de ne pas sauver la fili\u00e8re et les emplois met en danger les populations de Tarascon, Beaucaire et Arles<\/i>\u00a0\u00bb, consid\u00e8re-t-il. La Filpac-CGT du site inscrit son occupation \u00ab\u00a0<i>dans la dur\u00e9e<\/i>\u00a0\u00bb depuis la \u00ab\u00a0<i>mise en s\u00e9curit\u00e9<\/i>\u00a0\u00bb des installations, jeudi dernier.<\/p>\n<\/p><\/div>\n","protected":false},"excerpt":{"rendered":"Pour les salari&eacute;s de l&rsquo;usine Fibre Excellence de Tarascon, ce lundi marque une entr&eacute;e en r&eacute;sistance. Le tribunal de commerce de Toulouse a requis, lundi matin, la liquidation judiciaire de l&rsquo;usine de p&acirc;te &#8230;","protected":false},"author":1,"featured_media":37684,"comment_status":"open","ping_status":"open","sticky":false,"template":"","format":"standard","meta":{"footnotes":""},"categories":[3926,3925,331],"tags":[1234,10,113,301,5889,1225,4279,4296,4295,1017,1486,1574,3384,4281,191,563,962,364,244],"news-destination":[3944],"news-source":[475],"is_homepage":[],"ta_other":[],"class_list":["post-37683","post","type-post","status-publish","format-standard","has-post-thumbnail","hentry","category-accueil-merge","category-accueil-third","category-social","tag-arles","tag-bouches-du-rhone","tag-cgt","tag-chomage","tag-decision","tag-entreprise","tag-fibre-excellence","tag-filpac","tag-filpac-cgt","tag-fo","tag-licenciement","tag-liquidation-judiciaire","tag-nationalisation","tag-pate-a-papier","tag-politique","tag-production","tag-salaries","tag-syndicats","tag-tribunal-de-commerce","news-destination-homepage","news-source-website"],"_links":{"self":[{"href":"https:\/\/euapp01.newsmemory.com\/lamarseillaise\/news\/wp-json\/wp\/v2\/posts\/37683","targetHints":{"allow":["GET"]}}],"collection":[{"href":"https:\/\/euapp01.newsmemory.com\/lamarseillaise\/news\/wp-json\/wp\/v2\/posts"}],"about":[{"href":"https:\/\/euapp01.newsmemory.com\/lamarseillaise\/news\/wp-json\/wp\/v2\/types\/post"}],"author":[{"embeddable":true,"href":"https:\/\/euapp01.newsmemory.com\/lamarseillaise\/news\/wp-json\/wp\/v2\/users\/1"}],"replies":[{"embeddable":true,"href":"https:\/\/euapp01.newsmemory.com\/lamarseillaise\/news\/wp-json\/wp\/v2\/comments?post=37683"}],"version-history":[{"count":1,"href":"https:\/\/euapp01.newsmemory.com\/lamarseillaise\/news\/wp-json\/wp\/v2\/posts\/37683\/revisions"}],"predecessor-version":[{"id":37685,"href":"https:\/\/euapp01.newsmemory.com\/lamarseillaise\/news\/wp-json\/wp\/v2\/posts\/37683\/revisions\/37685"}],"wp:featuredmedia":[{"embeddable":true,"href":"https:\/\/euapp01.newsmemory.com\/lamarseillaise\/news\/wp-json\/wp\/v2\/media\/37684"}],"wp:attachment":[{"href":"https:\/\/euapp01.newsmemory.com\/lamarseillaise\/news\/wp-json\/wp\/v2\/media?parent=37683"}],"wp:term":[{"taxonomy":"category","embeddable":true,"href":"https:\/\/euapp01.newsmemory.com\/lamarseillaise\/news\/wp-json\/wp\/v2\/categories?post=37683"},{"taxonomy":"post_tag","embeddable":true,"href":"https:\/\/euapp01.newsmemory.com\/lamarseillaise\/news\/wp-json\/wp\/v2\/tags?post=37683"},{"taxonomy":"news-destination","embeddable":true,"href":"https:\/\/euapp01.newsmemory.com\/lamarseillaise\/news\/wp-json\/wp\/v2\/news-destination?post=37683"},{"taxonomy":"news-source","embeddable":true,"href":"https:\/\/euapp01.newsmemory.com\/lamarseillaise\/news\/wp-json\/wp\/v2\/news-source?post=37683"},{"taxonomy":"is_homepage","embeddable":true,"href":"https:\/\/euapp01.newsmemory.com\/lamarseillaise\/news\/wp-json\/wp\/v2\/is_homepage?post=37683"},{"taxonomy":"ta_other","embeddable":true,"href":"https:\/\/euapp01.newsmemory.com\/lamarseillaise\/news\/wp-json\/wp\/v2\/ta_other?post=37683"}],"curies":[{"name":"wp","href":"https:\/\/api.w.org\/{rel}","templated":true}]}}