{"id":37680,"date":"2026-07-28T07:34:00","date_gmt":"2026-07-28T05:34:00","guid":{"rendered":"https:\/\/euapp01.newsmemory.com\/lamarseillaise\/news\/?p=37680"},"modified":"2026-08-01T08:41:33","modified_gmt":"2026-08-01T06:41:33","slug":"le-site-de-tarascon-presque-condamne-saint-gaudens-en-sursis","status":"publish","type":"post","link":"https:\/\/euapp01.newsmemory.com\/lamarseillaise\/news\/2026\/07\/28\/le-site-de-tarascon-presque-condamne-saint-gaudens-en-sursis\/","title":{"rendered":"Le site de Tarascon presque condamn\u00e9, Saint-Gaudens en sursis"},"content":{"rendered":"<div class=\"paragraph\">\n<p>Le tribunal de commerce de Toulouse a tranch\u00e9 lundi\u00a0: l\u2019offre de reprise de Matthieu Pigasse pour l\u2019entreprise de p\u00e2te \u00e0 papier Fibre Excellence est rejet\u00e9e. Un coup de massue pour les 670\u00a0salari\u00e9s de l\u2019enseigne, plac\u00e9e en redressement judiciaire le 27\u00a0avril dernier. C\u2019est le maintien des \u00ab\u00a0<i>conditions suspensives<\/i>\u00a0\u00bb, qui rendent, d\u2019apr\u00e8s la juridiction, \u00ab\u00a0<i>l\u2019offre irrecevable<\/i><i>\u00a0<\/i>\u00bb, a rapport\u00e9 Christophe Clerc, avocat du Comit\u00e9 social et \u00e9conomique (CSE) de la soci\u00e9t\u00e9.<\/p>\n<p>La proposition de l\u2019homme d\u2019affaires \u00e9tait en effet subordonn\u00e9e \u00e0 plusieurs conditions adress\u00e9es \u00e0 l\u2019\u00c9tat. Parmi elles\u00a0: le rachat \u00e0 meilleur prix de l\u2019\u00e9lectricit\u00e9 produite par les turbines de l\u2019entreprise et la r\u00e9int\u00e9gration du fabricant dans le syst\u00e8me europ\u00e9en des quotas carbone. Des exigences que le gouvernement ne lui a pas accord\u00e9, comme le sugg\u00e9raient les r\u00e9centes d\u00e9clarations de Roland Lescure, ministre de l\u2019\u00c9conomie, qui assurait, mardi dernier \u00e0 l\u2019Assembl\u00e9e, que \u00ab\u00a0<i>l\u2019offre [n\u2019\u00e9tait] pas au niveau<\/i><i>\u00a0<\/i>\u00bb. \u00ab\u00a0<i>L\u2019offre demande une aide suppl\u00e9mentaire de l\u2019\u00c9tat, sans doute de plus de 100<\/i><i>\u00a0<\/i><i>millions d\u2019euros<\/i><i>\u00a0<\/i><i>: donc au-del\u00e0 des 100<\/i><i>\u00a0<\/i><i>millions que nous sommes d\u00e9j\u00e0 pr\u00eats \u00e0 mettre et des 90<\/i><i>\u00a0<\/i><i>millions d\u2019euros qui ont \u00e9t\u00e9 apport\u00e9s \u00e0 cette entreprise, contre un investissement du repreneur <\/i>[Matthieu Pigasse, Ndlr] <i>de 5<\/i><i>\u00a0<\/i><i>mis\u00e9rables millions d\u2019euros. (&#8230;) Aujourd\u2019hui, le compte n\u2019y est pas<\/i>\u00a0\u00bb, avait soulign\u00e9 le ministre. \u00ab\u00a0<i>Cette d\u00e9claration est indigne de la part du ministre, qui s\u2019acharne \u00e0 d\u00e9cr\u00e9dibiliser cette offre par pur calcul politicien<\/i>\u00a0\u00bb, s\u2019\u00e9tait alors indign\u00e9 la CGT, dans un communiqu\u00e9.<\/p>\n<p>Le tribunal a requis la liquidation du site de Tarascon, dans les Bouches-du-Rh\u00f4ne, qui emploie environ 275\u00a0personnes. Le site de Saint-Gaudens a lui obtenu un sursis inesp\u00e9r\u00e9 de deux jours, un nouvel industriel s\u2019\u00e9tant manifest\u00e9 pour sa reprise.<\/p>\n<\/p><\/div>\n<div class=\"intext\"> Une offre \u00e0 \u00ab\u00a0consolider\u00a0\u00bb\n              <\/div>\n<div class=\"paragraph\">\n<p>Le nouveau candidat, qui souhaite rester anonyme, doit d\u00e9sormais consolider son dossier avant la prochaine audience, mercredi 29\u00a0juillet. \u00ab\u00a0<i>Il y a un nouvel industriel qui a fait une lettre d\u2019intention qui donne une caution de deux millions d\u2019euros pour gagner du temps. Mais rien n\u2019est fait<\/i>\u00a0\u00bb, a soulign\u00e9 S\u00e9bastien Oustric, repr\u00e9sentant CGT des salari\u00e9s de Saint-Gaudens, \u00e0 l\u2019issue de l\u2019audience, lundi matin. S\u00e9bastien Martin, ministre d\u00e9l\u00e9gu\u00e9 en charge de l\u2019Industrie, a confirm\u00e9 l\u2019existence dudit repreneur, qu\u2019il assure avoir rencontr\u00e9, ce week-end, aux c\u00f4t\u00e9s de Carole Delga, pr\u00e9sidente (PS) du conseil r\u00e9gional d\u2019Occitanie. \u00ab\u00a0<i>Mes services, en lien avec la R\u00e9gion, vont se mobiliser pour voir de quelle mani\u00e8re cette offre peut \u00eatre consolid\u00e9e<\/i><i>\u00a0<\/i>\u00bb, a-t-il ajout\u00e9.<\/p>\n<p>Derni\u00e8re usine de p\u00e2te \u00e0 papier fran\u00e7aise, Fibre Excellence repr\u00e9sente, en plus de ses 675\u00a0salari\u00e9s, pr\u00e8s de 10\u00a0000 emplois indirects d\u2019apr\u00e8s la CGT. \u00ab\u00a0<i>Si l\u2019\u00c9tat ne suit pas, c\u2019est lui seul qui condamne la fili\u00e8re et les milliers d\u2019emplois qui en d\u00e9coulent<\/i><i>\u00a0<\/i>\u00bb, concluait le syndicat dans un communiqu\u00e9, la semaine derni\u00e8re.<\/p>\n<\/p><\/div>\n","protected":false},"excerpt":{"rendered":"Le tribunal de commerce de Toulouse a tranch&eacute; lundi&nbsp;: l&rsquo;offre de reprise de Matthieu Pigasse pour l&rsquo;entreprise de p&acirc;te &agrave; papier Fibre Excellence est rejet&eacute;e. Un coup de massue pour les &#8230;","protected":false},"author":1,"featured_media":37681,"comment_status":"open","ping_status":"open","sticky":false,"template":"","format":"standard","meta":{"footnotes":""},"categories":[3926,3925,331],"tags":[10,879,113,4279,528,108,5891,284,4281,5422,2430,3316,194,2080,244],"news-destination":[3944],"news-source":[475],"is_homepage":[],"ta_other":[],"class_list":["post-37680","post","type-post","status-publish","format-standard","has-post-thumbnail","hentry","category-accueil-merge","category-accueil-third","category-social","tag-bouches-du-rhone","tag-carole-delga","tag-cgt","tag-fibre-excellence","tag-gouvernement","tag-investissement","tag-matthieu-pigasse","tag-occitanie","tag-pate-a-papier","tag-redressement-judiciaire","tag-repreneur","tag-reprise","tag-social","tag-tribunal","tag-tribunal-de-commerce","news-destination-homepage","news-source-website"],"_links":{"self":[{"href":"https:\/\/euapp01.newsmemory.com\/lamarseillaise\/news\/wp-json\/wp\/v2\/posts\/37680","targetHints":{"allow":["GET"]}}],"collection":[{"href":"https:\/\/euapp01.newsmemory.com\/lamarseillaise\/news\/wp-json\/wp\/v2\/posts"}],"about":[{"href":"https:\/\/euapp01.newsmemory.com\/lamarseillaise\/news\/wp-json\/wp\/v2\/types\/post"}],"author":[{"embeddable":true,"href":"https:\/\/euapp01.newsmemory.com\/lamarseillaise\/news\/wp-json\/wp\/v2\/users\/1"}],"replies":[{"embeddable":true,"href":"https:\/\/euapp01.newsmemory.com\/lamarseillaise\/news\/wp-json\/wp\/v2\/comments?post=37680"}],"version-history":[{"count":1,"href":"https:\/\/euapp01.newsmemory.com\/lamarseillaise\/news\/wp-json\/wp\/v2\/posts\/37680\/revisions"}],"predecessor-version":[{"id":37682,"href":"https:\/\/euapp01.newsmemory.com\/lamarseillaise\/news\/wp-json\/wp\/v2\/posts\/37680\/revisions\/37682"}],"wp:featuredmedia":[{"embeddable":true,"href":"https:\/\/euapp01.newsmemory.com\/lamarseillaise\/news\/wp-json\/wp\/v2\/media\/37681"}],"wp:attachment":[{"href":"https:\/\/euapp01.newsmemory.com\/lamarseillaise\/news\/wp-json\/wp\/v2\/media?parent=37680"}],"wp:term":[{"taxonomy":"category","embeddable":true,"href":"https:\/\/euapp01.newsmemory.com\/lamarseillaise\/news\/wp-json\/wp\/v2\/categories?post=37680"},{"taxonomy":"post_tag","embeddable":true,"href":"https:\/\/euapp01.newsmemory.com\/lamarseillaise\/news\/wp-json\/wp\/v2\/tags?post=37680"},{"taxonomy":"news-destination","embeddable":true,"href":"https:\/\/euapp01.newsmemory.com\/lamarseillaise\/news\/wp-json\/wp\/v2\/news-destination?post=37680"},{"taxonomy":"news-source","embeddable":true,"href":"https:\/\/euapp01.newsmemory.com\/lamarseillaise\/news\/wp-json\/wp\/v2\/news-source?post=37680"},{"taxonomy":"is_homepage","embeddable":true,"href":"https:\/\/euapp01.newsmemory.com\/lamarseillaise\/news\/wp-json\/wp\/v2\/is_homepage?post=37680"},{"taxonomy":"ta_other","embeddable":true,"href":"https:\/\/euapp01.newsmemory.com\/lamarseillaise\/news\/wp-json\/wp\/v2\/ta_other?post=37680"}],"curies":[{"name":"wp","href":"https:\/\/api.w.org\/{rel}","templated":true}]}}