{"id":37677,"date":"2026-07-28T07:34:00","date_gmt":"2026-07-28T05:34:00","guid":{"rendered":"https:\/\/euapp01.newsmemory.com\/lamarseillaise\/news\/?p=37677"},"modified":"2026-08-01T08:41:33","modified_gmt":"2026-08-01T06:41:33","slug":"marseille-1943-la-justice-sachemine-vers-la-reconnaissance-des-crimes","status":"publish","type":"post","link":"https:\/\/euapp01.newsmemory.com\/lamarseillaise\/news\/2026\/07\/28\/marseille-1943-la-justice-sachemine-vers-la-reconnaissance-des-crimes\/","title":{"rendered":"Marseille 1943, la justice s\u2019achemine vers la reconnaissance des crimes"},"content":{"rendered":"<div class=\"paragraph\">\n<p>Bient\u00f4t huit ans apr\u00e8s le d\u00e9p\u00f4t de plainte du 17\u00a0janvier 2019 sur la rafle du Vieux-Port, la justice se dirige vers la reconnaissance des crimes perp\u00e9tr\u00e9s \u00e0 Marseille en 1943. C&#8217;est l\u2019aboutissement du long combat \u00ab\u00a0<i>pour la m\u00e9moire des disparus et la conscience des vivants<\/i>\u00a0\u00bb men\u00e9 par le Collectif Saint-Jean 24\u00a0janvier 1943, son pr\u00e9sident Antoine Mignemi, 88\u00a0ans, rescap\u00e9 des rafles, et l\u2019avocat Pascal Luongo.<\/p>\n<p>Ce drame de la Seconde Guerre mondiale a longtemps \u00e9t\u00e9 occult\u00e9. L\u2019op\u00e9ration Sultan a \u00e9t\u00e9 ordonn\u00e9e par Hitler et ex\u00e9cut\u00e9e avec le concours du r\u00e9gime de Vichy et de la police fran\u00e7aise, du 22\u00a0janvier au 17\u00a0f\u00e9vrier 1943. Cette collaboration s\u2019incarne dans un clich\u00e9 mettant en pr\u00e9sence Bernhard Griese, le chef des SS, et Ren\u00e9 Bousquet, le secr\u00e9taire g\u00e9n\u00e9ral de la police de Vichy.<\/p>\n<p>\u00ab<i>\u00a0<\/i><i>Je suis extr\u00eamement heureux, <\/i>confirme M<sup>e<\/sup>\u00a0Luongo, dont le grand-p\u00e8re et les siens furent rafl\u00e9s<i>. C\u2019est une formidable nouvelle que nous avons annonc\u00e9e aux victimes, aux membres du collectif, car en plus du crime contre l\u2019humanit\u00e9 des rafles du Vieux-Port, les crimes de guerre de la destruction des Vieux-Quartiers sont reconnus aussi.<\/i><i>\u00a0<\/i>\u00bb<\/p>\n<p>Selon le Collectif Saint-Jean 24\u00a0janvier 1943, des magistrats du Parquet national anti-terroriste (PNAT) viendront, fin septembre, pr\u00e9senter aux plaignants cette d\u00e9cision historique \u00e0 l\u2019occasion d\u2019une r\u00e9union publique exceptionnelle au Palais Monthyon. Des magistrats expliqueront aux parties civiles les conclusions du long travail d\u2019enqu\u00eate men\u00e9 par le p\u00f4le crimes contre l\u2019humanit\u00e9, crimes et d\u00e9lits de guerre. Depuis mai\u00a02019, les investigations ont \u00e9t\u00e9 confi\u00e9es aux enqu\u00eateurs sp\u00e9cialis\u00e9s de l\u2019Office central de lutte contre les crimes contre l\u2019humanit\u00e9 et les crimes de haine (OCLCH), rattach\u00e9 \u00e0 la Gendarmerie nationale. Cette r\u00e9union doit \u00eatre suivie d\u2019une comm\u00e9moration organis\u00e9e par la Ville de Marseille.<\/p>\n<p>Interrog\u00e9, le Parquet national anti-terroriste en charge de l\u2019enqu\u00eate, au tribunal de Paris, s\u2019est refus\u00e9 \u00e0 confirmer l\u2019information. \u00ab\u00a0<i>Nous sommes en fin d\u2019investigation. Nous travaillons sur une d\u00e9cision qui n\u2019est pas encore prise. Cette d\u00e9cision ne sera mat\u00e9rialis\u00e9e qu\u2019\u00e0 partir du moment o\u00f9 les victimes seront inform\u00e9es. <\/i>\u00bb<\/p>\n<p>\u00ab\u00a0<i>12<\/i><i>\u00a0<\/i><i>000<\/i><i>\u00a0<\/i><i>Marseillais ont \u00e9t\u00e9 chass\u00e9s des quartiers Saint-Jean et de l\u2019Op\u00e9ra et transf\u00e9r\u00e9s \u00e0 Fr\u00e9jus. 1<\/i><i>\u00a0<\/i><i>500<\/i><i>\u00a0<\/i><i>d\u2019entre eux furent d\u00e9port\u00e9s vers les camps de la mort, et parmi eux plus de 804<\/i><i>\u00a0<\/i><i>d\u00e9port\u00e9s parce que juifs<\/i><i>\u00a0<\/i>\u00bb, avait d\u00e9clar\u00e9 le ministre de l\u2019Int\u00e9rieur, \u00e0 l\u2019occasion du premier hommage national rendu le 29\u00a0janvier 2023 pour les 80\u00a0ans des rafles des 22, 23 et 24\u00a0janvier 1943. G\u00e9rald Darmanin \u00e9tait venu, au nom du pr\u00e9sident de la R\u00e9publique, \u00ab<i>\u00a0<\/i><i>r\u00e9parer cette injustice et signifier sa port\u00e9e nationale<\/i><i>\u00a0<\/i>\u00bb. L\u2019\u00c9tat reconnaissait que cet \u00e9pisode sombre de la Seconde Guerre mondiale \u00e9tait \u00ab\u00a0<i>bien trop peu relat\u00e9 dans les livres d\u2019histoire<\/i><i>\u00a0<\/i>\u00bb, un \u00e9pisode dont il avait reconnu qu\u2019il \u00e9tait \u00ab\u00a0<i>\u00e0 la crois\u00e9e de la grande histoire et des destins individuels, \u00e0 la crois\u00e9e de la honte de la collaboration et de la fiert\u00e9 de la R\u00e9sistance<\/i><i>\u00a0<\/i>\u00bb.<\/p>\n<\/p><\/div>\n<div class=\"intext\"> Une m\u00e9moire occult\u00e9e\n              <\/div>\n<div class=\"paragraph\">\n<p>En mai\u00a02019, le Pnat avait jug\u00e9 \u00ab\u00a0recevable\u00a0\u00bb la plainte de 24\u00a0pages d\u00e9pos\u00e9e au nom de huit Marseillais survivants et descendants (deux sont d\u00e9c\u00e9d\u00e9s en cours d\u2019instruction) de la rafle du 24\u00a0janvier 1943 pour crime contre l\u2019humanit\u00e9. La plainte visait \u00ab\u00a0<i>toute personne ayant commis le crime contre l\u2019humanit\u00e9 \u00e0 Marseille, Fr\u00e9jus et Oranienbourg (Allemagne), \u00e0 l\u2019encontre de la population civile du Quartier Nord du Vieux-Port, \u00e0 Marseille, entre le 24<\/i><i>\u00a0<\/i><i>janvier 1943 [et] le 19<\/i><i>\u00a0<\/i><i>f\u00e9vrier 1943 et courant ann\u00e9es 1944 et 1945, et en tout cas pour un temps non prescrit, en raison d\u2019une atteinte volontaire \u00e0 la vie, du transfert forc\u00e9 de population, de la privation grave de libert\u00e9 physique et des actes inhumains causant intentionnellement de grandes souffrances et des atteintes graves physiques et psychiques<\/i><i>\u00a0<\/i>\u00bb.<\/p>\n<p>La plainte d\u00e9taillait combien la population civile, ces familles pauvres issues pour la plupart de l\u2019immigration italienne et en particulier napolitaine, \u00ab\u00a0<i>a \u00e9t\u00e9 cibl\u00e9e pour son lieu d\u2019habitation et ses origines, a v\u00e9cu des arrestations arbitraires, des pers\u00e9cutions, des transferts forc\u00e9s, des d\u00e9portations et des atteintes volontaires \u00e0 la vie, autant d\u2019actes inhumains dans un plan concert\u00e9 pour le compte d\u2019un \u00c9tat, l\u2019Allemagne nazie, mais aussi de l\u2019\u00c9tat fran\u00e7ais de Vichy<\/i><i>\u00a0<\/i>\u00bb.<\/p>\n<\/p><\/div>\n","protected":false},"excerpt":{"rendered":"Bient&ocirc;t huit ans apr&egrave;s le d&eacute;p&ocirc;t de plainte du 17&nbsp;janvier 2019 sur la rafle du Vieux-Port, la justice se dirige vers la reconnaissance des crimes perp&eacute;tr&eacute;s &agrave; Marseille en 1943. C&#8217;est &#8230;","protected":false},"author":1,"featured_media":37678,"comment_status":"open","ping_status":"open","sticky":false,"template":"","format":"standard","meta":{"footnotes":""},"categories":[3926,3925,20],"tags":[604,1280,10,3100,102,5889,4627,2138,2823,754,2079,1798,249,2961,1541,16,920,497,1015,3973,4171,946,178,1813,668,4172,4731,1729,4681,3082,1483,5246,1941,99],"news-destination":[3944],"news-source":[475],"is_homepage":[],"ta_other":[],"class_list":["post-37677","post","type-post","status-publish","format-standard","has-post-thumbnail","hentry","category-accueil-merge","category-accueil-third","category-societe","tag-allemagne","tag-archives","tag-bouches-du-rhone","tag-collaboration","tag-collectif","tag-decision","tag-deportes","tag-depot-de-plainte","tag-destruction","tag-familles","tag-francais","tag-gendarmerie","tag-gerald-darmanin","tag-immeubles","tag-magistrats","tag-marseille","tag-memoire","tag-ministre","tag-national","tag-origines","tag-pascal-luongo","tag-physique","tag-population","tag-quartier-nord","tag-quartiers","tag-rafle-du-vieux-port","tag-regime-de-vichy","tag-resistance","tag-reunion-publique","tag-seconde-guerre-mondiale","tag-secretaire-general","tag-transferts","tag-victimes","tag-ville-de-marseille","news-destination-homepage","news-source-website"],"_links":{"self":[{"href":"https:\/\/euapp01.newsmemory.com\/lamarseillaise\/news\/wp-json\/wp\/v2\/posts\/37677","targetHints":{"allow":["GET"]}}],"collection":[{"href":"https:\/\/euapp01.newsmemory.com\/lamarseillaise\/news\/wp-json\/wp\/v2\/posts"}],"about":[{"href":"https:\/\/euapp01.newsmemory.com\/lamarseillaise\/news\/wp-json\/wp\/v2\/types\/post"}],"author":[{"embeddable":true,"href":"https:\/\/euapp01.newsmemory.com\/lamarseillaise\/news\/wp-json\/wp\/v2\/users\/1"}],"replies":[{"embeddable":true,"href":"https:\/\/euapp01.newsmemory.com\/lamarseillaise\/news\/wp-json\/wp\/v2\/comments?post=37677"}],"version-history":[{"count":1,"href":"https:\/\/euapp01.newsmemory.com\/lamarseillaise\/news\/wp-json\/wp\/v2\/posts\/37677\/revisions"}],"predecessor-version":[{"id":37679,"href":"https:\/\/euapp01.newsmemory.com\/lamarseillaise\/news\/wp-json\/wp\/v2\/posts\/37677\/revisions\/37679"}],"wp:featuredmedia":[{"embeddable":true,"href":"https:\/\/euapp01.newsmemory.com\/lamarseillaise\/news\/wp-json\/wp\/v2\/media\/37678"}],"wp:attachment":[{"href":"https:\/\/euapp01.newsmemory.com\/lamarseillaise\/news\/wp-json\/wp\/v2\/media?parent=37677"}],"wp:term":[{"taxonomy":"category","embeddable":true,"href":"https:\/\/euapp01.newsmemory.com\/lamarseillaise\/news\/wp-json\/wp\/v2\/categories?post=37677"},{"taxonomy":"post_tag","embeddable":true,"href":"https:\/\/euapp01.newsmemory.com\/lamarseillaise\/news\/wp-json\/wp\/v2\/tags?post=37677"},{"taxonomy":"news-destination","embeddable":true,"href":"https:\/\/euapp01.newsmemory.com\/lamarseillaise\/news\/wp-json\/wp\/v2\/news-destination?post=37677"},{"taxonomy":"news-source","embeddable":true,"href":"https:\/\/euapp01.newsmemory.com\/lamarseillaise\/news\/wp-json\/wp\/v2\/news-source?post=37677"},{"taxonomy":"is_homepage","embeddable":true,"href":"https:\/\/euapp01.newsmemory.com\/lamarseillaise\/news\/wp-json\/wp\/v2\/is_homepage?post=37677"},{"taxonomy":"ta_other","embeddable":true,"href":"https:\/\/euapp01.newsmemory.com\/lamarseillaise\/news\/wp-json\/wp\/v2\/ta_other?post=37677"}],"curies":[{"name":"wp","href":"https:\/\/api.w.org\/{rel}","templated":true}]}}