{"id":37674,"date":"2026-07-28T13:35:00","date_gmt":"2026-07-28T11:35:00","guid":{"rendered":"https:\/\/euapp01.newsmemory.com\/lamarseillaise\/news\/?p=37674"},"modified":"2026-07-29T07:00:26","modified_gmt":"2026-07-29T05:00:26","slug":"des-cours-gratuits-pour-que-les-petits-marseillais-apprennent-a-nager-en-mer","status":"publish","type":"post","link":"https:\/\/euapp01.newsmemory.com\/lamarseillaise\/news\/2026\/07\/28\/des-cours-gratuits-pour-que-les-petits-marseillais-apprennent-a-nager-en-mer\/","title":{"rendered":"Des cours gratuits pour que les petits Marseillais apprennent \u00e0 nager en mer"},"content":{"rendered":"<div class=\"paragraph\">\n<p>\u00c0 Marseille, un enfant sur trois ne sait pas nager. Pour y rem\u00e9dier et faire face aux nombreuses noyades de l\u2019\u00e9t\u00e9, la Ville de Marseille a mis en place le dispositif \u00ab\u00a0J\u2019apprends \u00e0 nager\u00a0\u00bb en partenariat avec la F\u00e9d\u00e9ration fran\u00e7aise de natation (FFN) pour former les enfants d\u00e8s leur plus jeune \u00e2ge. Les apprentis nageurs s\u2019engagent \u00e0 venir participer \u00e0 un cours d\u2019une heure par jour avec un moniteur pendant une semaine. Ils apprendront \u00e0 nager en mer et \u00e0 la fin des sept jours, ils seront autonomes et se verront d\u00e9livrer un dipl\u00f4me de natation. \u00c0 Marseille, 12\u00a0cours sont dispens\u00e9s par jour\u00a0: six ont lieu \u00e0 la plage du Proph\u00e8te, et six autres \u00e0 la plage de la Pointe Rouge.<\/p>\n<p>\u00ab <i>Avant le dispositif, il y avait 10<\/i><i>\u00a0<\/i><i>000 enfants qui apprenaient \u00e0 nager par an, aujourd\u2019hui, c\u2019est plus de 30 000<\/i><i>\u00a0<\/i>\u00bb<i>, <\/i>savoure<i> <\/i>\u00c9ric M\u00e9ry, adjoint aux sports de Beno\u00eet Payan. \u00ab\u00a0<i>Dans les quartiers populaires principalement, on sait que le manque d\u2019\u00e9quipements ou de moyens peut \u00eatre un frein \u00e0 l\u2019apprentissage, c\u2019est pourquoi on essaie de faire en sorte qu\u2019ils sachent tous nager avant de rentrer au coll\u00e8ge<\/i><i>\u00a0<\/i>\u00bb<i>, <\/i>analyse-t-il avant d\u2019ajouter : \u00ab\u00a0<i>Et apprendre la natation en mer est d\u2019autant plus formateur que les enfants apprennent \u00e0 s\u2019adapter aux \u00e9l\u00e9ments naturels. Dans une piscine, on est rassur\u00e9 par le bord, ici le bord c\u2019est la plage. Or, 90% des noyades ont lieu en milieu naturel.<\/i>\u00a0\u00bb<\/p>\n<p>En ce vendredi de juillet au matin, c\u2019est au tour des enfants du centre social Agora de la Busserine, de faire leurs premi\u00e8res brasses. Arriv\u00e9s d\u00e8s 8h30 dans l\u2019eau, les huit jeunes participants apprennent en s\u2019amusant. Ils s\u2019\u00e9claboussent, font l\u2019\u00e9toile de mer, jouent avec les frites et font des jeux avec le moniteur. \u00ab\u00a0<i>Allez on fait le petit train \u00e0 fond !<\/i><i>\u00a0<\/i>\u00bb \u00ab\u00a0<i>et 3,2,1&#8230; Planche<\/i><i>\u00a0<\/i><i>!<\/i><i>\u00a0<\/i>\u00bb Dans le petit carr\u00e9 d\u00e9limit\u00e9 par les lignes flottantes, tous sont ravis d\u2019\u00eatre l\u00e0. \u00c0 9h30, lorsque les enfants sortent de l\u2019eau et qu\u2019on leur demande s\u2019ils ont aim\u00e9, la r\u00e9ponse est unanime. \u00ab<i>\u00a0<\/i><i>C\u2019\u00e9tait trop trop bien !<\/i><i>\u00a0<\/i>\u00bb<i>,<\/i> s\u2019exclame Alya, 7\u00a0ans. Boubakar, 8\u00a0ans partage son avis : \u00ab\u00a0<i>J\u2019ai h\u00e2te de revenir demain !<\/i><i>\u00a0<\/i>\u00bb<\/p>\n<p>Pour compl\u00e9ter l\u2019apprentissage en mer, des piscines mobiles \u00e9ph\u00e9m\u00e8res sont mises en place dans les quartiers les moins bien \u00e9quip\u00e9s. Elles permettent aux riverains de pouvoir prendre des cours de natation ou d\u2019aquagym par exemple, sans avoir besoin d\u2019aller jusqu\u2019\u00e0 la plage du Proph\u00e8te ou \u00e0 la Pointe Rouge. Des cours d\u2019aisance aquatique sont aussi propos\u00e9s aux enfants de 4 \u00e0 8\u00a0ans afin de les familiariser au milieu. Face au succ\u00e8s, la Ville pr\u00e9voit de renouveler l\u2019op\u00e9ration chaque \u00e9t\u00e9.<\/p>\n<\/p><\/div>\n","protected":false},"excerpt":{"rendered":"&Agrave; Marseille, un enfant sur trois ne sait pas nager. Pour y rem&eacute;dier et faire face aux nombreuses noyades de l&rsquo;&eacute;t&eacute;, la Ville de Marseille a mis en place le dispositif &laquo;&nbsp;J&rsquo;apprends &agrave; &#8230;","protected":false},"author":1,"featured_media":37675,"comment_status":"open","ping_status":"open","sticky":false,"template":"","format":"standard","meta":{"footnotes":""},"categories":[3926,3924,20],"tags":[933,10,1437,16,85,1752],"news-destination":[3944],"news-source":[475],"is_homepage":[],"ta_other":[],"class_list":["post-37674","post","type-post","status-publish","format-standard","has-post-thumbnail","hentry","category-accueil-merge","category-accueil-second","category-societe","tag-apprentissage","tag-bouches-du-rhone","tag-eric-mery","tag-marseille","tag-mer","tag-natation","news-destination-homepage","news-source-website"],"_links":{"self":[{"href":"https:\/\/euapp01.newsmemory.com\/lamarseillaise\/news\/wp-json\/wp\/v2\/posts\/37674","targetHints":{"allow":["GET"]}}],"collection":[{"href":"https:\/\/euapp01.newsmemory.com\/lamarseillaise\/news\/wp-json\/wp\/v2\/posts"}],"about":[{"href":"https:\/\/euapp01.newsmemory.com\/lamarseillaise\/news\/wp-json\/wp\/v2\/types\/post"}],"author":[{"embeddable":true,"href":"https:\/\/euapp01.newsmemory.com\/lamarseillaise\/news\/wp-json\/wp\/v2\/users\/1"}],"replies":[{"embeddable":true,"href":"https:\/\/euapp01.newsmemory.com\/lamarseillaise\/news\/wp-json\/wp\/v2\/comments?post=37674"}],"version-history":[{"count":1,"href":"https:\/\/euapp01.newsmemory.com\/lamarseillaise\/news\/wp-json\/wp\/v2\/posts\/37674\/revisions"}],"predecessor-version":[{"id":37676,"href":"https:\/\/euapp01.newsmemory.com\/lamarseillaise\/news\/wp-json\/wp\/v2\/posts\/37674\/revisions\/37676"}],"wp:featuredmedia":[{"embeddable":true,"href":"https:\/\/euapp01.newsmemory.com\/lamarseillaise\/news\/wp-json\/wp\/v2\/media\/37675"}],"wp:attachment":[{"href":"https:\/\/euapp01.newsmemory.com\/lamarseillaise\/news\/wp-json\/wp\/v2\/media?parent=37674"}],"wp:term":[{"taxonomy":"category","embeddable":true,"href":"https:\/\/euapp01.newsmemory.com\/lamarseillaise\/news\/wp-json\/wp\/v2\/categories?post=37674"},{"taxonomy":"post_tag","embeddable":true,"href":"https:\/\/euapp01.newsmemory.com\/lamarseillaise\/news\/wp-json\/wp\/v2\/tags?post=37674"},{"taxonomy":"news-destination","embeddable":true,"href":"https:\/\/euapp01.newsmemory.com\/lamarseillaise\/news\/wp-json\/wp\/v2\/news-destination?post=37674"},{"taxonomy":"news-source","embeddable":true,"href":"https:\/\/euapp01.newsmemory.com\/lamarseillaise\/news\/wp-json\/wp\/v2\/news-source?post=37674"},{"taxonomy":"is_homepage","embeddable":true,"href":"https:\/\/euapp01.newsmemory.com\/lamarseillaise\/news\/wp-json\/wp\/v2\/is_homepage?post=37674"},{"taxonomy":"ta_other","embeddable":true,"href":"https:\/\/euapp01.newsmemory.com\/lamarseillaise\/news\/wp-json\/wp\/v2\/ta_other?post=37674"}],"curies":[{"name":"wp","href":"https:\/\/api.w.org\/{rel}","templated":true}]}}