{"id":37671,"date":"2026-07-28T07:35:00","date_gmt":"2026-07-28T05:35:00","guid":{"rendered":"https:\/\/euapp01.newsmemory.com\/lamarseillaise\/news\/?p=37671"},"modified":"2026-08-03T07:01:48","modified_gmt":"2026-08-03T05:01:48","slug":"accompagner-les-jeunes-vers-lemploi-et-la-formation-au-rove","status":"publish","type":"post","link":"https:\/\/euapp01.newsmemory.com\/lamarseillaise\/news\/2026\/07\/28\/accompagner-les-jeunes-vers-lemploi-et-la-formation-au-rove\/","title":{"rendered":"Accompagner les jeunes vers l&#8217;emploi et la formation au Rove"},"content":{"rendered":"<div class=\"paragraph\">\n<p>Des permanences de la mission locale sont organis\u00e9es dans le cadre de la convention conclue entre la Ville du Rove et la mission locale de Marseille, afin de faciliter l&#8217;acc\u00e8s aux droits et aux services pour les jeunes de la commune. Ce service de proximit\u00e9 permet aux jeunes Rovenains \u00e2g\u00e9s de 16 \u00e0 25\u00a0ans de b\u00e9n\u00e9ficier gratuitement d\u2019un accompagnement personnalis\u00e9, au plus pr\u00e8s de chez eux. Elles se tiennent en effet en mairie, de 9h \u00e0 12h, sans rendez-vous, et sont actuellement assur\u00e9es par Yvette Hua.<\/p>\n<p>Cet accompagnement porte ses fruits. Depuis le d\u00e9but de l\u2019ann\u00e9e 2026, 18\u00a0jeunes ont d\u00e9j\u00e0 \u00e9t\u00e9 accueillis ou accompagn\u00e9s lors des permanences organis\u00e9es au Rove. Parmi eux, deux sont entr\u00e9s en formation, quatre ont acc\u00e9d\u00e9 \u00e0 un emploi et un a sign\u00e9 un contrat en alternance.<\/p>\n<p>En 2025, 33\u00a0jeunes Rovenains \u00e9taient inscrits \u00e0 la mission locale de Marseille. Ils ont b\u00e9n\u00e9fici\u00e9 de 215\u00a0entretiens, ateliers ou informations collectives, et 29\u00a0jeunes ont int\u00e9gr\u00e9 un dispositif d&#8217;accompagnement, dont cinq en Contrat d\u2019engagement jeune (CEJ) et 24 en Parcours contractualis\u00e9 d\u2019accompagnement vers l\u2019emploi et l\u2019autonomie (Pacea). Enfin, toujours en 2025, deux jeunes de la commune ont b\u00e9n\u00e9fici\u00e9 du Fonds d\u2019aide aux jeunes (FAJ) pour un montant total de 1\u00a0340 euros, ainsi que de 2\u00a0682\u00a0euros d\u2019allocations Pacea, t\u00e9moignant de l\u2019importance de cet accompagnement pour favoriser leur insertion.<\/p>\n<p>Prochaine permanence le vendredi 31\u00a0juillet. \u00c0 partir de la rentr\u00e9e et jusqu\u2019\u00e0 la fin de l\u2019ann\u00e9e, les permanences sont programm\u00e9es les vendredis 11 et 25\u00a0septembre, les vendredis\u00a09 et 23\u00a0octobre, les vendredis 6 et 20\u00a0novembre, les vendredis 4 et 18\u00a0d\u00e9cembre.<\/p>\n<\/p><\/div>\n","protected":false},"excerpt":{"rendered":"Des permanences de la mission locale sont organis&eacute;es dans le cadre de la convention conclue entre la Ville du Rove et la mission locale de Marseille, afin de faciliter l&#8217;acc&egrave;s aux droits et aux services pour les jeunes de la commune. &#8230;","protected":false},"author":1,"featured_media":37672,"comment_status":"open","ping_status":"open","sticky":false,"template":"","format":"standard","meta":{"footnotes":""},"categories":[3926,3925,20],"tags":[302,505,59,1654],"news-destination":[3944],"news-source":[475],"is_homepage":[],"ta_other":[],"class_list":["post-37671","post","type-post","status-publish","format-standard","has-post-thumbnail","hentry","category-accueil-merge","category-accueil-third","category-societe","tag-emploi","tag-formation","tag-jeunes","tag-le-rove","news-destination-homepage","news-source-website"],"_links":{"self":[{"href":"https:\/\/euapp01.newsmemory.com\/lamarseillaise\/news\/wp-json\/wp\/v2\/posts\/37671","targetHints":{"allow":["GET"]}}],"collection":[{"href":"https:\/\/euapp01.newsmemory.com\/lamarseillaise\/news\/wp-json\/wp\/v2\/posts"}],"about":[{"href":"https:\/\/euapp01.newsmemory.com\/lamarseillaise\/news\/wp-json\/wp\/v2\/types\/post"}],"author":[{"embeddable":true,"href":"https:\/\/euapp01.newsmemory.com\/lamarseillaise\/news\/wp-json\/wp\/v2\/users\/1"}],"replies":[{"embeddable":true,"href":"https:\/\/euapp01.newsmemory.com\/lamarseillaise\/news\/wp-json\/wp\/v2\/comments?post=37671"}],"version-history":[{"count":1,"href":"https:\/\/euapp01.newsmemory.com\/lamarseillaise\/news\/wp-json\/wp\/v2\/posts\/37671\/revisions"}],"predecessor-version":[{"id":37673,"href":"https:\/\/euapp01.newsmemory.com\/lamarseillaise\/news\/wp-json\/wp\/v2\/posts\/37671\/revisions\/37673"}],"wp:featuredmedia":[{"embeddable":true,"href":"https:\/\/euapp01.newsmemory.com\/lamarseillaise\/news\/wp-json\/wp\/v2\/media\/37672"}],"wp:attachment":[{"href":"https:\/\/euapp01.newsmemory.com\/lamarseillaise\/news\/wp-json\/wp\/v2\/media?parent=37671"}],"wp:term":[{"taxonomy":"category","embeddable":true,"href":"https:\/\/euapp01.newsmemory.com\/lamarseillaise\/news\/wp-json\/wp\/v2\/categories?post=37671"},{"taxonomy":"post_tag","embeddable":true,"href":"https:\/\/euapp01.newsmemory.com\/lamarseillaise\/news\/wp-json\/wp\/v2\/tags?post=37671"},{"taxonomy":"news-destination","embeddable":true,"href":"https:\/\/euapp01.newsmemory.com\/lamarseillaise\/news\/wp-json\/wp\/v2\/news-destination?post=37671"},{"taxonomy":"news-source","embeddable":true,"href":"https:\/\/euapp01.newsmemory.com\/lamarseillaise\/news\/wp-json\/wp\/v2\/news-source?post=37671"},{"taxonomy":"is_homepage","embeddable":true,"href":"https:\/\/euapp01.newsmemory.com\/lamarseillaise\/news\/wp-json\/wp\/v2\/is_homepage?post=37671"},{"taxonomy":"ta_other","embeddable":true,"href":"https:\/\/euapp01.newsmemory.com\/lamarseillaise\/news\/wp-json\/wp\/v2\/ta_other?post=37671"}],"curies":[{"name":"wp","href":"https:\/\/api.w.org\/{rel}","templated":true}]}}