{"id":37668,"date":"2026-07-28T07:35:00","date_gmt":"2026-07-28T05:35:00","guid":{"rendered":"https:\/\/euapp01.newsmemory.com\/lamarseillaise\/news\/?p=37668"},"modified":"2026-08-01T08:46:38","modified_gmt":"2026-08-01T06:46:38","slug":"la-filiere-eolienne-se-structure-le-projet-deos-se-clarifie-a-fos-sur-mer","status":"publish","type":"post","link":"https:\/\/euapp01.newsmemory.com\/lamarseillaise\/news\/2026\/07\/28\/la-filiere-eolienne-se-structure-le-projet-deos-se-clarifie-a-fos-sur-mer\/","title":{"rendered":"La fili\u00e8re \u00e9olienne se structure, le projet DEOS se clarifie \u00e0 Fos-sur-Mer"},"content":{"rendered":"<div class=\"paragraph\">\n<p>Lors du bilan du premier semestre du Grand Port maritime de Marseille-Fos (GPMM), le 10\u00a0juillet, Herv\u00e9 Martel avait pr\u00e9venu : \u00ab\u00a0<i>L\u2019\u00e9olien est une fili\u00e8re qui se structure, avec un jeu d\u2019acteurs priv\u00e9s, fran\u00e7ais et internationaux, et un march\u00e9 qui se clarifie au fil des d\u00e9cisions. (&#8230;) Ils y voient clair sur leur march\u00e9, on y voit clair sur nos subventions, on signe un contrat et on d\u00e9marre <\/i>[le projet DEOS, D\u00e9veloppement de l\u2019\u00e9olien offshore, Ndlr].\u00a0\u00bb Deux jours plus tard, l\u2019institution portuaire cl\u00f4turait son appel \u00e0 manifestation pour trouver preneur, via une convention d\u2019occupation temporaire, du foncier de 30\u00a0ha dans ses bassins ouest pour lancer l\u2019am\u00e9nagement de la plateforme d\u00e9but 2028.<\/p>\n<p>BW Ideol (concepteur de la fondation flottante en b\u00e9ton Damping Pool) et NGE (4<sup>e<\/sup>\u00a0groupe fran\u00e7ais de BTP) annoncent s\u2019\u00eatre associ\u00e9s pour d\u00e9poser leur candidature. L\u2019accord sign\u00e9 pr\u00e9voit un partenariat \u00e0 parts \u00e9gales dans Fos3F, qui vise \u00e0 d\u00e9velopper une ligne de fabrication en s\u00e9rie dimensionn\u00e9e pour produire environ 30\u00a0flotteurs par an, soit une capacit\u00e9 annuelle d\u2019environ 500\u00a0MW. L\u2019an dernier, 126\u00a0millions d\u2019euros de financements publics avaient \u00e9t\u00e9 s\u00e9curis\u00e9s pour ce projet \u00e0 200\u00a0millions d\u2019euros.<\/p>\n<\/p><\/div>\n<div class=\"intext\"> Un moment cl\u00e9\n              <\/div>\n<div class=\"paragraph\">\n<p>Le pr\u00e9sident de BW Ideol souligne : \u00ab\u00a0<i>C\u2019est une r\u00e9ponse souveraine aux besoins de la transition \u00e9nerg\u00e9tique : des fondations con\u00e7ues et fabriqu\u00e9es en France, \u00e0 partir de mat\u00e9riaux sourc\u00e9s localement, avec plus de 1<\/i><i>\u00a0<\/i><i>300<\/i><i>\u00a0<\/i><i>emplois directs \u00e0 la cl\u00e9 pour le territoire<\/i>.\u00a0\u00bb Il rappelle : \u00ab\u00a0<i>Ce partenariat concr\u00e9tise la cr\u00e9ation d\u2019une nouvelle fili\u00e8re industrielle de fabrication en s\u00e9rie de fondations flottantes, au moment o\u00f9 l\u2019\u00c9tat lance avec l\u2019AO10 le plus important appel d\u2019offres jamais engag\u00e9 pour l\u2019\u00e9olien en mer<\/i>.\u00a0\u00bb L\u2019attribution de l\u2019appel d\u2019offres, qui porte \u00e0 plus de 5\u00a0GW le d\u00e9veloppement cumul\u00e9 de l\u2019\u00e9olien flottant en France dont 3,7\u00a0GW sur la fa\u00e7ade m\u00e9diterran\u00e9enne, devrait \u00eatre connue d\u2019ici le premier trimestre 2027.<\/p>\n<p>L\u2019AO6, lui, a \u00e9t\u00e9 remport\u00e9 par Ocean Winds et \u00c9oliennes M\u00e9diterran\u00e9e Grand Large pour une capacit\u00e9 totale de 500\u00a0MW. La plateforme DEOS respecte son calendrier.<\/p>\n<p>Au total, 330\u00a0millions d\u2019euros seront investis sur la zone Fos 3XL pour proposer une infrastructure, \u00ab\u00a0<i>un \u00e9l\u00e9ment de la solution logistique<\/i><i>\u00a0<\/i>\u00bb \u00e0 l\u2019op\u00e9rateur choisi. Le ministre des Transports Philippe Tabarot a d\u2019ores et d\u00e9j\u00e0 annonc\u00e9 le concours de l\u2019Ademe \u00e0 hauteur de 82,3\u00a0millions d\u2019euros. \u00ab\u00a0<i>On travaille \u00e0 d\u2019autres financements, notamment europ\u00e9ens<\/i>\u00a0\u00bb, avait pr\u00e9cis\u00e9 le pr\u00e9sident du directoire le 10\u00a0juillet.<\/p>\n<\/p><\/div>\n","protected":false},"excerpt":{"rendered":"Lors du bilan du premier semestre du Grand Port maritime de Marseille-Fos (GPMM), le 10&nbsp;juillet, Herv&eacute; Martel avait pr&eacute;venu : &laquo;&nbsp;L&rsquo;&eacute;olien est une fili&egrave;re qui se structure, avec un jeu d&rsquo;acteurs &#8230;","protected":false},"author":1,"featured_media":37669,"comment_status":"open","ping_status":"open","sticky":false,"template":"","format":"standard","meta":{"footnotes":""},"categories":[3926,3925,338],"tags":[10,545,2853,5984,4639,1366,887,482,93,2273,1586,3487,4826,1095,4749,2210],"news-destination":[3944],"news-source":[475],"is_homepage":[],"ta_other":[],"class_list":["post-37668","post","type-post","status-publish","format-standard","has-post-thumbnail","hentry","category-accueil-merge","category-accueil-third","category-economie","tag-bouches-du-rhone","tag-candidature","tag-eolien-en-mer","tag-eolien-offshore","tag-eoliennes","tag-filiere","tag-financements","tag-fos-sur-mer","tag-grand-port-maritime-de-marseille","tag-herve-martel","tag-logistique","tag-marseille-fos","tag-parc-eolien","tag-partenariat","tag-philippe-tabarot","tag-transition-energetique","news-destination-homepage","news-source-website"],"_links":{"self":[{"href":"https:\/\/euapp01.newsmemory.com\/lamarseillaise\/news\/wp-json\/wp\/v2\/posts\/37668","targetHints":{"allow":["GET"]}}],"collection":[{"href":"https:\/\/euapp01.newsmemory.com\/lamarseillaise\/news\/wp-json\/wp\/v2\/posts"}],"about":[{"href":"https:\/\/euapp01.newsmemory.com\/lamarseillaise\/news\/wp-json\/wp\/v2\/types\/post"}],"author":[{"embeddable":true,"href":"https:\/\/euapp01.newsmemory.com\/lamarseillaise\/news\/wp-json\/wp\/v2\/users\/1"}],"replies":[{"embeddable":true,"href":"https:\/\/euapp01.newsmemory.com\/lamarseillaise\/news\/wp-json\/wp\/v2\/comments?post=37668"}],"version-history":[{"count":1,"href":"https:\/\/euapp01.newsmemory.com\/lamarseillaise\/news\/wp-json\/wp\/v2\/posts\/37668\/revisions"}],"predecessor-version":[{"id":37670,"href":"https:\/\/euapp01.newsmemory.com\/lamarseillaise\/news\/wp-json\/wp\/v2\/posts\/37668\/revisions\/37670"}],"wp:featuredmedia":[{"embeddable":true,"href":"https:\/\/euapp01.newsmemory.com\/lamarseillaise\/news\/wp-json\/wp\/v2\/media\/37669"}],"wp:attachment":[{"href":"https:\/\/euapp01.newsmemory.com\/lamarseillaise\/news\/wp-json\/wp\/v2\/media?parent=37668"}],"wp:term":[{"taxonomy":"category","embeddable":true,"href":"https:\/\/euapp01.newsmemory.com\/lamarseillaise\/news\/wp-json\/wp\/v2\/categories?post=37668"},{"taxonomy":"post_tag","embeddable":true,"href":"https:\/\/euapp01.newsmemory.com\/lamarseillaise\/news\/wp-json\/wp\/v2\/tags?post=37668"},{"taxonomy":"news-destination","embeddable":true,"href":"https:\/\/euapp01.newsmemory.com\/lamarseillaise\/news\/wp-json\/wp\/v2\/news-destination?post=37668"},{"taxonomy":"news-source","embeddable":true,"href":"https:\/\/euapp01.newsmemory.com\/lamarseillaise\/news\/wp-json\/wp\/v2\/news-source?post=37668"},{"taxonomy":"is_homepage","embeddable":true,"href":"https:\/\/euapp01.newsmemory.com\/lamarseillaise\/news\/wp-json\/wp\/v2\/is_homepage?post=37668"},{"taxonomy":"ta_other","embeddable":true,"href":"https:\/\/euapp01.newsmemory.com\/lamarseillaise\/news\/wp-json\/wp\/v2\/ta_other?post=37668"}],"curies":[{"name":"wp","href":"https:\/\/api.w.org\/{rel}","templated":true}]}}