{"id":37665,"date":"2026-07-28T07:36:00","date_gmt":"2026-07-28T05:36:00","guid":{"rendered":"https:\/\/euapp01.newsmemory.com\/lamarseillaise\/news\/?p=37665"},"modified":"2026-08-03T07:14:50","modified_gmt":"2026-08-03T05:14:50","slug":"dans-le-vaucluse-un-collectif-denonce-la-baisse-des-indemnisations-des-malades","status":"publish","type":"post","link":"https:\/\/euapp01.newsmemory.com\/lamarseillaise\/news\/2026\/07\/28\/dans-le-vaucluse-un-collectif-denonce-la-baisse-des-indemnisations-des-malades\/","title":{"rendered":"Dans le Vaucluse, un collectif d\u00e9nonce la baisse des indemnisations des malades"},"content":{"rendered":"<div class=\"paragraph\">\n<p>Face aux r\u00e9ductions demand\u00e9es par l\u2019\u00c9tat sur les accidents du travail et les maladies professionnelles, le Collectif Amiante Pays de Sorgues (Caps)\u00a084 se mobilise. L\u2019association assure en effet que le gouvernement a demand\u00e9 aux partenaires sociaux de trouver 800\u00a0millions d\u2019euros d\u2019\u00e9conomies sur ces branches, \u00ab\u00a0<i>pile le montant des recettes supprim\u00e9es pendant la r\u00e9forme des retraites de 2023<\/i>\u00a0\u00bb, regrette Guy de Zordi, pr\u00e9sident de la structure.<\/p>\n<p>\u00ab\u00a0<i>Dites aux victimes de l\u2019amiante, aux familles endeuill\u00e9es, que l\u2019on veut r\u00e9duire les d\u00e9penses sur leur dos. Que les malades co\u00fbtent trop cher. Alors que ce sont parfois des ouvriers expos\u00e9s \u00e0 des substances canc\u00e9rig\u00e8nes depuis des ann\u00e9es. Ce sont des attaques contre le monde du travail<\/i>\u00a0\u00bb, poursuit-il, exc\u00e9d\u00e9. \u00ab\u00a0<i>On a d\u00e9j\u00e0 les personnes qui sont touch\u00e9es par la maladie, et l\u00e0, elles vont \u00eatre touch\u00e9es encore deux fois parce qu\u2019on va refuser les indemnit\u00e9s<\/i><i>\u00a0<\/i>\u00bb, abonde Michel Solb\u00e8s, secr\u00e9taire de la Caps.<\/p>\n<p>Une politique qui influe sur le travail des membres de la Caps, qui s\u2019occupent des dossiers de familles touch\u00e9es par l\u2019amiante. \u00ab\u00a0<i>Avant, on avait une r\u00e9ponse en trois mois. Maintenant, on attend souvent pas moins d\u2019un an et demi<\/i>\u00a0\u00bb, illustre \u00c9douard, membre actif. Pour le pr\u00e9sident de la Caps, \u00ab\u00a0<i>\u00e7a passera forc\u00e9ment par le portefeuille des Fran\u00e7ais<\/i><i>\u00a0<\/i>\u00bb<i>. <\/i>Et il constate avec ses comp\u00e8res qu\u2019il y a<i> <\/i>\u00ab\u00a0<i>de plus en plus d\u2019entraves<\/i>\u00a0\u00bb, avec \u00ab\u00a0<i>de plus en plus de justificatifs<\/i><i>\u00a0<\/i>\u00bb demand\u00e9s aux victimes.<\/p>\n<\/p><\/div>\n<div class=\"intext\"> La Caps alerte les \u00e9lus\n              <\/div>\n<div class=\"paragraph\">\n<p>Face \u00e0 cette possibilit\u00e9, la structure tente de se mettre en relation avec les personnalit\u00e9s politiques locales. Apr\u00e8s des discussions pr\u00e9vues avec plusieurs parlementaires, tels que le s\u00e9nateur Lucien Stanzione (PS) ou le d\u00e9put\u00e9 Rapha\u00ebl Arnault (LFI-NFP), des \u00e9changes sont \u00e9galement mis en place avec les maires du d\u00e9partement. Le maire de Sorgues, Thierry Lagneau (LR), dans un courrier que <i>La<\/i><i>\u00a0<\/i><i>Marseillaise<\/i> a pu consulter, a demand\u00e9 le soutien de l\u2019Association des maires de Vaucluse (AMV84). Il y \u00ab\u00a0<i>tient \u00e0 souligner l\u2019importance du travail accompli<\/i>\u00a0\u00bb par les b\u00e9n\u00e9voles de la structure, \u00ab\u00a0<i>tant dans l\u2019accompagnement des victimes de l\u2019exposition \u00e0 l\u2019amiante que dans les actions d\u2019information, de pr\u00e9vention et de sensibilisation men\u00e9es aupr\u00e8s des collectivit\u00e9s et du grand public<\/i>\u00a0\u00bb.<\/p>\n<p>\u00c0 travers cette aide de l\u2019AMV84, la Caps pourrait sensibiliser l\u2019ensemble des \u00e9diles vauclusiens sur ces questions. \u00ab<i>\u00a0<\/i><i>On estime qu\u2019il y a 70<\/i><i>\u00a0<\/i><i>% des \u00e9coles qui n\u2019ont pas encore \u00e9t\u00e9 diagnostiqu\u00e9es alors que c\u2019est cens\u00e9 \u00eatre obligatoire<\/i>\u00a0\u00bb, pr\u00e9cise Michel Solb\u00e8s. Le collectif sera aussi pr\u00e9sent au forum des associations de Sorgues, le samedi 5\u00a0septembre. \u00ab<i>\u00a0<\/i><i>Il faut penser \u00e0 renouveler les membres pour cette bataille<\/i><i>\u00a0<\/i>\u00bb, glissent les responsables. Mais pas question de stopper la mobilisation. D\u2019autres actions sont envisag\u00e9es dans les mois \u00e0 venir afin d\u2019alerter sur la probl\u00e9matique.<\/p>\n<\/p><\/div>\n","protected":false},"excerpt":{"rendered":"Face aux r&eacute;ductions demand&eacute;es par l&rsquo;&Eacute;tat sur les accidents du travail et les maladies professionnelles, le Collectif Amiante Pays de Sorgues (Caps)&nbsp;84 se mobilise. L&rsquo;association assure en effet que le &#8230;","protected":false},"author":1,"featured_media":37666,"comment_status":"open","ping_status":"open","sticky":false,"template":"","format":"standard","meta":{"footnotes":""},"categories":[3926,3925,331],"tags":[2739,208,4453,1085,171],"news-destination":[3944],"news-source":[475],"is_homepage":[],"ta_other":[],"class_list":["post-37665","post","type-post","status-publish","format-standard","has-post-thumbnail","hentry","category-accueil-merge","category-accueil-third","category-social","tag-amiante","tag-collectivites","tag-monde-du-travail","tag-sensibilisation","tag-vaucluse","news-destination-homepage","news-source-website"],"_links":{"self":[{"href":"https:\/\/euapp01.newsmemory.com\/lamarseillaise\/news\/wp-json\/wp\/v2\/posts\/37665","targetHints":{"allow":["GET"]}}],"collection":[{"href":"https:\/\/euapp01.newsmemory.com\/lamarseillaise\/news\/wp-json\/wp\/v2\/posts"}],"about":[{"href":"https:\/\/euapp01.newsmemory.com\/lamarseillaise\/news\/wp-json\/wp\/v2\/types\/post"}],"author":[{"embeddable":true,"href":"https:\/\/euapp01.newsmemory.com\/lamarseillaise\/news\/wp-json\/wp\/v2\/users\/1"}],"replies":[{"embeddable":true,"href":"https:\/\/euapp01.newsmemory.com\/lamarseillaise\/news\/wp-json\/wp\/v2\/comments?post=37665"}],"version-history":[{"count":1,"href":"https:\/\/euapp01.newsmemory.com\/lamarseillaise\/news\/wp-json\/wp\/v2\/posts\/37665\/revisions"}],"predecessor-version":[{"id":37667,"href":"https:\/\/euapp01.newsmemory.com\/lamarseillaise\/news\/wp-json\/wp\/v2\/posts\/37665\/revisions\/37667"}],"wp:featuredmedia":[{"embeddable":true,"href":"https:\/\/euapp01.newsmemory.com\/lamarseillaise\/news\/wp-json\/wp\/v2\/media\/37666"}],"wp:attachment":[{"href":"https:\/\/euapp01.newsmemory.com\/lamarseillaise\/news\/wp-json\/wp\/v2\/media?parent=37665"}],"wp:term":[{"taxonomy":"category","embeddable":true,"href":"https:\/\/euapp01.newsmemory.com\/lamarseillaise\/news\/wp-json\/wp\/v2\/categories?post=37665"},{"taxonomy":"post_tag","embeddable":true,"href":"https:\/\/euapp01.newsmemory.com\/lamarseillaise\/news\/wp-json\/wp\/v2\/tags?post=37665"},{"taxonomy":"news-destination","embeddable":true,"href":"https:\/\/euapp01.newsmemory.com\/lamarseillaise\/news\/wp-json\/wp\/v2\/news-destination?post=37665"},{"taxonomy":"news-source","embeddable":true,"href":"https:\/\/euapp01.newsmemory.com\/lamarseillaise\/news\/wp-json\/wp\/v2\/news-source?post=37665"},{"taxonomy":"is_homepage","embeddable":true,"href":"https:\/\/euapp01.newsmemory.com\/lamarseillaise\/news\/wp-json\/wp\/v2\/is_homepage?post=37665"},{"taxonomy":"ta_other","embeddable":true,"href":"https:\/\/euapp01.newsmemory.com\/lamarseillaise\/news\/wp-json\/wp\/v2\/ta_other?post=37665"}],"curies":[{"name":"wp","href":"https:\/\/api.w.org\/{rel}","templated":true}]}}