{"id":37662,"date":"2026-07-28T07:36:00","date_gmt":"2026-07-28T05:36:00","guid":{"rendered":"https:\/\/euapp01.newsmemory.com\/lamarseillaise\/news\/?p=37662"},"modified":"2026-08-03T07:14:50","modified_gmt":"2026-08-03T05:14:50","slug":"a-aix-en-provence-pierre-gauthier-honore-pour-ses-quatre-decennies-au-roy-rene","status":"publish","type":"post","link":"https:\/\/euapp01.newsmemory.com\/lamarseillaise\/news\/2026\/07\/28\/a-aix-en-provence-pierre-gauthier-honore-pour-ses-quatre-decennies-au-roy-rene\/","title":{"rendered":"A Aix-en-Provence, Pierre Gauthier honor\u00e9 pour ses quatre d\u00e9cennies au Roy Ren\u00e9"},"content":{"rendered":"<div class=\"paragraph\">\n<p>Quarante ans de carri\u00e8re r\u00e9compens\u00e9s et une m\u00e9daille du M\u00e9rite. C\u2019est le parcours r\u00e9ussi de Pierre Gauthier, confiseur embl\u00e9matique de la maison Roy Ren\u00e9. Celui qui prendra prochainement sa retraite a re\u00e7u, le 23\u00a0juillet, une m\u00e9daille du M\u00e9rite. Un t\u00e9moignage de <i>\u00ab<\/i><i>\u00a0<\/i><i>reconnaissance pour le parcours d\u2019exception<\/i><i>\u00a0<\/i><i>\u00bb <\/i>de ce salari\u00e9, explique l\u2019entreprise dans un communiqu\u00e9.<\/p>\n<p>C\u2019est peu apr\u00e8s son service militaire, en mars 1987, que ce dernier int\u00e8gre la confiserie. <i>\u00ab<\/i><i>\u00a0<\/i><i>Il y d\u00e9couvre les gestes centenaires du calisson et la pr\u00e9cision du nougat. Il ne repartira plus<\/i><i>\u00a0<\/i><i>\u00bb<\/i>, raconte l\u2019entreprise. Pass\u00e9 par toute la cha\u00eene de fabrication, du conditionnement \u00e0 la production des confiseries, il a travaill\u00e9 toute sa vie \u00e0 la pr\u00e9paration des c\u00e9l\u00e8bres calissons, nougats ou caramels \u00e0 l\u2019huile d\u2019olive de la maison Roy Ren\u00e9. <i>\u00ab<\/i><i>\u00a0<\/i><i>Une vie enti\u00e8re d\u00e9di\u00e9e \u00e0 l\u2019art du confiseur proven\u00e7al<\/i><i>\u00a0<\/i><i>\u00bb<\/i>, salu\u00e9e par cette derni\u00e8re, qui ajoute la <i>\u00ab<\/i><i>\u00a0<\/i><i>rigueur et le soin<\/i><i>\u00a0<\/i><i>\u00bb <\/i>de Pierre Gauthier dans son travail.<\/p>\n<p><i>\u00ab<\/i><i>\u00a0<\/i><i>C\u2019est gr\u00e2ce \u00e0 lui, et \u00e0 tous ceux qui lui ressemblent, que nous pouvons affirmer fi\u00e8rement que le Roy Ren\u00e9, depuis 1920, ne transmet pas seulement des recettes, il transmet la passion d\u2019\u00eatre confiseur<\/i><i>\u00a0<\/i><i>\u00bb<\/i>, souligne Laure Pierrisnard, directrice g\u00e9n\u00e9rale de la Confiserie du Roy Ren\u00e9.<\/p>\n<\/p><\/div>\n<div class=\"intext\"> Plus qu\u2019une r\u00e9compense individuelle\n              <\/div>\n<div class=\"paragraph\">\n<p><span class=\"mln_uppercase_mln\">\u00e0<\/span> travers ce prix, la maison rappelle que \u00ab<i>\u00a0<\/i><i>derri\u00e8re chaque calisson, chaque barre de nougat, il y a des hommes et des femmes qui sont les v\u00e9ritables gardiens<\/i><i>\u00a0<\/i>\u00bb du savoir-faire r\u00e9gional, au c\u0153ur d\u2019une entreprise fond\u00e9e il y a plus de 100\u00a0ans.<\/p>\n<p>En effet, la Maison met en avant le travail de ce confiseur\u00a0: \u00ab\u00a0<i>Ses mains ont accompagn\u00e9 la transformation du petit atelier familial en premier fabricant de calissons d\u2019Aix-en-France.<\/i>\u00a0\u00bb Pendant pr\u00e8s de quarante ans, Pierre Gauthier, comme d\u2019autres salari\u00e9s, a vu l\u2019entreprise se d\u00e9velopper. Une adaptation \u00ab\u00a0<i>aux nouvelles machines et aux exigences croissantes d\u2019une maison en plein essor<\/i>\u00a0\u00bb, salu\u00e9e par la direction dans son communiqu\u00e9.<\/p>\n<\/p><\/div>\n","protected":false},"excerpt":{"rendered":"Quarante ans de carri&egrave;re r&eacute;compens&eacute;s et une m&eacute;daille du M&eacute;rite. C&rsquo;est le parcours r&eacute;ussi de Pierre Gauthier, confiseur embl&eacute;matique de la maison Roy Ren&eacute;. Celui qui prendra prochainement &#8230;","protected":false},"author":1,"featured_media":37663,"comment_status":"open","ping_status":"open","sticky":false,"template":"","format":"standard","meta":{"footnotes":""},"categories":[3926,3925,20],"tags":[556,2582,3006,6124],"news-destination":[3944],"news-source":[475],"is_homepage":[],"ta_other":[],"class_list":["post-37662","post","type-post","status-publish","format-standard","has-post-thumbnail","hentry","category-accueil-merge","category-accueil-third","category-societe","tag-aix-en-provence","tag-medailles","tag-recompense","tag-roy-rene","news-destination-homepage","news-source-website"],"_links":{"self":[{"href":"https:\/\/euapp01.newsmemory.com\/lamarseillaise\/news\/wp-json\/wp\/v2\/posts\/37662","targetHints":{"allow":["GET"]}}],"collection":[{"href":"https:\/\/euapp01.newsmemory.com\/lamarseillaise\/news\/wp-json\/wp\/v2\/posts"}],"about":[{"href":"https:\/\/euapp01.newsmemory.com\/lamarseillaise\/news\/wp-json\/wp\/v2\/types\/post"}],"author":[{"embeddable":true,"href":"https:\/\/euapp01.newsmemory.com\/lamarseillaise\/news\/wp-json\/wp\/v2\/users\/1"}],"replies":[{"embeddable":true,"href":"https:\/\/euapp01.newsmemory.com\/lamarseillaise\/news\/wp-json\/wp\/v2\/comments?post=37662"}],"version-history":[{"count":1,"href":"https:\/\/euapp01.newsmemory.com\/lamarseillaise\/news\/wp-json\/wp\/v2\/posts\/37662\/revisions"}],"predecessor-version":[{"id":37664,"href":"https:\/\/euapp01.newsmemory.com\/lamarseillaise\/news\/wp-json\/wp\/v2\/posts\/37662\/revisions\/37664"}],"wp:featuredmedia":[{"embeddable":true,"href":"https:\/\/euapp01.newsmemory.com\/lamarseillaise\/news\/wp-json\/wp\/v2\/media\/37663"}],"wp:attachment":[{"href":"https:\/\/euapp01.newsmemory.com\/lamarseillaise\/news\/wp-json\/wp\/v2\/media?parent=37662"}],"wp:term":[{"taxonomy":"category","embeddable":true,"href":"https:\/\/euapp01.newsmemory.com\/lamarseillaise\/news\/wp-json\/wp\/v2\/categories?post=37662"},{"taxonomy":"post_tag","embeddable":true,"href":"https:\/\/euapp01.newsmemory.com\/lamarseillaise\/news\/wp-json\/wp\/v2\/tags?post=37662"},{"taxonomy":"news-destination","embeddable":true,"href":"https:\/\/euapp01.newsmemory.com\/lamarseillaise\/news\/wp-json\/wp\/v2\/news-destination?post=37662"},{"taxonomy":"news-source","embeddable":true,"href":"https:\/\/euapp01.newsmemory.com\/lamarseillaise\/news\/wp-json\/wp\/v2\/news-source?post=37662"},{"taxonomy":"is_homepage","embeddable":true,"href":"https:\/\/euapp01.newsmemory.com\/lamarseillaise\/news\/wp-json\/wp\/v2\/is_homepage?post=37662"},{"taxonomy":"ta_other","embeddable":true,"href":"https:\/\/euapp01.newsmemory.com\/lamarseillaise\/news\/wp-json\/wp\/v2\/ta_other?post=37662"}],"curies":[{"name":"wp","href":"https:\/\/api.w.org\/{rel}","templated":true}]}}