{"id":37659,"date":"2026-07-28T07:37:00","date_gmt":"2026-07-28T05:37:00","guid":{"rendered":"https:\/\/euapp01.newsmemory.com\/lamarseillaise\/news\/?p=37659"},"modified":"2026-08-03T07:14:50","modified_gmt":"2026-08-03T05:14:50","slug":"lfi-a-la-conquete-des-alpes-avec-sa-caravane-et-ses-candidats","status":"publish","type":"post","link":"https:\/\/euapp01.newsmemory.com\/lamarseillaise\/news\/2026\/07\/28\/lfi-a-la-conquete-des-alpes-avec-sa-caravane-et-ses-candidats\/","title":{"rendered":"LFI \u00e0 la conqu\u00eate des Alpes avec sa caravane et ses candidats"},"content":{"rendered":"<div class=\"paragraph\">\n<p>Ce n\u2019est pas par hasard que le quartier de Beaulieu, \u00e0 Sisteron, a \u00e9t\u00e9 choisi comme \u00e9tape par LFI pour la tourn\u00e9e de sa \u00ab\u00a0<i>caravane populaire<\/i><i>\u00a0<\/i>\u00bb : c\u2019est un quartier populaire, et surtout, un quartier qui vote tr\u00e8s peu. Le taux d\u2019abstention y est particuli\u00e8rement \u00e9lev\u00e9. Et LFI a choisi de mettre l\u2019accent sur la mobilisation des abstentionnistes, ou des personnes non inscrites sur les listes \u00e9lectorales.<\/p>\n<p>C\u2019\u00e9tait le cas de tr\u00e8s nombreux habitants crois\u00e9s en porte \u00e0 porte par les militants lundi soir, pour certains difficiles \u00e0 convaincre. \u00ab\u00a0<i>Avoir une d\u00e9put\u00e9e d\u2019extr\u00eame droite ? Cela ne me d\u00e9range pas, c\u2019est pas grave, chacun vote comme il veut<\/i><i>\u00a0<\/i>\u00bb, r\u00e9pond un habitant \u00e0 L\u00e9o Walter, ancien d\u00e9put\u00e9 LFI du d\u00e9partement. D\u2019autres, plus r\u00e9ceptifs, apprennent avec les militants \u00e0 s\u2019inscrire sur les listes \u00e9lectorales. \u00ab\u00a0<i>20% des gens sont mal inscrits ou pas inscrits<\/i><i>\u00a0<\/i>\u00bb, d\u00e9plore Juliette Lanos, militante LFI \u00e0 Clermont-Ferrand, qui s\u2019est lanc\u00e9e dans la tourn\u00e9e de la caravane du Sud de la France. Trois autres caravanes populaires parcourent le Nord, l\u2019Est et l\u2019Ouest. L\u2019id\u00e9e est \u00e9galement de \u00ab\u00a0<i>montrer que les insoumis ne partent pas en vacances<\/i><i>\u00a0<\/i>\u00bb et restent actifs m\u00eame en dehors des p\u00e9riodes \u00e9lectorales, avance \u00c9douard Richard, militant lillois. \u00ab\u00a0<i>Quand on discute, qu\u2019on parle de fond, du programme, tr\u00e8s vite, la diabolisation du personnage de M\u00e9lenchon passe au second plan<\/i><i>\u00a0<\/i>\u00bb, affirme Juliette Lanos.<\/p>\n<p>LFI a \u00e9galement profit\u00e9 de cette journ\u00e9e pour annoncer ses candidats pour les s\u00e9natoriales : Marianne Mougey, mara\u00eech\u00e8re et conseill\u00e8re municipale de Thoard et Maxime Mazi, responsable d\u2019une biscuiterie-chocolaterie \u00e0 Volx.<\/p>\n<\/p><\/div>\n","protected":false},"excerpt":{"rendered":"Ce n&rsquo;est pas par hasard que le quartier de Beaulieu, &agrave; Sisteron, a &eacute;t&eacute; choisi comme &eacute;tape par LFI pour la tourn&eacute;e de sa &laquo;&nbsp;caravane populaire&nbsp;&raquo; : c&rsquo;est un quartier populaire, et &#8230;","protected":false},"author":1,"featured_media":37660,"comment_status":"open","ping_status":"open","sticky":false,"template":"","format":"standard","meta":{"footnotes":""},"categories":[3926,3925,330],"tags":[4768,4467,789,5899,540,541,1079,191,5195],"news-destination":[3944],"news-source":[475],"is_homepage":[],"ta_other":[],"class_list":["post-37659","post","type-post","status-publish","format-standard","has-post-thumbnail","hentry","category-accueil-merge","category-accueil-third","category-politique","tag-alpes","tag-alpes-de-haute-provence","tag-campagne-electorale","tag-caravane","tag-gauche","tag-lfi","tag-militantisme","tag-politique","tag-senatoriales","news-destination-homepage","news-source-website"],"_links":{"self":[{"href":"https:\/\/euapp01.newsmemory.com\/lamarseillaise\/news\/wp-json\/wp\/v2\/posts\/37659","targetHints":{"allow":["GET"]}}],"collection":[{"href":"https:\/\/euapp01.newsmemory.com\/lamarseillaise\/news\/wp-json\/wp\/v2\/posts"}],"about":[{"href":"https:\/\/euapp01.newsmemory.com\/lamarseillaise\/news\/wp-json\/wp\/v2\/types\/post"}],"author":[{"embeddable":true,"href":"https:\/\/euapp01.newsmemory.com\/lamarseillaise\/news\/wp-json\/wp\/v2\/users\/1"}],"replies":[{"embeddable":true,"href":"https:\/\/euapp01.newsmemory.com\/lamarseillaise\/news\/wp-json\/wp\/v2\/comments?post=37659"}],"version-history":[{"count":1,"href":"https:\/\/euapp01.newsmemory.com\/lamarseillaise\/news\/wp-json\/wp\/v2\/posts\/37659\/revisions"}],"predecessor-version":[{"id":37661,"href":"https:\/\/euapp01.newsmemory.com\/lamarseillaise\/news\/wp-json\/wp\/v2\/posts\/37659\/revisions\/37661"}],"wp:featuredmedia":[{"embeddable":true,"href":"https:\/\/euapp01.newsmemory.com\/lamarseillaise\/news\/wp-json\/wp\/v2\/media\/37660"}],"wp:attachment":[{"href":"https:\/\/euapp01.newsmemory.com\/lamarseillaise\/news\/wp-json\/wp\/v2\/media?parent=37659"}],"wp:term":[{"taxonomy":"category","embeddable":true,"href":"https:\/\/euapp01.newsmemory.com\/lamarseillaise\/news\/wp-json\/wp\/v2\/categories?post=37659"},{"taxonomy":"post_tag","embeddable":true,"href":"https:\/\/euapp01.newsmemory.com\/lamarseillaise\/news\/wp-json\/wp\/v2\/tags?post=37659"},{"taxonomy":"news-destination","embeddable":true,"href":"https:\/\/euapp01.newsmemory.com\/lamarseillaise\/news\/wp-json\/wp\/v2\/news-destination?post=37659"},{"taxonomy":"news-source","embeddable":true,"href":"https:\/\/euapp01.newsmemory.com\/lamarseillaise\/news\/wp-json\/wp\/v2\/news-source?post=37659"},{"taxonomy":"is_homepage","embeddable":true,"href":"https:\/\/euapp01.newsmemory.com\/lamarseillaise\/news\/wp-json\/wp\/v2\/is_homepage?post=37659"},{"taxonomy":"ta_other","embeddable":true,"href":"https:\/\/euapp01.newsmemory.com\/lamarseillaise\/news\/wp-json\/wp\/v2\/ta_other?post=37659"}],"curies":[{"name":"wp","href":"https:\/\/api.w.org\/{rel}","templated":true}]}}