{"id":37656,"date":"2026-07-28T07:37:00","date_gmt":"2026-07-28T05:37:00","guid":{"rendered":"https:\/\/euapp01.newsmemory.com\/lamarseillaise\/news\/?p=37656"},"modified":"2026-07-29T07:00:26","modified_gmt":"2026-07-29T05:00:26","slug":"le-double-sens-porte-saint-lazare-inquiete-des-riverains-davignon","status":"publish","type":"post","link":"https:\/\/euapp01.newsmemory.com\/lamarseillaise\/news\/2026\/07\/28\/le-double-sens-porte-saint-lazare-inquiete-des-riverains-davignon\/","title":{"rendered":"Le double sens porte Saint-Lazare inqui\u00e8te des riverains d\u2019Avignon"},"content":{"rendered":"<div class=\"paragraph\">\n<p>Alors que la mini-pelle a d\u00e9j\u00e0 commenc\u00e9 \u00e0 buriner le goudron devant la porte Saint-Lazare d\u2019Avignon pour permettre aux voitures de rentrer \u00e0 nouveau dans les remparts, une vingtaine de personnes se sont rassembl\u00e9es \u00e0 quelques m\u00e8tres pour s\u2019opposer \u00e0 cette d\u00e9cision.<\/p>\n<p>Didier Bally, membre du collectif Saint-Lazare, d\u00e9nonce une \u00ab\u00a0<i>d\u00e9cision irr\u00e9fl\u00e9chie<\/i>\u00a0\u00bb. Il s\u2019interroge ainsi sur la \u00ab\u00a0<i>pr\u00e9cipitation<\/i><i>\u00a0<\/i>\u00bb de cette op\u00e9ration qui <a rel=\"noopener noreferrer\" href=\"https:\/\/www.lamarseillaise.fr\/politique\/a-avignon-le-maire-lance-la-revision-du-plan-de-circulation-faubourg-BC20220313\" target=\"_blank\">fait partie d\u2019un plan plus large<\/a>. \u00ab\u00a0<i>Il n\u2019y a aucun avantage, si ce n\u2019est d\u00e9faire pour d\u00e9faire ce qui a \u00e9t\u00e9 fait<\/i><i>\u00a0<\/i>\u00bb, insiste-t-il, estimant que cela augure \u00ab\u00a0<i>une modification plus importante de la circulation en intra-muros<\/i>\u00a0\u00bb.<\/p>\n<p>Il pointe \u00e9galement que cette circulation ne pourra emprunter, pour l\u2019heure, la rue du Rempart-Saint-Lazare. Et que les v\u00e9hicules vont croiser ceux descendant de la rue Carreterie, ainsi que les pi\u00e9tons et les cyclistes. \u00ab\u00a0<i>Ce qui pose aussi un probl\u00e8me de s\u00e9curit\u00e9<\/i>\u00a0\u00bb, estime-t-il.<\/p>\n<\/p><\/div>\n<div class=\"intext\"> Modifications possibles\n              <\/div>\n<div class=\"paragraph\">\n<p>Contact\u00e9 par <i>La<\/i><i>\u00a0<\/i><i>Marseillaise<\/i>, l\u2019adjoint au maire d\u00e9l\u00e9gu\u00e9 aux mobilit\u00e9s, Nicolas Donnadille, assure que cette mesure, qui fait partie du d\u00e9mant\u00e8lement du plan Faubourg, permet \u00ab\u00a0<i>d\u2019ouvrir un acc\u00e8s suppl\u00e9mentaire au secteur nord-est d\u2019Avignon intra-muros<\/i>\u00a0\u00bb, estimant que les deux ouvertures existantes, que sont la porte Thiers et la porte Saint-Joseph, ne suffisaient pas. Tout en rappelant que \u00ab\u00a0<i>c\u2019\u00e9tait un engagement de campagne<\/i>\u00a0\u00bb. Et que des \u00e9volutions sont possibles en apportant des \u00ab\u00a0<i>am\u00e9nagements de s\u00e9curit\u00e9 ou de r\u00e9duction de vitesse<\/i>\u00a0\u00bb pour dissuader ceux qui aimeraient se servir de ce nouveau passage pour \u00e9viter les embouteillages. Et d\u2019assurer que des \u00e9volutions sont possibles si les retours des riverains sont n\u00e9gatifs.<\/p>\n<\/p><\/div>\n<div class=\"paragraph\">\n<p><i>P\u00e9tition sur <a rel=\"nofollow noopener noreferrer\" href=\"https:\/\/www.onparticipe.fr\/p\/D0z2r2TU\" target=\"_blank\">onparticipe.fr<\/a><\/i><\/p>\n<\/p><\/div>\n","protected":false},"excerpt":{"rendered":"Alors que la mini-pelle a d&eacute;j&agrave; commenc&eacute; &agrave; buriner le goudron devant la porte Saint-Lazare d&rsquo;Avignon pour permettre aux voitures de rentrer &agrave; nouveau dans les remparts, une vingtaine de personnes se sont &#8230;","protected":false},"author":1,"featured_media":37657,"comment_status":"open","ping_status":"open","sticky":false,"template":"","format":"standard","meta":{"footnotes":""},"categories":[3926,3924,330],"tags":[174,1420,2395,2115,328,490,1064,166,171,1183,1175],"news-destination":[3944],"news-source":[475],"is_homepage":[],"ta_other":[],"class_list":["post-37656","post","type-post","status-publish","format-standard","has-post-thumbnail","hentry","category-accueil-merge","category-accueil-second","category-politique","tag-avignon","tag-circulation","tag-demantelement","tag-embouteillages","tag-engagement","tag-mobilites","tag-riverains","tag-travaux","tag-vaucluse","tag-vehicules","tag-voitures","news-destination-homepage","news-source-website"],"_links":{"self":[{"href":"https:\/\/euapp01.newsmemory.com\/lamarseillaise\/news\/wp-json\/wp\/v2\/posts\/37656","targetHints":{"allow":["GET"]}}],"collection":[{"href":"https:\/\/euapp01.newsmemory.com\/lamarseillaise\/news\/wp-json\/wp\/v2\/posts"}],"about":[{"href":"https:\/\/euapp01.newsmemory.com\/lamarseillaise\/news\/wp-json\/wp\/v2\/types\/post"}],"author":[{"embeddable":true,"href":"https:\/\/euapp01.newsmemory.com\/lamarseillaise\/news\/wp-json\/wp\/v2\/users\/1"}],"replies":[{"embeddable":true,"href":"https:\/\/euapp01.newsmemory.com\/lamarseillaise\/news\/wp-json\/wp\/v2\/comments?post=37656"}],"version-history":[{"count":1,"href":"https:\/\/euapp01.newsmemory.com\/lamarseillaise\/news\/wp-json\/wp\/v2\/posts\/37656\/revisions"}],"predecessor-version":[{"id":37658,"href":"https:\/\/euapp01.newsmemory.com\/lamarseillaise\/news\/wp-json\/wp\/v2\/posts\/37656\/revisions\/37658"}],"wp:featuredmedia":[{"embeddable":true,"href":"https:\/\/euapp01.newsmemory.com\/lamarseillaise\/news\/wp-json\/wp\/v2\/media\/37657"}],"wp:attachment":[{"href":"https:\/\/euapp01.newsmemory.com\/lamarseillaise\/news\/wp-json\/wp\/v2\/media?parent=37656"}],"wp:term":[{"taxonomy":"category","embeddable":true,"href":"https:\/\/euapp01.newsmemory.com\/lamarseillaise\/news\/wp-json\/wp\/v2\/categories?post=37656"},{"taxonomy":"post_tag","embeddable":true,"href":"https:\/\/euapp01.newsmemory.com\/lamarseillaise\/news\/wp-json\/wp\/v2\/tags?post=37656"},{"taxonomy":"news-destination","embeddable":true,"href":"https:\/\/euapp01.newsmemory.com\/lamarseillaise\/news\/wp-json\/wp\/v2\/news-destination?post=37656"},{"taxonomy":"news-source","embeddable":true,"href":"https:\/\/euapp01.newsmemory.com\/lamarseillaise\/news\/wp-json\/wp\/v2\/news-source?post=37656"},{"taxonomy":"is_homepage","embeddable":true,"href":"https:\/\/euapp01.newsmemory.com\/lamarseillaise\/news\/wp-json\/wp\/v2\/is_homepage?post=37656"},{"taxonomy":"ta_other","embeddable":true,"href":"https:\/\/euapp01.newsmemory.com\/lamarseillaise\/news\/wp-json\/wp\/v2\/ta_other?post=37656"}],"curies":[{"name":"wp","href":"https:\/\/api.w.org\/{rel}","templated":true}]}}