{"id":37653,"date":"2026-07-28T07:37:00","date_gmt":"2026-07-28T05:37:00","guid":{"rendered":"https:\/\/euapp01.newsmemory.com\/lamarseillaise\/news\/?p=37653"},"modified":"2026-08-03T07:14:50","modified_gmt":"2026-08-03T05:14:50","slug":"retraites-refugies-et-jeunesen-insertion-dans-les-champs-a-val-buech","status":"publish","type":"post","link":"https:\/\/euapp01.newsmemory.com\/lamarseillaise\/news\/2026\/07\/28\/retraites-refugies-et-jeunesen-insertion-dans-les-champs-a-val-buech\/","title":{"rendered":"Retrait\u00e9s, r\u00e9fugi\u00e9s et jeunes en insertion dans les champs \u00e0 Val-Bu\u00ebch"},"content":{"rendered":"<div class=\"paragraph\">\n<p>J<i>\u2019ai de l\u2019exp\u00e9rience en agriculture, j\u2019avais une ferme en Syrie. Travailler dans ce chantier d\u2019insertion me permet de rencontrer du monde, car je n\u2019ai pas beaucoup d\u2019amis ici.<\/i><i>\u00a0<\/i>\u00bb Tamam Ibrahim, r\u00e9fugi\u00e9 syrien arriv\u00e9 en France il y a huit ans, a \u00e9t\u00e9 au ch\u00f4mage pendant quatre mois avant d\u2019\u00eatre orient\u00e9 par sa conseill\u00e8re France Travail vers l\u2019association d\u2019insertion des Jardins du Bu\u00ebch. Il a encha\u00een\u00e9 les emplois de courte dur\u00e9e, sans jamais trouver de situation stable. \u00ab\u00a0<i>J\u2019ai \u00e9t\u00e9 carrossier, travailleur agricole, j\u2019ai travaill\u00e9 dans un h\u00f4tel&#8230;<\/i><i>\u00a0<\/i>\u00bb, \u00e9num\u00e8re-t-il. Il compte renouveler son contrat au chantier d\u2019insertion des Jardins du Bu\u00ebch, jusqu\u2019\u00e0 la dur\u00e9e maximale autoris\u00e9e : deux ans.<\/p>\n<\/p><\/div>\n<div class=\"intext\"> \u00ab\u00a0C\u2019\u00e9tait moi le premier<br \/>\n               <br \/>\u00e0 \u00eatre licenci\u00e9\u00a0\u00bb\n              <\/div>\n<div class=\"paragraph\">\n<p>Un peu plus loin dans les plantations de haricots, Olivier, 60\u00a0ans, s\u2019active \u00e0 les r\u00e9colter. Enfant de la Ddass, il n\u2019a jamais appris \u00e0 \u00e9crire correctement, et a ainsi du mal \u00e0 trouver du travail, surtout depuis qu\u2019il a d\u00e9pass\u00e9 les 60 ans. \u00ab\u00a0<i>\u00c0 un certain \u00e2ge, t\u2019as plus de travail, c\u2019est fini !<\/i><i>\u00a0<\/i>\u00bb, lance-t-il \u00e0 ses coll\u00e8gues, tous mobilis\u00e9s pour la r\u00e9colte. \u00ab\u00a0<i>Les patrons pr\u00e9f\u00e8rent former un jeune ouvrier plut\u00f4t que quelqu\u2019un de 60 ans.<\/i><i>\u00a0<\/i>\u00bb Olivier a encha\u00een\u00e9 les emplois physiques et manuels, le transport de charges lourdes, avant d\u2019arriver aux Jardins du Bu\u00ebch. \u00ab\u00a0<i>Maintenant, il faut savoir \u00e9crire, se servir d\u2019un ordinateur. Je n\u2019ai jamais vraiment \u00e9t\u00e9 \u00e0 l\u2019\u00e9cole petit, car les \u00e9ducateurs ne s\u2019occupaient pas tellement de nous tant on \u00e9tait nombreux<\/i><i>\u00a0<\/i>\u00bb, regrette-t-il. Ainsi, \u00ab\u00a0<i>quand c\u2019\u00e9tait le moment de licencier, c\u2019\u00e9tait moi le premier<\/i><i>\u00a0<\/i>\u00bb. Il sera accompagn\u00e9 par l\u2019association jusqu\u2019\u00e0 sa retraite, et esp\u00e8re ensuite \u00ab\u00a0<i>acheter un camion et partir sur la C\u00f4te d\u2019Azur p\u00eacher la daurade<\/i><i>\u00a0<\/i>\u00bb.<\/p>\n<p>\u00c0 Val Bu\u00ebch-M\u00e9ouge, pr\u00e8s de Laragne, l\u2019association propose du mara\u00eechage\u00a0; mais, \u00e0 Ch\u00e2teau-Arnoux-Saint-Auban, les personnes en insertion font \u00e9galement de la r\u00e9novation et de la communication. Les Jardins du Bu\u00ebch ont \u00e9t\u00e9 cr\u00e9\u00e9s en 2001 par une \u00e9quipe de psychiatres de l\u2019h\u00f4pital psychiatrique de Laragne, \u00ab\u00a0<i>pour faire de l\u2019accueil th\u00e9rapeutique et de l\u2019insertion au long cours pour un public d\u00e9socialis\u00e9<\/i><i>\u00a0<\/i>\u00bb, explique Jean Busch, chef de culture et encadrant technique.<\/p>\n<p>L\u2019association accueille d\u00e9sormais \u00e9galement des personnes en situation de handicap ou encore des jeunes \u00e9loign\u00e9s de l\u2019emploi, comme Lorenzo, 20\u00a0ans, titulaire d\u2019un bac professionnel, orient\u00e9 par sa mission locale apr\u00e8s avoir travaill\u00e9 en fromagerie, chez France Travail ou encore chez SFR. Le jeune homme suivra bient\u00f4t une formation de convoyeur de fonds.<\/p>\n<\/p><\/div>\n","protected":false},"excerpt":{"rendered":"J&rsquo;ai de l&rsquo;exp&eacute;rience en agriculture, j&rsquo;avais une ferme en Syrie. Travailler dans ce chantier d&rsquo;insertion me permet de rencontrer du monde, car je n&rsquo;ai pas beaucoup d&rsquo;amis ici.&nbsp;&raquo; Tamam Ibrahim, &#8230;","protected":false},"author":1,"featured_media":37654,"comment_status":"open","ping_status":"open","sticky":false,"template":"","format":"standard","meta":{"footnotes":""},"categories":[3926,3925,20],"tags":[447,4768,4467,1963,3712,302,1066,1120,2291,3007,3510,2200,194,51,53],"news-destination":[3944],"news-source":[475],"is_homepage":[],"ta_other":[],"class_list":["post-37653","post","type-post","status-publish","format-standard","has-post-thumbnail","hentry","category-accueil-merge","category-accueil-third","category-societe","tag-agriculture","tag-alpes","tag-alpes-de-haute-provence","tag-bio","tag-chantiers-dinsertion","tag-emploi","tag-handicap","tag-insertion","tag-insertion-sociale","tag-maraichage","tag-refugies","tag-retraite","tag-social","tag-societe","tag-travail","news-destination-homepage","news-source-website"],"_links":{"self":[{"href":"https:\/\/euapp01.newsmemory.com\/lamarseillaise\/news\/wp-json\/wp\/v2\/posts\/37653","targetHints":{"allow":["GET"]}}],"collection":[{"href":"https:\/\/euapp01.newsmemory.com\/lamarseillaise\/news\/wp-json\/wp\/v2\/posts"}],"about":[{"href":"https:\/\/euapp01.newsmemory.com\/lamarseillaise\/news\/wp-json\/wp\/v2\/types\/post"}],"author":[{"embeddable":true,"href":"https:\/\/euapp01.newsmemory.com\/lamarseillaise\/news\/wp-json\/wp\/v2\/users\/1"}],"replies":[{"embeddable":true,"href":"https:\/\/euapp01.newsmemory.com\/lamarseillaise\/news\/wp-json\/wp\/v2\/comments?post=37653"}],"version-history":[{"count":2,"href":"https:\/\/euapp01.newsmemory.com\/lamarseillaise\/news\/wp-json\/wp\/v2\/posts\/37653\/revisions"}],"predecessor-version":[{"id":37686,"href":"https:\/\/euapp01.newsmemory.com\/lamarseillaise\/news\/wp-json\/wp\/v2\/posts\/37653\/revisions\/37686"}],"wp:featuredmedia":[{"embeddable":true,"href":"https:\/\/euapp01.newsmemory.com\/lamarseillaise\/news\/wp-json\/wp\/v2\/media\/37654"}],"wp:attachment":[{"href":"https:\/\/euapp01.newsmemory.com\/lamarseillaise\/news\/wp-json\/wp\/v2\/media?parent=37653"}],"wp:term":[{"taxonomy":"category","embeddable":true,"href":"https:\/\/euapp01.newsmemory.com\/lamarseillaise\/news\/wp-json\/wp\/v2\/categories?post=37653"},{"taxonomy":"post_tag","embeddable":true,"href":"https:\/\/euapp01.newsmemory.com\/lamarseillaise\/news\/wp-json\/wp\/v2\/tags?post=37653"},{"taxonomy":"news-destination","embeddable":true,"href":"https:\/\/euapp01.newsmemory.com\/lamarseillaise\/news\/wp-json\/wp\/v2\/news-destination?post=37653"},{"taxonomy":"news-source","embeddable":true,"href":"https:\/\/euapp01.newsmemory.com\/lamarseillaise\/news\/wp-json\/wp\/v2\/news-source?post=37653"},{"taxonomy":"is_homepage","embeddable":true,"href":"https:\/\/euapp01.newsmemory.com\/lamarseillaise\/news\/wp-json\/wp\/v2\/is_homepage?post=37653"},{"taxonomy":"ta_other","embeddable":true,"href":"https:\/\/euapp01.newsmemory.com\/lamarseillaise\/news\/wp-json\/wp\/v2\/ta_other?post=37653"}],"curies":[{"name":"wp","href":"https:\/\/api.w.org\/{rel}","templated":true}]}}