{"id":37644,"date":"2026-07-28T08:30:00","date_gmt":"2026-07-28T06:30:00","guid":{"rendered":"https:\/\/euapp01.newsmemory.com\/lamarseillaise\/news\/?p=37644"},"modified":"2026-07-29T09:52:25","modified_gmt":"2026-07-29T07:52:25","slug":"quand-le-jazz-est-laa-la-londe-les-maures","status":"publish","type":"post","link":"https:\/\/euapp01.newsmemory.com\/lamarseillaise\/news\/2026\/07\/28\/quand-le-jazz-est-laa-la-londe-les-maures\/","title":{"rendered":"Quand le jazz est l\u00e0,\u00e0 La Londe-les-Maures"},"content":{"rendered":"<div class=\"paragraph\">\n<p>N<i>ous attachons toujours autant d\u2019importance \u00e0 sortir des sentiers battus, en misant essentiellement sur des artistes fran\u00e7ais ou francophones qui ont le vent en poupe au sein de cette famille \u00e9mergente du jazz contemporain et particuli\u00e8rement cr\u00e9atif<\/i><i>\u00a0<\/i>\u00bb, estime le musicien et arrangeur Christophe Dal Sasso, directeur du La Londe Jazz Festival, qui se d\u00e9ploie jusqu\u2019au dimanche 2\u00a0ao\u00fbt sur la plage de l\u2019Argenti\u00e8re.<\/p>\n<p>Au menu de sa 17<sup>e<\/sup>\u00a0\u00e9dition, quatre soir\u00e9es gratuites sur la partie Ouest, et sous les pins, de la plus grande plage de cette station baln\u00e9aire varoise, qui s\u2019ouvre ce jeudi au rythme des notes de ce fl\u00fbtiste et compositeur avec <i>The spirit of 3<\/i>. Un projet qu\u2019il porte avec la chanteuse et musicienne am\u00e9ricaine Shekinah Rodz, nourri par un \u00ab\u00a0<i>r\u00e9pertoire aussi profond que festif, au croisement des rythmes m\u00e9diterran\u00e9ens, africains et indiens<\/i><i>\u00a0<\/i>\u00bb. Un peu plus t\u00f4t dans la soir\u00e9e, le groupe Radio Mezcal aura lanc\u00e9 les festivit\u00e9s avec ses notes latines, afro carib\u00e9ennes et diablement dansantes. Car chaque soir\u00e9e du festival se d\u00e9roule sur le m\u00eame principe\u00a0: un \u00ab\u00a0ap\u00e9ro\u00a0\u00bb \u00e0 19h, mise en bouche assur\u00e9e par des \u00ab\u00a0<i>talents locaux<\/i>\u00a0\u00bb, une \u00ab\u00a0sc\u00e8ne jazz\u00a0\u00bb autour d\u2019une t\u00eate d\u2019affiche, puis, vers 23h15, un \u00ab\u00a0Jazz club\u00a0\u00bb orchestr\u00e9 par le trio du contrebassiste Olivier Lalauze, \u00ab\u00a0<i>avant de laisser place \u00e0 une jam-session r\u00e9unissant musiciens amateurs et professionnels dans un esprit de libert\u00e9 et de partage<\/i><i>\u00a0<\/i>\u00bb.<\/p>\n<\/p><\/div>\n<div class=\"intext\"> Les femmes ont voix<br \/>\n               <br \/>au chapitre\n              <\/div>\n<div class=\"paragraph\">\n<p>\u00ab<i>\u00a0<\/i><i>Cette ann\u00e9e, les voix seront le fil d\u2019Ariane de la programmation. Puissantes et envo\u00fbtantes, incarn\u00e9es par des artistes aux univers singuliers, capables de faire vibrer le public sur toutes les ondes \u00e9motionnelles, tant\u00f4t ouat\u00e9es tant\u00f4t \u00e9tourdissantes d\u2019\u00e9nergie communicative<\/i>\u00a0\u00bb, qualifie-t-on du c\u00f4t\u00e9 de Mouissaline Prod, \u00e9quipe \u00e0 la man\u0153uvre du La Londe Jazz Festival. Vendredi 31\u00a0juillet, la chanteuse toulonnaise au timbre chaud, Andrea Caparros, sera quant \u00e0 elle invit\u00e9e par le Big Sud, projet qui \u00ab<i>\u00a0<\/i><i>dessine un pont entre les grandes com\u00e9dies musicales de Broadway et la M\u00e9diterran\u00e9e proven\u00e7ale<\/i>\u00a0\u00bb. Une cr\u00e9ation sign\u00e9e du trompettiste Nicolas Folmer et Christophe Dal Sasso, aux c\u00f4t\u00e9s de l\u2019Orchestre de l\u2019Op\u00e9ra de Toulon.<\/p>\n<p>Le lendemain, au tour d\u2019Abraham R\u00e9union, trio aussi bien inspir\u00e9 par le jazz que les musiques cr\u00e9oles, de prendre le relais. Charge enfin au groupe Buttshakers, port\u00e9 par \u00ab<i>\u00a0<\/i><i>la soul habit\u00e9e<\/i>\u00a0\u00bb de la crooneuse Ciara Thompson, de clore le La Londe Jazz Festival, le dimanche 2\u00a0ao\u00fbt. Son dernier album<i> Lessons in love<\/i> dans les cordes vocales, elle \u00ab\u00a0<i>incarne toute la force de ce groupe<\/i><i>\u00a0<\/i><i>: une voix tour \u00e0 tour br\u00fblante, d\u00e9chirante ou lumineuse digne des plus grandes divas de la soul<\/i><i>\u00a0<\/i>\u00bb.<\/p>\n<\/p><\/div>\n<div class=\"paragraph\">\n<p><i>www.lalondejazzfestival.com<\/i><\/p>\n<\/p><\/div>\n","protected":false},"excerpt":{"rendered":"Nous attachons toujours autant d&rsquo;importance &agrave; sortir des sentiers battus, en misant essentiellement sur des artistes fran&ccedil;ais ou francophones qui ont le vent en poupe au sein de cette famille &eacute;mergente du jazz contemporain &#8230;","protected":false},"author":1,"featured_media":37645,"comment_status":"open","ping_status":"open","sticky":false,"template":"","format":"standard","meta":{"footnotes":""},"categories":[3926,3925,32],"tags":[329,40,6042,31],"news-destination":[3944],"news-source":[475],"is_homepage":[],"ta_other":[],"class_list":["post-37644","post","type-post","status-publish","format-standard","has-post-thumbnail","hentry","category-accueil-merge","category-accueil-third","category-culture","tag-festival","tag-jazz","tag-la-londe-les-maures","tag-var","news-destination-homepage","news-source-website"],"_links":{"self":[{"href":"https:\/\/euapp01.newsmemory.com\/lamarseillaise\/news\/wp-json\/wp\/v2\/posts\/37644","targetHints":{"allow":["GET"]}}],"collection":[{"href":"https:\/\/euapp01.newsmemory.com\/lamarseillaise\/news\/wp-json\/wp\/v2\/posts"}],"about":[{"href":"https:\/\/euapp01.newsmemory.com\/lamarseillaise\/news\/wp-json\/wp\/v2\/types\/post"}],"author":[{"embeddable":true,"href":"https:\/\/euapp01.newsmemory.com\/lamarseillaise\/news\/wp-json\/wp\/v2\/users\/1"}],"replies":[{"embeddable":true,"href":"https:\/\/euapp01.newsmemory.com\/lamarseillaise\/news\/wp-json\/wp\/v2\/comments?post=37644"}],"version-history":[{"count":1,"href":"https:\/\/euapp01.newsmemory.com\/lamarseillaise\/news\/wp-json\/wp\/v2\/posts\/37644\/revisions"}],"predecessor-version":[{"id":37646,"href":"https:\/\/euapp01.newsmemory.com\/lamarseillaise\/news\/wp-json\/wp\/v2\/posts\/37644\/revisions\/37646"}],"wp:featuredmedia":[{"embeddable":true,"href":"https:\/\/euapp01.newsmemory.com\/lamarseillaise\/news\/wp-json\/wp\/v2\/media\/37645"}],"wp:attachment":[{"href":"https:\/\/euapp01.newsmemory.com\/lamarseillaise\/news\/wp-json\/wp\/v2\/media?parent=37644"}],"wp:term":[{"taxonomy":"category","embeddable":true,"href":"https:\/\/euapp01.newsmemory.com\/lamarseillaise\/news\/wp-json\/wp\/v2\/categories?post=37644"},{"taxonomy":"post_tag","embeddable":true,"href":"https:\/\/euapp01.newsmemory.com\/lamarseillaise\/news\/wp-json\/wp\/v2\/tags?post=37644"},{"taxonomy":"news-destination","embeddable":true,"href":"https:\/\/euapp01.newsmemory.com\/lamarseillaise\/news\/wp-json\/wp\/v2\/news-destination?post=37644"},{"taxonomy":"news-source","embeddable":true,"href":"https:\/\/euapp01.newsmemory.com\/lamarseillaise\/news\/wp-json\/wp\/v2\/news-source?post=37644"},{"taxonomy":"is_homepage","embeddable":true,"href":"https:\/\/euapp01.newsmemory.com\/lamarseillaise\/news\/wp-json\/wp\/v2\/is_homepage?post=37644"},{"taxonomy":"ta_other","embeddable":true,"href":"https:\/\/euapp01.newsmemory.com\/lamarseillaise\/news\/wp-json\/wp\/v2\/ta_other?post=37644"}],"curies":[{"name":"wp","href":"https:\/\/api.w.org\/{rel}","templated":true}]}}