{"id":37641,"date":"2026-07-28T08:30:00","date_gmt":"2026-07-28T06:30:00","guid":{"rendered":"https:\/\/euapp01.newsmemory.com\/lamarseillaise\/news\/?p=37641"},"modified":"2026-08-03T07:26:04","modified_gmt":"2026-08-03T05:26:04","slug":"a-arles-le-court-metrage-phare-de-la-creation","status":"publish","type":"post","link":"https:\/\/euapp01.newsmemory.com\/lamarseillaise\/news\/2026\/07\/28\/a-arles-le-court-metrage-phare-de-la-creation\/","title":{"rendered":"\u00c0 Arles, le court-m\u00e9trage, \u00ab&nbsp;Phare&nbsp;\u00bb de la cr\u00e9ation"},"content":{"rendered":"<div class=\"paragraph\">\n<p>Contempler \u00e0 la fra\u00eeche, sous les \u00e9toiles ou bien en int\u00e9rieur, et \u00e0 travers de nombreuses projections, l\u2019effusion cr\u00e9atrice \u00e0 l\u2019\u0153uvre dans le monde du court-m\u00e9trage. Tel est l\u2019ADN de Cin\u00e9 Phare, qui se tient jusqu\u2019au vendredi 31\u00a0juillet \u00e0 Arles.<\/p>\n<p>Apr\u00e8s son ouverture lundi par la projection d\u2019une s\u00e9rie de courts-m\u00e9trages ta\u00efwanais, \u00e0 l\u2019Eden cin\u00e9ma de Fontvieille, le festival investira ce mardi le Mus\u00e9on Arlaten pour un \u00ab\u00a0cin\u00e9-d\u00e9bat\u00a0\u00bb autour de l\u2019humour dans le polar au cin\u00e9ma. Une conf\u00e9rence assur\u00e9e par l\u2019agr\u00e9g\u00e9 de philosophie Robert Pujade.<\/p>\n<p>Le lendemain, direction le Th\u00e9\u00e2tre antique d\u2019Arles pour une soir\u00e9e plac\u00e9e sous le signe de l\u2019humour, dont l\u2019\u00e9picentre co\u00efncidera avec la projection d\u2019<i>Au bain des dames<\/i>, couronn\u00e9 cette ann\u00e9e du C\u00e9sar du meilleur film de court-m\u00e9trage documentaire. R\u00e9alis\u00e9e par la Marseillaise Margaux Fournier, une plong\u00e9e dans le quotidien d\u2019un groupe de retrait\u00e9es refaisant le monde sur cette petite plage du quartier de la Madrague de Montredon. Pour Jo\u00eblle, R\u00e9gine, Magali, Carmen et leurs comparses, le pr\u00e9texte pour \u00e9voquer librement la question des corps.<\/p>\n<\/p><\/div>\n<div class=\"intext\"> Fun\u00e9railles et fromage\n              <\/div>\n<div class=\"paragraph\">\n<p>Polar et humour noir seront les th\u00e8mes de la soir\u00e9e du jeudi 30\u00a0juillet, toujours au Th\u00e9\u00e2tre antique. Au menu, certaines \u0153uvres d\u2019\u00e9tudiants \u00e0 la MoPa, l\u2019\u00e9cole de cin\u00e9ma et de film d\u2019animation \u00e9tablie \u00e0 Arles, mais aussi des bobines d\u00e9jant\u00e9es. Parmi ces derni\u00e8res, <i>Coffin Therapy<\/i>, de la Khazakhstanaise Z\u00e9r\u00e9 Turlykhanova, dans les pas d\u2019une \u00ab\u00a0femme \u00e9gocentrique\u00a0\u00bb qui, \u00ab\u00a0dans une qu\u00eate d\u00e9sesp\u00e9r\u00e9e de reconnaissance, met en sc\u00e8ne ses propres fun\u00e9railles dans le cadre d\u2019une tendance th\u00e9rapeutique radicale\u00a0\u00bb, indique son synopsis.<\/p>\n<p>Clap de fin de Cin\u00e9 Phare pr\u00e9vu le 31\u00a0juillet, avec l\u2019annonce et la projection des films prim\u00e9s, ainsi que le cin\u00e9-concert de <i>Tout un fromage<\/i>, dr\u00f4le de road trip r\u00e9alis\u00e9 par Cl\u00e9ment Doumic et Antoine Fabry.<\/p>\n<\/p><\/div>\n<div class=\"paragraph\">\n<p><i>www.festival-phare.fr<\/i><\/p>\n<\/p><\/div>\n","protected":false},"excerpt":{"rendered":"Contempler &agrave; la fra&icirc;che, sous les &eacute;toiles ou bien en int&eacute;rieur, et &agrave; travers de nombreuses projections, l&rsquo;effusion cr&eacute;atrice &agrave; l&rsquo;&oelig;uvre dans le monde du court-m&eacute;trage. Tel est &#8230;","protected":false},"author":1,"featured_media":37642,"comment_status":"open","ping_status":"open","sticky":false,"template":"","format":"standard","meta":{"footnotes":""},"categories":[3926,3925,32],"tags":[1234,10,919,329],"news-destination":[3944],"news-source":[475],"is_homepage":[],"ta_other":[],"class_list":["post-37641","post","type-post","status-publish","format-standard","has-post-thumbnail","hentry","category-accueil-merge","category-accueil-third","category-culture","tag-arles","tag-bouches-du-rhone","tag-cinema","tag-festival","news-destination-homepage","news-source-website"],"_links":{"self":[{"href":"https:\/\/euapp01.newsmemory.com\/lamarseillaise\/news\/wp-json\/wp\/v2\/posts\/37641","targetHints":{"allow":["GET"]}}],"collection":[{"href":"https:\/\/euapp01.newsmemory.com\/lamarseillaise\/news\/wp-json\/wp\/v2\/posts"}],"about":[{"href":"https:\/\/euapp01.newsmemory.com\/lamarseillaise\/news\/wp-json\/wp\/v2\/types\/post"}],"author":[{"embeddable":true,"href":"https:\/\/euapp01.newsmemory.com\/lamarseillaise\/news\/wp-json\/wp\/v2\/users\/1"}],"replies":[{"embeddable":true,"href":"https:\/\/euapp01.newsmemory.com\/lamarseillaise\/news\/wp-json\/wp\/v2\/comments?post=37641"}],"version-history":[{"count":1,"href":"https:\/\/euapp01.newsmemory.com\/lamarseillaise\/news\/wp-json\/wp\/v2\/posts\/37641\/revisions"}],"predecessor-version":[{"id":37643,"href":"https:\/\/euapp01.newsmemory.com\/lamarseillaise\/news\/wp-json\/wp\/v2\/posts\/37641\/revisions\/37643"}],"wp:featuredmedia":[{"embeddable":true,"href":"https:\/\/euapp01.newsmemory.com\/lamarseillaise\/news\/wp-json\/wp\/v2\/media\/37642"}],"wp:attachment":[{"href":"https:\/\/euapp01.newsmemory.com\/lamarseillaise\/news\/wp-json\/wp\/v2\/media?parent=37641"}],"wp:term":[{"taxonomy":"category","embeddable":true,"href":"https:\/\/euapp01.newsmemory.com\/lamarseillaise\/news\/wp-json\/wp\/v2\/categories?post=37641"},{"taxonomy":"post_tag","embeddable":true,"href":"https:\/\/euapp01.newsmemory.com\/lamarseillaise\/news\/wp-json\/wp\/v2\/tags?post=37641"},{"taxonomy":"news-destination","embeddable":true,"href":"https:\/\/euapp01.newsmemory.com\/lamarseillaise\/news\/wp-json\/wp\/v2\/news-destination?post=37641"},{"taxonomy":"news-source","embeddable":true,"href":"https:\/\/euapp01.newsmemory.com\/lamarseillaise\/news\/wp-json\/wp\/v2\/news-source?post=37641"},{"taxonomy":"is_homepage","embeddable":true,"href":"https:\/\/euapp01.newsmemory.com\/lamarseillaise\/news\/wp-json\/wp\/v2\/is_homepage?post=37641"},{"taxonomy":"ta_other","embeddable":true,"href":"https:\/\/euapp01.newsmemory.com\/lamarseillaise\/news\/wp-json\/wp\/v2\/ta_other?post=37641"}],"curies":[{"name":"wp","href":"https:\/\/api.w.org\/{rel}","templated":true}]}}