{"id":37638,"date":"2026-07-28T08:31:00","date_gmt":"2026-07-28T06:31:00","guid":{"rendered":"https:\/\/euapp01.newsmemory.com\/lamarseillaise\/news\/?p=37638"},"modified":"2026-08-03T07:26:04","modified_gmt":"2026-08-03T05:26:04","slug":"zizou-de-la-castellane-au-banc-de-lequipe-de-france","status":"publish","type":"post","link":"https:\/\/euapp01.newsmemory.com\/lamarseillaise\/news\/2026\/07\/28\/zizou-de-la-castellane-au-banc-de-lequipe-de-france\/","title":{"rendered":"\u00ab&nbsp;Zizou&nbsp;\u00bb, de la Castellane au banc de l\u2019\u00e9quipe de France"},"content":{"rendered":"<div class=\"paragraph\">\n<p>Attendu comme le successeur naturel de Didier Deschamps depuis plusieurs ann\u00e9es, Zin\u00e9dine Zidane va enfin r\u00e9aliser le v\u0153u d\u2019une grande partie du peuple tricolore en prenant les commandes de l\u2019\u00e9quipe de France. Le pr\u00e9sident de la FFF, Philippe Diallo, pr\u00e9sentera le nouveau s\u00e9lectionneur de l\u2019\u00c9quipe de France, ce mardi, lors d\u2019une conf\u00e9rence de presse.<\/p>\n<p>Il n\u2019est plus n\u00e9cessaire de pr\u00e9senter \u00ab\u00a0Zizou\u00a0\u00bb. N\u00e9 en 1972 dans le quartier de La\u00a0Castellane, \u00e0 Marseille, le technicien hors pair a d\u2019abord fait ses armes \u00e0 l\u2019AS\u00a0Cannes, o\u00f9 son talent pr\u00e9coce n\u2019a pas tard\u00e9 \u00e0 \u00e9clore. R\u00e9v\u00e9l\u00e9 au plus haut niveau sous les couleurs des Girondins de Bordeaux, il s\u2019est ensuite impos\u00e9 comme une r\u00e9f\u00e9rence mondiale \u00e0 la Juventus Turin, avant d\u2019entrer d\u00e9finitivement dans la l\u00e9gende au Real Madrid, au sein de la mythique g\u00e9n\u00e9ration des Galactiques.<\/p>\n<p>Consid\u00e9r\u00e9 comme l\u2019un des plus grands joueurs de l\u2019histoire du football, le Ballon d\u2019Or 1998 a marqu\u00e9 son \u00e9poque par son \u00e9l\u00e9gance balle au pied, sa vision du jeu et son palmar\u00e8s exceptionnel. Avec les Bleus, son aventure ne sera toutefois pas un long fleuve tranquille. \u00c0 22\u00a0ans, apr\u00e8s un parcours mitig\u00e9 avec les Espoirs, Zidane honore sa premi\u00e8re s\u00e9lection avec l\u2019\u00e9quipe de France en 1994 face \u00e0 la R\u00e9publique tch\u00e8que sous les ordres d\u2019Aim\u00e9 Jacquet. Le s\u00e9lectionneur l\u2019accompagnera jusqu\u2019au titre supr\u00eame lors de la Coupe du monde 1998, remport\u00e9e au Stade de France gr\u00e2ce, notamment, \u00e0 son inoubliable doubl\u00e9 de la t\u00eate inscrit en finale face au Br\u00e9sil. Deux ans plus tard, le Marseillais ajoute un titre de champion d\u2019Europe \u00e0 son immense palmar\u00e8s avant de prendre sa retraite internationale \u00e0 l\u2019\u00e9t\u00e9 2004. Mais l\u2019histoire entre Zidane et les Bleus n\u2019\u00e9tait pas termin\u00e9e.<\/p>\n<p>Rappel\u00e9 en 2005 pour sortir une s\u00e9lection fran\u00e7aise en perdition des qualifications pour la Coupe du monde 2006, \u00ab\u00a0Zizou\u00a0\u00bb offre au peuple fran\u00e7ais une derni\u00e8re danse inoubliable. \u00c9tincelant tout au long du tournoi, notamment lors du quart de finale face \u00e0 la Sele\u00e7ao, il se rapproche d\u2019un second sacre mondial. Le 9\u00a0juillet 2006, \u00e0 Berlin, Zin\u00e9dine Zidane \u00e9crit sans doute la page la plus romanesque de sa carri\u00e8re. Une panenka audacieuse face \u00e0 Gianluigi Buffon fait d\u2019abord de lui un h\u00e9ros avant qu\u2019un geste de sang-froid perdu ne le fasse basculer dans une autre dimension de sa l\u00e9gende. Son coup de t\u00eate sur Marco Materazzi lui vaut une expulsion \u00e0 quelques minutes de la s\u00e9ance des tirs au but et pr\u00e9cipite la d\u00e9faite des Bleus face \u00e0 l\u2019Italie. Une fin de carri\u00e8re paradoxale, m\u00ealant g\u00e9nie et trag\u00e9die, rest\u00e9e grav\u00e9e dans la m\u00e9moire collective des Fran\u00e7ais. Car malgr\u00e9 cette ultime image, Zidane demeure plus que jamais un h\u00e9ros national.<\/p>\n<\/p><\/div>\n<div class=\"intext\"> Reconversion dor\u00e9e\n              <\/div>\n<div class=\"paragraph\">\n<p>Avec une telle intelligence du jeu et une vision hors-norme du football, le maestro ne pouvait que tenter une reconversion sur le banc. Si le passage de joueur \u00e0 entra\u00eeneur s\u2019av\u00e8re souvent d\u00e9licat\u00a0&#8211;\u00a0une immense carri\u00e8re ne constituant jamais une garantie de r\u00e9ussite\u00a0&#8211; celle de Zin\u00e9dine Zidane se transforme vite en une v\u00e9ritable \u00e9pop\u00e9e. Apr\u00e8s deux saisons pass\u00e9es \u00e0 la t\u00eate de la Castilla, l\u2019\u00e9quipe r\u00e9serve du Real Madrid, il est propuls\u00e9 en janvier\u00a02016 aux commandes de l\u2019\u00e9quipe premi\u00e8re. En 263\u00a0rencontres toutes comp\u00e9titions confondues, Zidane affiche un bilan exceptionnel de 172\u00a0victoires, soit pr\u00e8s de 65% de succ\u00e8s. Un r\u00e8gne marqu\u00e9 par deux titres de champion d\u2019Espagne, deux Supercoupes d\u2019Espagne, deux Coupes du monde des clubs et surtout trois Ligues des champions cons\u00e9cutives. Avec un tel CV, \u00ab\u00a0Zizou\u00a0\u00bb est le candidat id\u00e9al pour diriger une \u00e9quipe de France \u00e0 l\u2019avenir si prometteur.<\/p>\n<\/p><\/div>\n","protected":false},"excerpt":{"rendered":"Attendu comme le successeur naturel de Didier Deschamps depuis plusieurs ann&eacute;es, Zin&eacute;dine Zidane va enfin r&eacute;aliser le v&oelig;u d&rsquo;une grande partie du peuple tricolore en prenant les commandes de l&rsquo;&eacute;quipe de &#8230;","protected":false},"author":1,"featured_media":37639,"comment_status":"open","ping_status":"open","sticky":false,"template":"","format":"standard","meta":{"footnotes":""},"categories":[3926,3925,7],"tags":[10,1000,999,13,4012,16],"news-destination":[3944],"news-source":[475],"is_homepage":[],"ta_other":[],"class_list":["post-37638","post","type-post","status-publish","format-standard","has-post-thumbnail","hentry","category-accueil-merge","category-accueil-third","category-sports","tag-bouches-du-rhone","tag-didier-deschamps","tag-equipe-de-france","tag-football","tag-la-castellane","tag-marseille","news-destination-homepage","news-source-website"],"_links":{"self":[{"href":"https:\/\/euapp01.newsmemory.com\/lamarseillaise\/news\/wp-json\/wp\/v2\/posts\/37638","targetHints":{"allow":["GET"]}}],"collection":[{"href":"https:\/\/euapp01.newsmemory.com\/lamarseillaise\/news\/wp-json\/wp\/v2\/posts"}],"about":[{"href":"https:\/\/euapp01.newsmemory.com\/lamarseillaise\/news\/wp-json\/wp\/v2\/types\/post"}],"author":[{"embeddable":true,"href":"https:\/\/euapp01.newsmemory.com\/lamarseillaise\/news\/wp-json\/wp\/v2\/users\/1"}],"replies":[{"embeddable":true,"href":"https:\/\/euapp01.newsmemory.com\/lamarseillaise\/news\/wp-json\/wp\/v2\/comments?post=37638"}],"version-history":[{"count":1,"href":"https:\/\/euapp01.newsmemory.com\/lamarseillaise\/news\/wp-json\/wp\/v2\/posts\/37638\/revisions"}],"predecessor-version":[{"id":37640,"href":"https:\/\/euapp01.newsmemory.com\/lamarseillaise\/news\/wp-json\/wp\/v2\/posts\/37638\/revisions\/37640"}],"wp:featuredmedia":[{"embeddable":true,"href":"https:\/\/euapp01.newsmemory.com\/lamarseillaise\/news\/wp-json\/wp\/v2\/media\/37639"}],"wp:attachment":[{"href":"https:\/\/euapp01.newsmemory.com\/lamarseillaise\/news\/wp-json\/wp\/v2\/media?parent=37638"}],"wp:term":[{"taxonomy":"category","embeddable":true,"href":"https:\/\/euapp01.newsmemory.com\/lamarseillaise\/news\/wp-json\/wp\/v2\/categories?post=37638"},{"taxonomy":"post_tag","embeddable":true,"href":"https:\/\/euapp01.newsmemory.com\/lamarseillaise\/news\/wp-json\/wp\/v2\/tags?post=37638"},{"taxonomy":"news-destination","embeddable":true,"href":"https:\/\/euapp01.newsmemory.com\/lamarseillaise\/news\/wp-json\/wp\/v2\/news-destination?post=37638"},{"taxonomy":"news-source","embeddable":true,"href":"https:\/\/euapp01.newsmemory.com\/lamarseillaise\/news\/wp-json\/wp\/v2\/news-source?post=37638"},{"taxonomy":"is_homepage","embeddable":true,"href":"https:\/\/euapp01.newsmemory.com\/lamarseillaise\/news\/wp-json\/wp\/v2\/is_homepage?post=37638"},{"taxonomy":"ta_other","embeddable":true,"href":"https:\/\/euapp01.newsmemory.com\/lamarseillaise\/news\/wp-json\/wp\/v2\/ta_other?post=37638"}],"curies":[{"name":"wp","href":"https:\/\/api.w.org\/{rel}","templated":true}]}}