{"id":37635,"date":"2026-07-28T08:32:00","date_gmt":"2026-07-28T06:32:00","guid":{"rendered":"https:\/\/euapp01.newsmemory.com\/lamarseillaise\/news\/?p=37635"},"modified":"2026-08-03T07:14:50","modified_gmt":"2026-08-03T05:14:50","slug":"lheure-est-a-la-reprise-pour-les-provencaux","status":"publish","type":"post","link":"https:\/\/euapp01.newsmemory.com\/lamarseillaise\/news\/2026\/07\/28\/lheure-est-a-la-reprise-pour-les-provencaux\/","title":{"rendered":"L\u2019heure est \u00e0 la reprise pour les Proven\u00e7aux"},"content":{"rendered":"<div class=\"paragraph\">\n<p>Deux salles, deux ambiances. Le Pays d\u2019Aix (Pauc) et Istres ont repris cette semaine le chemin de l\u2019entra\u00eenement pour pr\u00e9parer leurs saisons respectives. Sous la houlette de son nouvel entra\u00eeneur, Eduard Fernandez Roura \u2013 d\u00e9j\u00e0 adjoint de J\u00e9r\u00f4me Fernandez lors de la saison 2019-2020 \u2013, le Pauc a v\u00e9cu une intersaison assez calme. Seuls l\u2019arri\u00e8re droit norv\u00e9gien Magnus Sondena et l\u2019ailier gauche serbe Vanja Ilic ont sign\u00e9 au club. Avant le retour de la comp\u00e9tition en Starligue, les Aixois participeront \u00e0 l\u2019Internationaler Heide Cup 2026, en Allemagne (du 7 au 9\u00a0ao\u00fbt), avant de recevoir Saint-Rapha\u00ebl Var Handball en match amical. Ils mettront ensuite le cap sur l\u2019Espagne pour disputer le Trofeo Ciudad de Santander 2026, puis affronteront le club japonais de Toyoda Gosei en lever de rideau du Troph\u00e9e des champions. Le Pauc se d\u00e9placera enfin \u00e0 Pau Bill\u00e8re pour le 1<sup>er<\/sup> tour de la Coupe de France.<\/p>\n<\/p><\/div>\n<div class=\"intext\"> Chass\u00e9-crois\u00e9 de Taureaux\n              <\/div>\n<div class=\"paragraph\">\n<p>\u00c0 l\u2019inverse, l\u2019\u00e9t\u00e9 a \u00e9t\u00e9 plus mouvement\u00e9 du c\u00f4t\u00e9 d\u2019Istres. Rel\u00e9gu\u00e9 en Proligue, le club a d\u00e9j\u00e0 op\u00e9r\u00e9 plusieurs changements dans son effectif et son staff. Le gardien Romain Mathias a rejoint S\u00e9lestat, le d\u00e9fenseur Aur\u00e9lien Padolus s\u2019est engag\u00e9 avec le SL Benfica et l\u2019adjoint Thomas Cauwenberghs a \u00e9galement quitt\u00e9 les Taureaux. Ces d\u00e9parts ont \u00e9t\u00e9 compens\u00e9s par plusieurs arriv\u00e9es notables, \u00e0 commencer par celle des Aixois Matthieu Ong (voir ci-dessus), Louis Despreaux et Adrian Casqueiro, de l\u2019arri\u00e8re gauche espagnol Pau Oliveras, form\u00e9 au FC Barcelone, et du gardien Arnaud Tabarand, de retour sous les couleurs istr\u00e9ennes. Responsable du centre de formation, Lucas Auguste a quant \u00e0 lui \u00e9t\u00e9 promu entra\u00eeneur adjoint de Bastien Cismondo.<\/p>\n<\/p><\/div>\n","protected":false},"excerpt":{"rendered":"Deux salles, deux ambiances. Le Pays d&rsquo;Aix (Pauc) et Istres ont repris cette semaine le chemin de l&rsquo;entra&icirc;nement pour pr&eacute;parer leurs saisons respectives. Sous la houlette de son nouvel entra&icirc;neur, Eduard Fernandez &#8230;","protected":false},"author":1,"featured_media":37636,"comment_status":"open","ping_status":"open","sticky":false,"template":"","format":"standard","meta":{"footnotes":""},"categories":[3926,3925,7],"tags":[556],"news-destination":[3944],"news-source":[475],"is_homepage":[],"ta_other":[],"class_list":["post-37635","post","type-post","status-publish","format-standard","has-post-thumbnail","hentry","category-accueil-merge","category-accueil-third","category-sports","tag-aix-en-provence","news-destination-homepage","news-source-website"],"_links":{"self":[{"href":"https:\/\/euapp01.newsmemory.com\/lamarseillaise\/news\/wp-json\/wp\/v2\/posts\/37635","targetHints":{"allow":["GET"]}}],"collection":[{"href":"https:\/\/euapp01.newsmemory.com\/lamarseillaise\/news\/wp-json\/wp\/v2\/posts"}],"about":[{"href":"https:\/\/euapp01.newsmemory.com\/lamarseillaise\/news\/wp-json\/wp\/v2\/types\/post"}],"author":[{"embeddable":true,"href":"https:\/\/euapp01.newsmemory.com\/lamarseillaise\/news\/wp-json\/wp\/v2\/users\/1"}],"replies":[{"embeddable":true,"href":"https:\/\/euapp01.newsmemory.com\/lamarseillaise\/news\/wp-json\/wp\/v2\/comments?post=37635"}],"version-history":[{"count":1,"href":"https:\/\/euapp01.newsmemory.com\/lamarseillaise\/news\/wp-json\/wp\/v2\/posts\/37635\/revisions"}],"predecessor-version":[{"id":37637,"href":"https:\/\/euapp01.newsmemory.com\/lamarseillaise\/news\/wp-json\/wp\/v2\/posts\/37635\/revisions\/37637"}],"wp:featuredmedia":[{"embeddable":true,"href":"https:\/\/euapp01.newsmemory.com\/lamarseillaise\/news\/wp-json\/wp\/v2\/media\/37636"}],"wp:attachment":[{"href":"https:\/\/euapp01.newsmemory.com\/lamarseillaise\/news\/wp-json\/wp\/v2\/media?parent=37635"}],"wp:term":[{"taxonomy":"category","embeddable":true,"href":"https:\/\/euapp01.newsmemory.com\/lamarseillaise\/news\/wp-json\/wp\/v2\/categories?post=37635"},{"taxonomy":"post_tag","embeddable":true,"href":"https:\/\/euapp01.newsmemory.com\/lamarseillaise\/news\/wp-json\/wp\/v2\/tags?post=37635"},{"taxonomy":"news-destination","embeddable":true,"href":"https:\/\/euapp01.newsmemory.com\/lamarseillaise\/news\/wp-json\/wp\/v2\/news-destination?post=37635"},{"taxonomy":"news-source","embeddable":true,"href":"https:\/\/euapp01.newsmemory.com\/lamarseillaise\/news\/wp-json\/wp\/v2\/news-source?post=37635"},{"taxonomy":"is_homepage","embeddable":true,"href":"https:\/\/euapp01.newsmemory.com\/lamarseillaise\/news\/wp-json\/wp\/v2\/is_homepage?post=37635"},{"taxonomy":"ta_other","embeddable":true,"href":"https:\/\/euapp01.newsmemory.com\/lamarseillaise\/news\/wp-json\/wp\/v2\/ta_other?post=37635"}],"curies":[{"name":"wp","href":"https:\/\/api.w.org\/{rel}","templated":true}]}}