{"id":37632,"date":"2026-07-28T08:32:01","date_gmt":"2026-07-28T06:32:01","guid":{"rendered":"https:\/\/euapp01.newsmemory.com\/lamarseillaise\/news\/?p=37632"},"modified":"2026-08-03T07:14:50","modified_gmt":"2026-08-03T05:14:50","slug":"la-nouvelle-aventure-istreenne-de-matthieu-ong-legende-daix","status":"publish","type":"post","link":"https:\/\/euapp01.newsmemory.com\/lamarseillaise\/news\/2026\/07\/28\/la-nouvelle-aventure-istreenne-de-matthieu-ong-legende-daix\/","title":{"rendered":"La nouvelle aventure istr\u00e9enne de Matthieu Ong, l\u00e9gende d\u2019Aix"},"content":{"rendered":"<div class=\"paragraph\">\n<p>Une page se tourne. Form\u00e9 au Pauc et professionnel depuis 2013, Matthieu Ong, 34\u00a0ans, a sign\u00e9 pour deux ans \u00e0 Istres (ProLigue). Le club aixois ne souhaitant \u00ab\u00a0<i>pas prolonger<\/i>\u00a0\u00bb l\u2019aventure, selon l\u2019ancien capitaine, Istres s\u2019est positionn\u00e9 \u00ab<i>\u00a0<\/i><i>assez t\u00f4t<\/i><i>\u00a0<\/i>\u00bb sur le joueur. \u00ab<i>\u00a0<\/i><i>J\u2019ai discut\u00e9 avec le pr\u00e9sident et l\u2019entra\u00eeneur. Ce qu\u2019ils m\u2019ont propos\u00e9 me convenait parfaitement<\/i><i>\u00a0<\/i>\u00bb, raconte l\u2019ailier gauche de formation, s\u00e9duit par le recrutement et le projet de jeu du club. D\u2019autres propositions lui ont \u00e9t\u00e9 faites, mais \u00ab<i>\u00a0<\/i><i>pas au point d\u2019avoir un contrat sur la table<\/i><i>\u00a0<\/i>\u00bb.<\/p>\n<p>Cette signature marque un \u00ab<i>\u00a0<\/i><i>retour aux sources<\/i><i>\u00a0<\/i>\u00bb pour Matthieu Ong, pass\u00e9 au p\u00f4le espoirs d\u2019Istres\u00a0: \u00ab<i>\u00a0<\/i><i>Je connais un peu l\u2019environnement. Mon lyc\u00e9e \u00e9tait juste en face de la salle o\u00f9 on s\u2019entra\u00eene.<\/i><i>\u00a0<\/i>\u00bb Chez les Taureaux, il retrouvera L\u00e9o Martinez, son co\u00e9quipier au p\u00f4le espoirs, et Louis Despreaux, avec qui il a \u00e9volu\u00e9 deux saisons au Pauc, qu\u2019il \u00ab<i>\u00a0<\/i><i>conna\u00eet tr\u00e8s bien<\/i><i>\u00a0<\/i>\u00bb.<\/p>\n<\/p><\/div>\n<div class=\"intext\"> \u00ab\u00a0Aix, c\u2019est ma maison\u00a0\u00bb\n              <\/div>\n<div class=\"paragraph\">\n<p>Arriv\u00e9 \u00e0 Aix-en-Provence en petite section de maternelle avec sa famille, le natif de Clichy a pass\u00e9 toute son enfance dans les Bouches-du-Rh\u00f4ne. \u00ab\u00a0<i>J\u2019avais \u00e0 c\u0153ur de rester dans ma r\u00e9gion. J\u2019y suis tr\u00e8s attach\u00e9<\/i>, confie-t-il. <i>Je suis aussi attach\u00e9 \u00e0 ma mer. Ma deuxi\u00e8me passion, c\u2019est l\u2019apn\u00e9e et la chasse sous-marine. C\u2019est une activit\u00e9 que je peux aussi faire en \u00e9tant \u00e0 Istres. C\u2019est quelque chose d\u2019essentiel pour mon \u00e9quilibre. \u00c7a me permet de couper dans des semaines qui sont parfois un peu compliqu\u00e9es.<\/i><i>\u00a0<\/i>\u00bb<i> <\/i>Ses parents et sa s\u0153ur, volleyeuse internationale, habitent toujours la r\u00e9gion. \u00ab<i>\u00a0<\/i><i>Toute ma famille est proche de moi, \u00e7a joue aussi.<\/i> <i>Ma vie est dans les Bouches-du-Rh\u00f4ne<\/i><i>\u00a0<\/i>\u00bb, exprime celui qui est papa d\u2019une petite fille de deux ans.<\/p>\n<p>Pur produit aixois, avec un d\u00e9tour au centre de formation du HBC Nantes de 2010 \u00e0 2012, Matthieu Ong a jou\u00e9 25\u00a0saisons au Pauc. \u00ab<i>\u00a0<\/i><i>Aix, c\u2019est ma maison. J\u2019y ai pass\u00e9 des moments extraordinaires. Aujourd\u2019hui, j\u2019ai tourn\u00e9 la page. Aix est derri\u00e8re moi et j\u2019en garde que de bons souvenirs.<\/i><i>\u00a0<\/i>\u00bb Comme cette premi\u00e8re victoire d\u2019Aix \u00e0 Montpellier. \u00ab<i>\u00a0<\/i><i>C\u2019\u00e9tait quelque chose<\/i>, se souvient-il. <i>Ce n\u2019\u00e9tait pas arriv\u00e9 depuis un moment et tr\u00e8s peu d\u2019\u00e9quipes y parviennent. C\u2019est un point d\u2019orgue dans une carri\u00e8re.<\/i>\u00a0\u00bb Sans oublier son premier match de Coupe d\u2019Europe<i>. <\/i>\u00ab<i>\u00a0<\/i><i>En commen\u00e7ant ma carri\u00e8re, je n\u2019aurais jamais imagin\u00e9 que je jouerai la Coupe d\u2019Europe. Pouvoir la jouer quatre saisons avec Aix, c\u2019\u00e9tait tr\u00e8s sympa.<\/i><i>\u00a0<\/i>\u00bb<i><\/i><\/p>\n<p>Le fils de l\u2019ancien handballeur et agent, Bhakti Ong, ne cache pas sa d\u00e9ception face \u00e0 l\u2019arr\u00eat de son aventure aixoise cette ann\u00e9e\u00a0: \u00ab<i>\u00a0<\/i><i>J\u2019aurais bien fini ma carri\u00e8re \u00e0 Aix, mais ce ne sont pas des choses qu\u2019on d\u00e9cide et qu\u2019on contr\u00f4le.<\/i><i>\u00a0<\/i>\u00bb \u00c0 Istres, Matthieu Ong d\u00e9couvrira la deuxi\u00e8me division. L\u2019objectif du club \u00e9tant de remonter en premi\u00e8re division. \u00ab<i>\u00a0<\/i><i>Je suis tr\u00e8s content d\u2019aller \u00e0 Istres. C\u2019est un challenge sympa de jouer la mont\u00e9e. Ce que j\u2019attends, c\u2019est que tout le monde donne le meilleur de soi-m\u00eame. J\u2019ai h\u00e2te de montrer ce que je sais faire \u00e0 mon nouveau club, j\u2019ai envie de les aider le mieux possible.<\/i><i>\u00a0<\/i>\u00bb<\/p>\n<\/p><\/div>\n","protected":false},"excerpt":{"rendered":"Une page se tourne. Form&eacute; au Pauc et professionnel depuis 2013, Matthieu Ong, 34&nbsp;ans, a sign&eacute; pour deux ans &agrave; Istres (ProLigue). Le club aixois ne souhaitant &laquo;&nbsp;pas prolonger&nbsp;&raquo; l&rsquo;aventure, selon &#8230;","protected":false},"author":1,"featured_media":37633,"comment_status":"open","ping_status":"open","sticky":false,"template":"","format":"standard","meta":{"footnotes":""},"categories":[3926,3925,4069,7],"tags":[10,44,902,837],"news-destination":[3944],"news-source":[475],"is_homepage":[],"ta_other":[],"class_list":["post-37632","post","type-post","status-publish","format-standard","has-post-thumbnail","hentry","category-accueil-merge","category-accueil-third","category-sport","category-sports","tag-bouches-du-rhone","tag-handball","tag-pauc","tag-recrutement","news-destination-homepage","news-source-website"],"_links":{"self":[{"href":"https:\/\/euapp01.newsmemory.com\/lamarseillaise\/news\/wp-json\/wp\/v2\/posts\/37632","targetHints":{"allow":["GET"]}}],"collection":[{"href":"https:\/\/euapp01.newsmemory.com\/lamarseillaise\/news\/wp-json\/wp\/v2\/posts"}],"about":[{"href":"https:\/\/euapp01.newsmemory.com\/lamarseillaise\/news\/wp-json\/wp\/v2\/types\/post"}],"author":[{"embeddable":true,"href":"https:\/\/euapp01.newsmemory.com\/lamarseillaise\/news\/wp-json\/wp\/v2\/users\/1"}],"replies":[{"embeddable":true,"href":"https:\/\/euapp01.newsmemory.com\/lamarseillaise\/news\/wp-json\/wp\/v2\/comments?post=37632"}],"version-history":[{"count":1,"href":"https:\/\/euapp01.newsmemory.com\/lamarseillaise\/news\/wp-json\/wp\/v2\/posts\/37632\/revisions"}],"predecessor-version":[{"id":37634,"href":"https:\/\/euapp01.newsmemory.com\/lamarseillaise\/news\/wp-json\/wp\/v2\/posts\/37632\/revisions\/37634"}],"wp:featuredmedia":[{"embeddable":true,"href":"https:\/\/euapp01.newsmemory.com\/lamarseillaise\/news\/wp-json\/wp\/v2\/media\/37633"}],"wp:attachment":[{"href":"https:\/\/euapp01.newsmemory.com\/lamarseillaise\/news\/wp-json\/wp\/v2\/media?parent=37632"}],"wp:term":[{"taxonomy":"category","embeddable":true,"href":"https:\/\/euapp01.newsmemory.com\/lamarseillaise\/news\/wp-json\/wp\/v2\/categories?post=37632"},{"taxonomy":"post_tag","embeddable":true,"href":"https:\/\/euapp01.newsmemory.com\/lamarseillaise\/news\/wp-json\/wp\/v2\/tags?post=37632"},{"taxonomy":"news-destination","embeddable":true,"href":"https:\/\/euapp01.newsmemory.com\/lamarseillaise\/news\/wp-json\/wp\/v2\/news-destination?post=37632"},{"taxonomy":"news-source","embeddable":true,"href":"https:\/\/euapp01.newsmemory.com\/lamarseillaise\/news\/wp-json\/wp\/v2\/news-source?post=37632"},{"taxonomy":"is_homepage","embeddable":true,"href":"https:\/\/euapp01.newsmemory.com\/lamarseillaise\/news\/wp-json\/wp\/v2\/is_homepage?post=37632"},{"taxonomy":"ta_other","embeddable":true,"href":"https:\/\/euapp01.newsmemory.com\/lamarseillaise\/news\/wp-json\/wp\/v2\/ta_other?post=37632"}],"curies":[{"name":"wp","href":"https:\/\/api.w.org\/{rel}","templated":true}]}}