{"id":37629,"date":"2026-07-28T07:33:00","date_gmt":"2026-07-28T05:33:00","guid":{"rendered":"https:\/\/euapp01.newsmemory.com\/lamarseillaise\/news\/?p=37629"},"modified":"2026-08-01T08:41:33","modified_gmt":"2026-08-01T06:41:33","slug":"hebergement-durgence-les-associations-a-bout-dans-les-bouches-du-rhone","status":"publish","type":"post","link":"https:\/\/euapp01.newsmemory.com\/lamarseillaise\/news\/2026\/07\/28\/hebergement-durgence-les-associations-a-bout-dans-les-bouches-du-rhone\/","title":{"rendered":"H\u00e9bergement d\u2019urgence, les associations \u00e0 bout dans les Bouches-du-Rh\u00f4ne"},"content":{"rendered":"<div class=\"paragraph\">\n<p>N<i>ous vous demandons, Monsieur le pr\u00e9fet, d\u2019\u00eatre le garant de l\u2019inconditionnalit\u00e9 de la mise \u00e0 l\u2019abri des personnes vuln\u00e9rables hors de toute autre consid\u00e9ration que leur besoin d\u2019un abri imm\u00e9diat, s\u00fbr et digne<\/i>.\u00a0\u00bb Dans un long courrier, argument\u00e9, en date 24\u00a0juillet, dont nous avons eu connaissance, le Service int\u00e9gr\u00e9 d\u2019accueil et d\u2019orientation (SIAO\u00a013), plateforme d\u00e9partementale qui g\u00e8re l\u2019h\u00e9bergement, l\u2019insertion et l\u2019acc\u00e8s au logement des personnes sans abri, regroupant une vingtaine d\u2019associations, dresse un bilan d\u00e9plorable des dispositifs d\u2019h\u00e9bergement d\u2019urgence.<\/p>\n<p>Elle d\u00e9nonce une politique publique ultra-restrictive avec \u00ab\u00a0<i>une s\u00e9lection des demandeurs en fonction de crit\u00e8res de vuln\u00e9rabilit\u00e9<\/i><i>\u00a0<\/i>\u00bb, une \u00ab\u00a0<i>orientation r\u00e9duite aux femmes victimes de violences intrafamiliales<\/i>\u00a0\u00bb, un acc\u00e8s aux centres d\u2019h\u00e9bergement et de r\u00e9insertion sociale et d\u2019urgence r\u00e9serv\u00e9 aux seuls m\u00e9nages issus d\u2019h\u00f4tels \u00ab\u00a0<i>excluant de fait tous les autres<\/i><i>\u00a0<\/i>\u00bb. Elle pointe \u00e9galement l\u2019exclusion de l\u2019accueil des m\u00e8res isol\u00e9es avec au moins un enfant de moins de 3\u00a0ans, au motif que leur prise en charge rel\u00e8ve du D\u00e9partement. Autant de crit\u00e8res qui ont conduit \u00e0 \u00ab\u00a0<i>un d\u00e9mant\u00e8lement complet des possibilit\u00e9s de mise \u00e0 l\u2019abri<\/i>\u00a0\u00bb, s\u2019indigne le SIAO.<\/p>\n<\/p><\/div>\n<div class=\"intext\"> 90\u00a0% des appels au 115<br \/>\n               <br \/>sans solution\n              <\/div>\n<div class=\"paragraph\">\n<p>Pire, \u00ab\u00a0<i>\u00e0 ce jour, le 115 n\u2019offre aucune solution pour 90<\/i><i>\u00a0<\/i><i>% des appels re\u00e7us malgr\u00e9 l\u2019ouverture des haltes de nuit, 267<\/i><i>\u00a0<\/i><i>personnes restant quotidiennement sans r\u00e9ponse<\/i>\u00a0\u00bb, d\u00e9plore la plateforme. \u00ab\u00a0<i>Tout semble indiquer que (&#8230;) la politique publique d\u2019accompagnement de la rue au logement sur notre d\u00e9partement est aujourd\u2019hui focalis\u00e9e \u00e0 l\u2019exc\u00e8s sur le respect d\u2019une cible de nuit\u00e9es h\u00f4teli\u00e8res de 1<\/i><i>\u00a0<\/i><i>500<\/i><i>\u00a0<\/i><i>personnes par jour, soit 547<\/i><i>\u00a0<\/i><i>500 nuit\u00e9es par an<\/i>\u00a0\u00bb, analyse le SIAO. Un potentiel de nuit\u00e9es compromis par \u00ab\u00a0<i>les op\u00e9rations de renouvellement urbain, les \u00e9vacuations de campement, ou encore les dispositifs exceptionnels comme les plans Grand froid ou Canicule<\/i><i>\u00a0<\/i>\u00bb.<\/p>\n<p>Violences sexuelles, exploitations, emprise&#8230; En tant qu\u2019associatifs de terrain, \u00ab\u00a0<i>nous constatons quotidiennement les risques majeurs encourus par les femmes auxquelles aucune solution n\u2019est propos\u00e9e<\/i>\u00a0\u00bb, t\u00e9moigne le SIAO, ajoutant que pour les enfants, les cons\u00e9quences sont tout aussi dramatiques avec rupture de scolarit\u00e9, difficult\u00e9s d\u2019acc\u00e8s aux soins, ins\u00e9curit\u00e9 permanente qui porte atteinte \u00e0 leur d\u00e9veloppement. Un \u00ab\u00a0<i>co\u00fbt financier et humain<\/i>\u00a0\u00bb qui \u00ab\u00a0<i>produira dans les ann\u00e9es \u00e0 venir son lot de malheurs<\/i>\u00a0\u00bb, entre \u00ab\u00a0<i>violences, d\u00e9linquances, traite d\u2019\u00eatres humains et trafics en tout genre<\/i><i>\u00a0<\/i>\u00bb, alerte le SIAO.<\/p>\n<p>C\u2019est \u00e0 la fois un \u00ab<i>\u00a0<\/i><i>cri d\u2019indignation<\/i><i>\u00a0<\/i>\u00bb et \u00ab\u00a0<i>un combat<\/i>\u00a0\u00bb que porte la plateforme d\u00e9partementale, s\u2019interrogeant \u00ab\u00a0<i>tr\u00e8s s\u00e9rieusement<\/i>\u00a0\u00bb sur son maintien au sein du dispositif. D\u00e9cision que le SIAO prendra lors de sa prochaine assembl\u00e9e g\u00e9n\u00e9rale, en septembre, en fonction de la r\u00e9ponse du pr\u00e9fet, pr\u00e9vient-il.<\/p>\n<p>Contact\u00e9e, la pr\u00e9fecture se refuse \u00e0 tout commentaire. \u00c0 noter qu\u2019un march\u00e9 public pour l\u2019h\u00e9bergement d\u2019urgence des personnes sans domicile en Provence-Alpes-C\u00f4te d\u2019Azur a \u00e9t\u00e9 lanc\u00e9, en f\u00e9vrier, aupr\u00e8s des h\u00f4teliers. De quoi \u00ab\u00a0<i>optimiser le taux d\u2019occupation de leurs \u00e9tablissements tout au long de l\u2019ann\u00e9e, s\u00e9curiser leurs revenus et s\u2019inscrire dans une action \u00e0 forte utilit\u00e9 sociale<\/i>\u00a0\u00bb, vantait alors la pr\u00e9fecture. Selon le dernier bilan de la Dreets (Direction r\u00e9gionale de l\u2019\u00e9conomie de l\u2019emploi, du travail et des solidarit\u00e9s) Paca, en date de novembre\u00a02025, quelque 20\u00a0070\u00a0personnes et 12\u00a0460\u00a0m\u00e9nages ont sollicit\u00e9 le 115, en 2024, dans le d\u00e9partement. Au final, trois demandes sur quatre n\u2019aboutissent pas \u00e0 un h\u00e9bergement.<\/p>\n<\/p><\/div>\n","protected":false},"excerpt":{"rendered":"Nous vous demandons, Monsieur le pr&eacute;fet, d&rsquo;&ecirc;tre le garant de l&rsquo;inconditionnalit&eacute; de la mise &agrave; l&rsquo;abri des personnes vuln&eacute;rables hors de toute autre consid&eacute;ration que leur besoin d&rsquo;un &#8230;","protected":false},"author":1,"featured_media":37630,"comment_status":"open","ping_status":"open","sticky":false,"template":"","format":"standard","meta":{"footnotes":""},"categories":[3926,3925,20],"tags":[1091,138,10,2395,387,2721,3626,2423,809,80,2471,2292,3313,1941,1304],"news-destination":[3944],"news-source":[475],"is_homepage":[],"ta_other":[],"class_list":["post-37629","post","type-post","status-publish","format-standard","has-post-thumbnail","hentry","category-accueil-merge","category-accueil-third","category-societe","tag-alerte","tag-associations","tag-bouches-du-rhone","tag-demantelement","tag-femmes","tag-hebergement","tag-hebergement-durgence","tag-insecurite","tag-orientation","tag-paca","tag-prise-en-charge","tag-reinsertion","tag-sans-domicile","tag-victimes","tag-violences-sexuelles","news-destination-homepage","news-source-website"],"_links":{"self":[{"href":"https:\/\/euapp01.newsmemory.com\/lamarseillaise\/news\/wp-json\/wp\/v2\/posts\/37629","targetHints":{"allow":["GET"]}}],"collection":[{"href":"https:\/\/euapp01.newsmemory.com\/lamarseillaise\/news\/wp-json\/wp\/v2\/posts"}],"about":[{"href":"https:\/\/euapp01.newsmemory.com\/lamarseillaise\/news\/wp-json\/wp\/v2\/types\/post"}],"author":[{"embeddable":true,"href":"https:\/\/euapp01.newsmemory.com\/lamarseillaise\/news\/wp-json\/wp\/v2\/users\/1"}],"replies":[{"embeddable":true,"href":"https:\/\/euapp01.newsmemory.com\/lamarseillaise\/news\/wp-json\/wp\/v2\/comments?post=37629"}],"version-history":[{"count":1,"href":"https:\/\/euapp01.newsmemory.com\/lamarseillaise\/news\/wp-json\/wp\/v2\/posts\/37629\/revisions"}],"predecessor-version":[{"id":37631,"href":"https:\/\/euapp01.newsmemory.com\/lamarseillaise\/news\/wp-json\/wp\/v2\/posts\/37629\/revisions\/37631"}],"wp:featuredmedia":[{"embeddable":true,"href":"https:\/\/euapp01.newsmemory.com\/lamarseillaise\/news\/wp-json\/wp\/v2\/media\/37630"}],"wp:attachment":[{"href":"https:\/\/euapp01.newsmemory.com\/lamarseillaise\/news\/wp-json\/wp\/v2\/media?parent=37629"}],"wp:term":[{"taxonomy":"category","embeddable":true,"href":"https:\/\/euapp01.newsmemory.com\/lamarseillaise\/news\/wp-json\/wp\/v2\/categories?post=37629"},{"taxonomy":"post_tag","embeddable":true,"href":"https:\/\/euapp01.newsmemory.com\/lamarseillaise\/news\/wp-json\/wp\/v2\/tags?post=37629"},{"taxonomy":"news-destination","embeddable":true,"href":"https:\/\/euapp01.newsmemory.com\/lamarseillaise\/news\/wp-json\/wp\/v2\/news-destination?post=37629"},{"taxonomy":"news-source","embeddable":true,"href":"https:\/\/euapp01.newsmemory.com\/lamarseillaise\/news\/wp-json\/wp\/v2\/news-source?post=37629"},{"taxonomy":"is_homepage","embeddable":true,"href":"https:\/\/euapp01.newsmemory.com\/lamarseillaise\/news\/wp-json\/wp\/v2\/is_homepage?post=37629"},{"taxonomy":"ta_other","embeddable":true,"href":"https:\/\/euapp01.newsmemory.com\/lamarseillaise\/news\/wp-json\/wp\/v2\/ta_other?post=37629"}],"curies":[{"name":"wp","href":"https:\/\/api.w.org\/{rel}","templated":true}]}}