{"id":37626,"date":"2026-07-28T07:26:00","date_gmt":"2026-07-28T05:26:00","guid":{"rendered":"https:\/\/euapp01.newsmemory.com\/lamarseillaise\/news\/?p=37626"},"modified":"2026-08-01T08:41:33","modified_gmt":"2026-08-01T06:41:33","slug":"deux-incendiaires-presumes-face-aux-juges-a-toulon","status":"publish","type":"post","link":"https:\/\/euapp01.newsmemory.com\/lamarseillaise\/news\/2026\/07\/28\/deux-incendiaires-presumes-face-aux-juges-a-toulon\/","title":{"rendered":"Deux incendiaires pr\u00e9sum\u00e9s face aux juges \u00e0 Toulon"},"content":{"rendered":"<div class=\"paragraph\">\n<p>Dans le premier dossier, les gendarmes de la communaut\u00e9 de brigades de Pierrefeu-du-Var ont plac\u00e9 en garde \u00e0 vue, samedi, un mineur de 15\u00a0ans. L\u2019adolescent est soup\u00e7onn\u00e9 d\u2019\u00eatre \u00e0 l\u2019origine de deux incendies d\u00e9clench\u00e9s les 10 et 11\u00a0juillet, \u00ab\u00a0<i>pr\u00e8s de son domicile dans la for\u00eat de Valcros, \u00e0 Cuers<\/i>\u00a0\u00bb, indique Rapha\u00ebl Balland, procureur de la R\u00e9publique de Toulon, dans un communiqu\u00e9. Au total, pr\u00e8s de 600\u00a0m\u00b2 de v\u00e9g\u00e9tation avaient \u00e9t\u00e9 d\u00e9truits, n\u00e9cessitant l\u2019intervention de deux h\u00e9licopt\u00e8res bombardiers d\u2019eau.<\/p>\n<p>Selon les \u00e9l\u00e9ments communiqu\u00e9s par le parquet, le jeune homme a affirm\u00e9 aux gendarmes avoir \u00ab\u00a0<i>provoqu\u00e9 accidentellement l\u2019incendie du 10<\/i><i>\u00a0<\/i><i>juillet avec une cigarette mal \u00e9teinte, puis d\u00e9clench\u00e9 celui du 11<\/i><i>\u00a0<\/i><i>juillet en mettant le feu \u00e0 des \u00e9pines de pins \u00e0 l\u2019aide d\u2019un briquet<\/i>\u00a0\u00bb. Dot\u00e9 \u00ab\u00a0<i>d\u2019une personnalit\u00e9 fragile<\/i>\u00a0\u00bb, il a \u00e9t\u00e9 pr\u00e9sent\u00e9 \u00e0 un juge des enfants le 27\u00a0juillet et sera jug\u00e9 par le tribunal pour enfants de Toulon le 22\u00a0octobre prochain. D\u2019ici l\u00e0, il fera l\u2019objet d\u2019un suivi par la Protection judiciaire de la jeunesse dans le cadre d\u2019une mesure \u00e9ducative judiciaire incluant une obligation de soins.<\/p>\n<p>La seconde affaire concerne un homme de 39\u00a0ans plac\u00e9 en garde \u00e0 vue le 25\u00a0juillet \u00e0 Ollioules. Selon le procureur, il venait de \u00ab\u00a0<i>mettre le feu \u00e0 de la v\u00e9g\u00e9tation situ\u00e9e en bord de route, \u00e0 proximit\u00e9 du supermarch\u00e9 Lidl d\u2019Ollioules, d\u2019o\u00f9 il venait d\u2019\u00eatre refoul\u00e9 par un vigile en raison de son \u00e9tat d\u2019ivresse<\/i>\u00a0\u00bb. Le parquet indique que le mis en cause a affirm\u00e9 que cette mise \u00e0 feu, avec son briquet, \u00e9tait \u00ab\u00a0<i>accidentelle<\/i>\u00a0\u00bb, le briquet s\u2019\u00e9tant \u00ab\u00a0<i>bloqu\u00e9<\/i>\u00a0\u00bb au moment o\u00f9 il allumait une cigarette. L\u2019incendie, vite circonscrit par l\u2019action des policiers et de deux camions de pompiers, n\u2019avait provoqu\u00e9 qu\u2019une \u00ab\u00a0<i>destruction de 40 m\u00b2 de v\u00e9g\u00e9tation et la d\u00e9gradation d\u2019un c\u00e2ble EDF<\/i>\u00a0\u00bb.<\/p>\n<p>D\u00e9j\u00e0 condamn\u00e9 \u00e0 trois reprises \u00ab\u00a0<i>pour des faits d\u2019une autre nature et atteint d\u2019aucune alt\u00e9ration de son discernement selon le psychiatre qui l\u2019a examin\u00e9<\/i>\u00a0\u00bb, il sera jug\u00e9 en comparution imm\u00e9diate le 29\u00a0juillet du chef de destruction volontaire par incendie. Dans l\u2019attente, le juge des libert\u00e9s et de la d\u00e9tention l\u2019a plac\u00e9 en d\u00e9tention provisoire.<\/p>\n<\/p><\/div>\n","protected":false},"excerpt":{"rendered":"Dans le premier dossier, les gendarmes de la communaut&eacute; de brigades de Pierrefeu-du-Var ont plac&eacute; en garde &agrave; vue, samedi, un mineur de 15&nbsp;ans. L&rsquo;adolescent est soup&ccedil;onn&eacute; d&rsquo;&ecirc;tre &agrave; &#8230;","protected":false},"author":1,"featured_media":37627,"comment_status":"open","ping_status":"open","sticky":false,"template":"","format":"standard","meta":{"footnotes":""},"categories":[3926,3925,20],"tags":[202,1396,200,597,31],"news-destination":[3944],"news-source":[475],"is_homepage":[],"ta_other":[],"class_list":["post-37626","post","type-post","status-publish","format-standard","has-post-thumbnail","hentry","category-accueil-merge","category-accueil-third","category-societe","tag-condamnation","tag-incendies","tag-justice","tag-toulon","tag-var","news-destination-homepage","news-source-website"],"_links":{"self":[{"href":"https:\/\/euapp01.newsmemory.com\/lamarseillaise\/news\/wp-json\/wp\/v2\/posts\/37626","targetHints":{"allow":["GET"]}}],"collection":[{"href":"https:\/\/euapp01.newsmemory.com\/lamarseillaise\/news\/wp-json\/wp\/v2\/posts"}],"about":[{"href":"https:\/\/euapp01.newsmemory.com\/lamarseillaise\/news\/wp-json\/wp\/v2\/types\/post"}],"author":[{"embeddable":true,"href":"https:\/\/euapp01.newsmemory.com\/lamarseillaise\/news\/wp-json\/wp\/v2\/users\/1"}],"replies":[{"embeddable":true,"href":"https:\/\/euapp01.newsmemory.com\/lamarseillaise\/news\/wp-json\/wp\/v2\/comments?post=37626"}],"version-history":[{"count":1,"href":"https:\/\/euapp01.newsmemory.com\/lamarseillaise\/news\/wp-json\/wp\/v2\/posts\/37626\/revisions"}],"predecessor-version":[{"id":37628,"href":"https:\/\/euapp01.newsmemory.com\/lamarseillaise\/news\/wp-json\/wp\/v2\/posts\/37626\/revisions\/37628"}],"wp:featuredmedia":[{"embeddable":true,"href":"https:\/\/euapp01.newsmemory.com\/lamarseillaise\/news\/wp-json\/wp\/v2\/media\/37627"}],"wp:attachment":[{"href":"https:\/\/euapp01.newsmemory.com\/lamarseillaise\/news\/wp-json\/wp\/v2\/media?parent=37626"}],"wp:term":[{"taxonomy":"category","embeddable":true,"href":"https:\/\/euapp01.newsmemory.com\/lamarseillaise\/news\/wp-json\/wp\/v2\/categories?post=37626"},{"taxonomy":"post_tag","embeddable":true,"href":"https:\/\/euapp01.newsmemory.com\/lamarseillaise\/news\/wp-json\/wp\/v2\/tags?post=37626"},{"taxonomy":"news-destination","embeddable":true,"href":"https:\/\/euapp01.newsmemory.com\/lamarseillaise\/news\/wp-json\/wp\/v2\/news-destination?post=37626"},{"taxonomy":"news-source","embeddable":true,"href":"https:\/\/euapp01.newsmemory.com\/lamarseillaise\/news\/wp-json\/wp\/v2\/news-source?post=37626"},{"taxonomy":"is_homepage","embeddable":true,"href":"https:\/\/euapp01.newsmemory.com\/lamarseillaise\/news\/wp-json\/wp\/v2\/is_homepage?post=37626"},{"taxonomy":"ta_other","embeddable":true,"href":"https:\/\/euapp01.newsmemory.com\/lamarseillaise\/news\/wp-json\/wp\/v2\/ta_other?post=37626"}],"curies":[{"name":"wp","href":"https:\/\/api.w.org\/{rel}","templated":true}]}}