{"id":37623,"date":"2026-07-28T11:16:00","date_gmt":"2026-07-28T09:16:00","guid":{"rendered":"https:\/\/euapp01.newsmemory.com\/lamarseillaise\/news\/?p=37623"},"modified":"2026-08-03T07:14:50","modified_gmt":"2026-08-03T05:14:50","slug":"sylvie-vinceneux-la-collecte-du-pcf-aidera-les-sinistres","status":"publish","type":"post","link":"https:\/\/euapp01.newsmemory.com\/lamarseillaise\/news\/2026\/07\/28\/sylvie-vinceneux-la-collecte-du-pcf-aidera-les-sinistres\/","title":{"rendered":"Sylvie Vinceneux : \u00ab&nbsp;La collecte du PCF aidera les sinistr\u00e9s&nbsp;\u00bb"},"content":{"rendered":"<div class=\"paragraph\">\n<p><b>La Marseillaise :<\/b> <b>Comment est organis\u00e9e cette collecte ? <\/b><\/p>\n<p>Sylvie Vinceneux : La f\u00e9d\u00e9ration d\u00e9partementale du Parti Communiste Fran\u00e7ais du Var est le collecteur. Le but de la collecte, c\u2019est d\u2019aider les sinistr\u00e9s. On prend uniquement des ch\u00e8ques pour faciliter la tra\u00e7abilit\u00e9. Chaque section locale sera charg\u00e9e de les r\u00e9cup\u00e9rer et l\u2019ordre est \u00e0 mettre au nom de la f\u00e9d\u00e9ration du Var du Secours populaire. \u00c0 la fin de chaque semaine, on enverra les ch\u00e8ques \u00e0 l\u2019ONG.<\/p>\n<p><b>Pourquoi avoir choisi une collecte d\u2019argent plut\u00f4t de recueillir des dons en nature ? <\/b><\/p>\n<p>S.V. : Le Secours populaire nous a indiqu\u00e9 que le probl\u00e8me des dons en nature, c\u2019est la logistique. Il faut retrier les dons, pour v\u00e9rifier que rien ne soit p\u00e9rim\u00e9. Avec l\u2019urgence de la situation, cela leur donne une charge de travail suppl\u00e9mentaire, ce qui n\u2019est pas le cas quand ce sont des dons mon\u00e9taires.<\/p>\n<p><b>Pourquoi avoir choisi le Secours populaire<\/b><b>\u00a0<\/b><b>? <\/b><\/p>\n<p>S. V. : Dans le Var, l\u2019association est bien structur\u00e9e, elle est connect\u00e9e \u00e0 l\u2019ensemble du territoire, ce qui lui permet de r\u00e9pondre au mieux aux besoins des Varois.<\/p>\n<p><b>\u00c0 quoi cet argent va-t-il servir ? <\/b><\/p>\n<p>S. V. : L\u2019argent permettra de r\u00e9pondre aux besoins des sinistr\u00e9s. Il faut penser \u00e0 leurs besoins imm\u00e9diats et futurs. Les assureurs mettent du temps \u00e0 rembourser et ce n\u2019est pas toujours \u00e0 la hauteur des besoins des particuliers. Quand une personne a une voiture depuis 15\u00a0ans et qu\u2019elle a \u00e9t\u00e9 br\u00fbl\u00e9e, l\u2019assurance ne remboursera pas suffisamment pour l\u2019achat d\u2019une nouvelle voiture. Le Secours populaire pourra utiliser cette collecte pour r\u00e9pondre aux besoins des particuliers dans ces situations.<\/p>\n<\/p><\/div>\n","protected":false},"excerpt":{"rendered":"La Marseillaise : Comment est organis&eacute;e cette collecte ?","protected":false},"author":1,"featured_media":37624,"comment_status":"open","ping_status":"open","sticky":false,"template":"","format":"standard","meta":{"footnotes":""},"categories":[3926,3925,20],"tags":[2148,343,318,623,379,912,31],"news-destination":[3944],"news-source":[475],"is_homepage":[],"ta_other":[],"class_list":["post-37623","post","type-post","status-publish","format-standard","has-post-thumbnail","hentry","category-accueil-merge","category-accueil-third","category-societe","tag-collecte","tag-entretien","tag-feu","tag-parti-communiste","tag-particuliers","tag-secours-populaire","tag-var","news-destination-homepage","news-source-website"],"_links":{"self":[{"href":"https:\/\/euapp01.newsmemory.com\/lamarseillaise\/news\/wp-json\/wp\/v2\/posts\/37623","targetHints":{"allow":["GET"]}}],"collection":[{"href":"https:\/\/euapp01.newsmemory.com\/lamarseillaise\/news\/wp-json\/wp\/v2\/posts"}],"about":[{"href":"https:\/\/euapp01.newsmemory.com\/lamarseillaise\/news\/wp-json\/wp\/v2\/types\/post"}],"author":[{"embeddable":true,"href":"https:\/\/euapp01.newsmemory.com\/lamarseillaise\/news\/wp-json\/wp\/v2\/users\/1"}],"replies":[{"embeddable":true,"href":"https:\/\/euapp01.newsmemory.com\/lamarseillaise\/news\/wp-json\/wp\/v2\/comments?post=37623"}],"version-history":[{"count":2,"href":"https:\/\/euapp01.newsmemory.com\/lamarseillaise\/news\/wp-json\/wp\/v2\/posts\/37623\/revisions"}],"predecessor-version":[{"id":37687,"href":"https:\/\/euapp01.newsmemory.com\/lamarseillaise\/news\/wp-json\/wp\/v2\/posts\/37623\/revisions\/37687"}],"wp:featuredmedia":[{"embeddable":true,"href":"https:\/\/euapp01.newsmemory.com\/lamarseillaise\/news\/wp-json\/wp\/v2\/media\/37624"}],"wp:attachment":[{"href":"https:\/\/euapp01.newsmemory.com\/lamarseillaise\/news\/wp-json\/wp\/v2\/media?parent=37623"}],"wp:term":[{"taxonomy":"category","embeddable":true,"href":"https:\/\/euapp01.newsmemory.com\/lamarseillaise\/news\/wp-json\/wp\/v2\/categories?post=37623"},{"taxonomy":"post_tag","embeddable":true,"href":"https:\/\/euapp01.newsmemory.com\/lamarseillaise\/news\/wp-json\/wp\/v2\/tags?post=37623"},{"taxonomy":"news-destination","embeddable":true,"href":"https:\/\/euapp01.newsmemory.com\/lamarseillaise\/news\/wp-json\/wp\/v2\/news-destination?post=37623"},{"taxonomy":"news-source","embeddable":true,"href":"https:\/\/euapp01.newsmemory.com\/lamarseillaise\/news\/wp-json\/wp\/v2\/news-source?post=37623"},{"taxonomy":"is_homepage","embeddable":true,"href":"https:\/\/euapp01.newsmemory.com\/lamarseillaise\/news\/wp-json\/wp\/v2\/is_homepage?post=37623"},{"taxonomy":"ta_other","embeddable":true,"href":"https:\/\/euapp01.newsmemory.com\/lamarseillaise\/news\/wp-json\/wp\/v2\/ta_other?post=37623"}],"curies":[{"name":"wp","href":"https:\/\/api.w.org\/{rel}","templated":true}]}}