{"id":37617,"date":"2026-07-28T07:21:00","date_gmt":"2026-07-28T05:21:00","guid":{"rendered":"https:\/\/euapp01.newsmemory.com\/lamarseillaise\/news\/?p=37617"},"modified":"2026-07-28T10:18:20","modified_gmt":"2026-07-28T08:18:20","slug":"la-solidarite-mais-pas-que","status":"publish","type":"post","link":"https:\/\/euapp01.newsmemory.com\/lamarseillaise\/news\/2026\/07\/28\/la-solidarite-mais-pas-que\/","title":{"rendered":"La solidarit\u00e9, mais pas que"},"content":{"rendered":"<div class=\"paragraph\">\n<p>Une nouvelle canicule est annonc\u00e9e pour ce mardi par M\u00e9t\u00e9o-France avec un pic d\u2019intensit\u00e9 le mercredi 29\u00a0juillet. Encore une. Avec des pointes \u00e0 40\u00a0\u00b0C sur le Sud-Ouest. Bref, des temp\u00e9ratures qui ne vont pas aider \u00e0 la lutte contre les incendies. Face \u00e0 la tourmente, des actes de solidarit\u00e9 \u00e9mergent. Ainsi la cagnotte lanc\u00e9e dans tout le pays par le Secours populaire qui, fid\u00e8le \u00e0 ses valeurs, appelle aux dons financiers pour r\u00e9pondre aux besoins imm\u00e9diats et accompagner les familles sinistr\u00e9es dans la dur\u00e9e. Ou encore les agriculteurs qui dans le Var comme en Gironde, avec leurs tracteurs ou de simples utilitaires, pr\u00eatent main-forte aux pompiers, remplissant cuves et autres citernes ou piscines qui fournissent de pr\u00e9cieuses r\u00e9serves aux soldats du feu.<\/p>\n<p><b>L\u2019heure des comptes viendra<\/b><\/p>\n<p>Si la solidarit\u00e9 est fondamentale, tout ne peut pas reposer sur ses \u00e9paules et la lutte termin\u00e9e viendra l\u2019heure des comptes. D\u00e9j\u00e0 la col\u00e8re gronde face au manque d\u2019\u00e9quipement. Nul ne se satisfait des cris d\u2019orfraie des proches de Gabriel Attal accus\u00e9 d\u2019avoir emp\u00each\u00e9 l\u2019achat de deux canadairs. La porte-parole du gouvernement, Maud Bregeon, a beau crier \u00e0 la manipulation politique, les faits sont l\u00e0. En 21\u00a0f\u00e9vrier 2024, un d\u00e9cret sign\u00e9 par celui qui a alors la casquette de ministre des Comptes publics a annul\u00e9 \u00ab\u00a0<i>pr\u00e8s de 53<\/i><i>\u00a0<\/i><i>millions d&#8217;euros du programme 161<\/i><i>\u00a0<\/i>\u00bb destin\u00e9s \u00e0 l\u2019acquisition d\u2019appareils suppl\u00e9mentaires. R\u00e9sultat\u00a0: si en 2024 l\u2019achat de 4 canadairs avait \u00e9t\u00e9 annonc\u00e9, seulement deux ont \u00e9t\u00e9 contractualis\u00e9s.<\/p>\n<p>La col\u00e8re est telle qu\u2019Emmanuel Macron est mont\u00e9 au front hier, se rendant en Gironde pour appeler \u00e0 \u00ab\u00a0rester unis\u00a0\u00bb pour \u00ab\u00a0gagner\u00a0\u00bb cette longue bataille. mais l\u2019heure des comptes viendra.<\/p>\n<\/p><\/div>\n","protected":false},"excerpt":{"rendered":"Une nouvelle canicule est annonc&eacute;e pour ce mardi par M&eacute;t&eacute;o-France avec un pic d&rsquo;intensit&eacute; le mercredi 29&nbsp;juillet. Encore une. Avec des pointes &agrave; 40&nbsp;&deg;C sur le Sud-Ouest. Bref, des &#8230;","protected":false},"author":1,"featured_media":37618,"comment_status":"open","ping_status":"open","sticky":false,"template":"","format":"standard","meta":{"footnotes":""},"categories":[332],"tags":[314,575,851,1396,1188,31],"news-destination":[],"news-source":[475],"is_homepage":[],"ta_other":[],"class_list":["post-37617","post","type-post","status-publish","format-standard","has-post-thumbnail","hentry","category-edito","tag-canadair","tag-emmanuel-macron","tag-gabriel-attal","tag-incendies","tag-moyens","tag-var","news-source-website"],"_links":{"self":[{"href":"https:\/\/euapp01.newsmemory.com\/lamarseillaise\/news\/wp-json\/wp\/v2\/posts\/37617","targetHints":{"allow":["GET"]}}],"collection":[{"href":"https:\/\/euapp01.newsmemory.com\/lamarseillaise\/news\/wp-json\/wp\/v2\/posts"}],"about":[{"href":"https:\/\/euapp01.newsmemory.com\/lamarseillaise\/news\/wp-json\/wp\/v2\/types\/post"}],"author":[{"embeddable":true,"href":"https:\/\/euapp01.newsmemory.com\/lamarseillaise\/news\/wp-json\/wp\/v2\/users\/1"}],"replies":[{"embeddable":true,"href":"https:\/\/euapp01.newsmemory.com\/lamarseillaise\/news\/wp-json\/wp\/v2\/comments?post=37617"}],"version-history":[{"count":1,"href":"https:\/\/euapp01.newsmemory.com\/lamarseillaise\/news\/wp-json\/wp\/v2\/posts\/37617\/revisions"}],"predecessor-version":[{"id":37619,"href":"https:\/\/euapp01.newsmemory.com\/lamarseillaise\/news\/wp-json\/wp\/v2\/posts\/37617\/revisions\/37619"}],"wp:featuredmedia":[{"embeddable":true,"href":"https:\/\/euapp01.newsmemory.com\/lamarseillaise\/news\/wp-json\/wp\/v2\/media\/37618"}],"wp:attachment":[{"href":"https:\/\/euapp01.newsmemory.com\/lamarseillaise\/news\/wp-json\/wp\/v2\/media?parent=37617"}],"wp:term":[{"taxonomy":"category","embeddable":true,"href":"https:\/\/euapp01.newsmemory.com\/lamarseillaise\/news\/wp-json\/wp\/v2\/categories?post=37617"},{"taxonomy":"post_tag","embeddable":true,"href":"https:\/\/euapp01.newsmemory.com\/lamarseillaise\/news\/wp-json\/wp\/v2\/tags?post=37617"},{"taxonomy":"news-destination","embeddable":true,"href":"https:\/\/euapp01.newsmemory.com\/lamarseillaise\/news\/wp-json\/wp\/v2\/news-destination?post=37617"},{"taxonomy":"news-source","embeddable":true,"href":"https:\/\/euapp01.newsmemory.com\/lamarseillaise\/news\/wp-json\/wp\/v2\/news-source?post=37617"},{"taxonomy":"is_homepage","embeddable":true,"href":"https:\/\/euapp01.newsmemory.com\/lamarseillaise\/news\/wp-json\/wp\/v2\/is_homepage?post=37617"},{"taxonomy":"ta_other","embeddable":true,"href":"https:\/\/euapp01.newsmemory.com\/lamarseillaise\/news\/wp-json\/wp\/v2\/ta_other?post=37617"}],"curies":[{"name":"wp","href":"https:\/\/api.w.org\/{rel}","templated":true}]}}