{"id":37614,"date":"2026-07-28T07:22:00","date_gmt":"2026-07-28T05:22:00","guid":{"rendered":"https:\/\/euapp01.newsmemory.com\/lamarseillaise\/news\/?p=37614"},"modified":"2026-08-01T08:46:38","modified_gmt":"2026-08-01T06:46:38","slug":"dans-le-var-une-lutte-toujours-plus-intense-contre-le-feu","status":"publish","type":"post","link":"https:\/\/euapp01.newsmemory.com\/lamarseillaise\/news\/2026\/07\/28\/dans-le-var-une-lutte-toujours-plus-intense-contre-le-feu\/","title":{"rendered":"Dans le Var, une lutte toujours plus intense contre le feu"},"content":{"rendered":"<div class=\"paragraph\">\n<p>Selon la pr\u00e9fecture du Var, \u00ab\u00a0<i>les reprises de feu se sont renforc\u00e9es du c\u00f4t\u00e9 de Barjols, Correns et Ch\u00e2teauvert<\/i>\u00a0\u00bb, ce lundi. Mais ces r\u00e9activations, \u00e0 Barjols et \u00e0 Correns, \u00ab\u00a0<i>ont pu \u00eatre circonscrites gr\u00e2ce \u00e0 l\u2019action des moyens a\u00e9riens et des \u00e9quipes au sol<\/i>\u00a0\u00bb, pr\u00e9cisait le point de situation des services de l\u2019<span class=\"mln_uppercase_mln\">\u00e9<\/span>tat, lundi \u00e0 22h. Les autorit\u00e9s soulignent que le feu \u00ab\u00a0<i>n\u2019est toujours pas fix\u00e9<\/i>\u00a0\u00bb et que les sapeurs-pompiers \u00ab\u00a0<i>luttent toujours d\u2019arrache-pied<\/i>\u00a0\u00bb pour contenir le feu \u00ab\u00a0<i>dans son p\u00e9rim\u00e8tre<\/i>\u00a0\u00bb. Cette journ\u00e9e \u00e9tait signal\u00e9e comme \u00ab\u00a0<i>\u00e0 risque<\/i>\u00a0\u00bb par les autorit\u00e9s avec la reprise du mistral et des temp\u00e9ratures \u00e9lev\u00e9es. 4\u00a0500\u00a0hectares ont br\u00fbl\u00e9 et des milliers de personnes \u00e9vacu\u00e9es.<\/p>\n<p>Les moyens a\u00e9riens, jusque-l\u00e0 compos\u00e9s de trois h\u00e9licopt\u00e8res bombardiers d\u2019eau dont un lourd, ont \u00e9t\u00e9 renforc\u00e9s, avec \u00ab\u00a0<i>trois Canadair arriv\u00e9s sur zone<\/i>\u00a0\u00bb. La nuit \u00ab\u00a0<i>devrait \u00eatre plus calme avec la tomb\u00e9e du vent et un taux d\u2019humidit\u00e9 de l\u2019air plus important<\/i>\u00a0\u00bb, esp\u00e9rait la pr\u00e9fecture, lundi soir. Avant d\u2019ajouter\u00a0: \u00ab\u00a0<i>Les 1<\/i><i>\u00a0<\/i><i>000<\/i><i>\u00a0<\/i><i>sapeurs-pompiers et leurs 270<\/i><i>\u00a0<\/i><i>engins au sol vont profiter de cette accalmie pour poursuivre le travail sur les lisi\u00e8res qui repr\u00e9sentent un lin\u00e9aire de 160<\/i><i>\u00a0<\/i><i>km en tout, afin de contenir le feu, alors qu\u2019une brise de sud-est est attendue pour mardi apr\u00e8s-midi<\/i>\u00a0\u00bb.<\/p>\n<p>Le bilan mat\u00e9riel s\u2019est alourdi. Les services de l\u2019<span class=\"mln_uppercase_mln\">\u00e9<\/span>tat recensaient, lundi soir, 60\u00a0habitations touch\u00e9es, dont 33\u00a0enti\u00e8rement d\u00e9truites. Dans des p\u00e9rim\u00e8tres toujours sous consignes d\u2019\u00e9vacuations, les forces de l\u2019ordre ont signal\u00e9, lundi, des personnes qui regagnaient leurs habitations. \u00ab<i>\u00a0<\/i><i>Ces comportements les mettent en danger et entravent l\u2019action des services engag\u00e9s sur le terrain<\/i><i>\u00a0<\/i>\u00bb, condamne la pr\u00e9fecture.<\/p>\n<p>Une centaine de militaires est mobilis\u00e9e de \u00ab\u00a0<i>en arri\u00e8re du front, pour aider les sapeurs-pompiers \u00e0 traiter les lisi\u00e8res<\/i>\u00a0\u00bb, pr\u00e9cise la pr\u00e9fecture. Les massifs ont \u00e9galement \u00e9t\u00e9 mis sous surveillance avec 500\u00a0personnes sur le terrain et 50\u00a0patrouilles ont \u00e9t\u00e9 d\u00e9ploy\u00e9es.<\/p>\n<p>Lundi, en fin de journ\u00e9e, un camion-citerne \u00ab\u00a0<i>s\u2019est retourn\u00e9 et est tomb\u00e9 en contrebas de la route alors qu\u2019il se rendait sur un feu<\/i>\u00a0\u00bb, pr\u00e9cise la pr\u00e9fecture. Elle ajoute\u00a0: \u00ab\u00a0<i>Les quatre sapeurs-pompiers du Var pr\u00e9sents \u00e0 l\u2019int\u00e9rieur ont \u00e9t\u00e9 transport\u00e9s vers les h\u00f4pitaux de Toulon et de Brignoles. Les premiers examens ont confirm\u00e9 le caract\u00e8re l\u00e9ger de leurs blessures.<\/i><i>\u00a0<\/i>\u00bb<\/p>\n<\/p><\/div>\n","protected":false},"excerpt":{"rendered":"Selon la pr&eacute;fecture du Var, &laquo;&nbsp;les reprises de feu se sont renforc&eacute;es du c&ocirc;t&eacute; de Barjols, Correns et Ch&acirc;teauvert&nbsp;&raquo;, ce lundi. Mais ces r&eacute;activations, &agrave; Barjols et &agrave; Correns, &#8230;","protected":false},"author":1,"featured_media":37615,"comment_status":"open","ping_status":"open","sticky":false,"template":"","format":"standard","meta":{"footnotes":""},"categories":[3923,3926,20],"tags":[319,31],"news-destination":[3944],"news-source":[475],"is_homepage":[],"ta_other":[],"class_list":["post-37614","post","type-post","status-publish","format-standard","has-post-thumbnail","hentry","category-accueil-first","category-accueil-merge","category-societe","tag-incendie","tag-var","news-destination-homepage","news-source-website"],"_links":{"self":[{"href":"https:\/\/euapp01.newsmemory.com\/lamarseillaise\/news\/wp-json\/wp\/v2\/posts\/37614","targetHints":{"allow":["GET"]}}],"collection":[{"href":"https:\/\/euapp01.newsmemory.com\/lamarseillaise\/news\/wp-json\/wp\/v2\/posts"}],"about":[{"href":"https:\/\/euapp01.newsmemory.com\/lamarseillaise\/news\/wp-json\/wp\/v2\/types\/post"}],"author":[{"embeddable":true,"href":"https:\/\/euapp01.newsmemory.com\/lamarseillaise\/news\/wp-json\/wp\/v2\/users\/1"}],"replies":[{"embeddable":true,"href":"https:\/\/euapp01.newsmemory.com\/lamarseillaise\/news\/wp-json\/wp\/v2\/comments?post=37614"}],"version-history":[{"count":1,"href":"https:\/\/euapp01.newsmemory.com\/lamarseillaise\/news\/wp-json\/wp\/v2\/posts\/37614\/revisions"}],"predecessor-version":[{"id":37616,"href":"https:\/\/euapp01.newsmemory.com\/lamarseillaise\/news\/wp-json\/wp\/v2\/posts\/37614\/revisions\/37616"}],"wp:featuredmedia":[{"embeddable":true,"href":"https:\/\/euapp01.newsmemory.com\/lamarseillaise\/news\/wp-json\/wp\/v2\/media\/37615"}],"wp:attachment":[{"href":"https:\/\/euapp01.newsmemory.com\/lamarseillaise\/news\/wp-json\/wp\/v2\/media?parent=37614"}],"wp:term":[{"taxonomy":"category","embeddable":true,"href":"https:\/\/euapp01.newsmemory.com\/lamarseillaise\/news\/wp-json\/wp\/v2\/categories?post=37614"},{"taxonomy":"post_tag","embeddable":true,"href":"https:\/\/euapp01.newsmemory.com\/lamarseillaise\/news\/wp-json\/wp\/v2\/tags?post=37614"},{"taxonomy":"news-destination","embeddable":true,"href":"https:\/\/euapp01.newsmemory.com\/lamarseillaise\/news\/wp-json\/wp\/v2\/news-destination?post=37614"},{"taxonomy":"news-source","embeddable":true,"href":"https:\/\/euapp01.newsmemory.com\/lamarseillaise\/news\/wp-json\/wp\/v2\/news-source?post=37614"},{"taxonomy":"is_homepage","embeddable":true,"href":"https:\/\/euapp01.newsmemory.com\/lamarseillaise\/news\/wp-json\/wp\/v2\/is_homepage?post=37614"},{"taxonomy":"ta_other","embeddable":true,"href":"https:\/\/euapp01.newsmemory.com\/lamarseillaise\/news\/wp-json\/wp\/v2\/ta_other?post=37614"}],"curies":[{"name":"wp","href":"https:\/\/api.w.org\/{rel}","templated":true}]}}