{"id":37604,"date":"2026-07-27T07:51:00","date_gmt":"2026-07-27T05:51:00","guid":{"rendered":"https:\/\/euapp01.newsmemory.com\/lamarseillaise\/news\/?p=37604"},"modified":"2026-07-27T10:09:27","modified_gmt":"2026-07-27T08:09:27","slug":"la-tournee-dete-la-marseillaise-entre-rire-hommage-et-concerts","status":"publish","type":"post","link":"https:\/\/euapp01.newsmemory.com\/lamarseillaise\/news\/2026\/07\/27\/la-tournee-dete-la-marseillaise-entre-rire-hommage-et-concerts\/","title":{"rendered":"La Tourn\u00e9e d\u2019\u00e9t\u00e9 La Marseillaise entre rire, hommage et concerts"},"content":{"rendered":"<div class=\"paragraph\">\n<p>Belle \u00e9tape pour la Tourn\u00e9e d\u2019\u00e9t\u00e9 La Marseillaise ce dimanche soir \u00e0 Sept\u00e8mes-les-Vallons.<\/p>\n<p>Au Vallon du maire, l\u2019humoriste Kamel a ouvert la soir\u00e9e en faisant \u00e9clater de rire le public sept\u00e9mois quitte \u00e0 l\u2019\u00e9gratigner un peu dans son r\u00f4le de chauffeur de bus marseillais borderline.<\/p>\n<p>Sur sc\u00e8ne, C\u00e9line Sciortino, pr\u00e9sidente du comit\u00e9 des f\u00eates a salu\u00e9 l\u2019implication de ses b\u00e9n\u00e9voles. Andr\u00e9 Molino, maire de la commune, a eu une pens\u00e9e pour Paul Fadda qui fut un pr\u00e9sident embl\u00e9matique du comit\u00e9 des f\u00eates tout en soulignant \u00ab\u00a0<i>qu\u2019il y a 30<\/i><i>\u00a0<\/i><i>ans, c\u2019est ici que la Tourn\u00e9e d\u2019\u00e9t\u00e9 La Marseillaise a d\u00e9but\u00e9<\/i><i>\u00a0<\/i>\u00bb dans sa forme actuelle. L\u2019occasion de faire ovationner Roland Villalonga qui en \u00e9tait \u00e0 l\u2019origine et de faire monter sur sc\u00e8ne Andr\u00e9 Picca, artisan de la tourn\u00e9e durant des d\u00e9cennies.<\/p>\n<\/p><\/div>\n<div class=\"intext\"> Les b\u00e9n\u00e9voles<br \/>\n               <br \/>mis \u00e0 l\u2019honneur\n              <\/div>\n<div class=\"paragraph\">\n<p>L\u00e9o Purguette, pr\u00e9sident et directeur \u00e9ditorial de La\u00a0Marseillaise et Maryan Barthelemy, directeur des \u00e9v\u00e9nements, ont ensuite c\u00e9l\u00e9br\u00e9 l\u2019engagement des b\u00e9n\u00e9voles pour notre journal \u00e0 l\u2019occasion de l\u2019anniversaire de St\u00e9phanie qui, avec Lucile, a notamment repris le flambeau de Marie-H\u00e9l\u00e8ne et Marcelle, pr\u00e9sentes dimanche soir pour la premi\u00e8re fois en tant qu\u2019invit\u00e9es et non plus b\u00e9n\u00e9voles.<\/p>\n<p>La prestation de Tribute Michel Berger a prolong\u00e9 la soir\u00e9e avec les plus beaux succ\u00e8s du c\u00e9l\u00e8bre chanteur et compositeur de <i>Starmania<\/i>. De quoi faire monter l\u2019ambiance d\u2019un cran. C\u2019est le DJ Herbie Lite qui a cl\u00f4tur\u00e9 la soir\u00e9e en mixant les airs les plus dansants du moment.<\/p>\n<p>Les Amis de La Marseillaise ont profit\u00e9 de la soir\u00e9e pour remettre \u00e0 notre journal un don de 3\u00a0000\u00a0euros suite \u00e0 la tombola organis\u00e9e pendant le Mondial La Marseillaise \u00e0 p\u00e9tanque. Merci \u00e0 tous\u00a0!<\/p>\n<p>Rendez-vous mercredi \u00e0 la Plaine \u00e0 Marseille pour la suite de la Tourn\u00e9e\u00a0!<\/p>\n<\/p><\/div>\n","protected":false},"excerpt":{"rendered":"Belle &eacute;tape pour la Tourn&eacute;e d&rsquo;&eacute;t&eacute; La Marseillaise ce dimanche soir &agrave; Sept&egrave;mes-les-Vallons. Au Vallon du maire, l&rsquo;humoriste Kamel a ouvert la soir&eacute;e en faisant &eacute;clater de rire le &#8230;","protected":false},"author":1,"featured_media":37605,"comment_status":"open","ping_status":"open","sticky":false,"template":"","format":"standard","meta":{"footnotes":""},"categories":[32],"tags":[4486,10,34,325,2047,1279],"news-destination":[],"news-source":[475],"is_homepage":[],"ta_other":[],"class_list":["post-37604","post","type-post","status-publish","format-standard","has-post-thumbnail","hentry","category-culture","tag-andre-molino","tag-bouches-du-rhone","tag-concert","tag-musique","tag-septemes-les-vallons","tag-tournee-dete-la-marseillaise","news-source-website"],"_links":{"self":[{"href":"https:\/\/euapp01.newsmemory.com\/lamarseillaise\/news\/wp-json\/wp\/v2\/posts\/37604","targetHints":{"allow":["GET"]}}],"collection":[{"href":"https:\/\/euapp01.newsmemory.com\/lamarseillaise\/news\/wp-json\/wp\/v2\/posts"}],"about":[{"href":"https:\/\/euapp01.newsmemory.com\/lamarseillaise\/news\/wp-json\/wp\/v2\/types\/post"}],"author":[{"embeddable":true,"href":"https:\/\/euapp01.newsmemory.com\/lamarseillaise\/news\/wp-json\/wp\/v2\/users\/1"}],"replies":[{"embeddable":true,"href":"https:\/\/euapp01.newsmemory.com\/lamarseillaise\/news\/wp-json\/wp\/v2\/comments?post=37604"}],"version-history":[{"count":1,"href":"https:\/\/euapp01.newsmemory.com\/lamarseillaise\/news\/wp-json\/wp\/v2\/posts\/37604\/revisions"}],"predecessor-version":[{"id":37606,"href":"https:\/\/euapp01.newsmemory.com\/lamarseillaise\/news\/wp-json\/wp\/v2\/posts\/37604\/revisions\/37606"}],"wp:featuredmedia":[{"embeddable":true,"href":"https:\/\/euapp01.newsmemory.com\/lamarseillaise\/news\/wp-json\/wp\/v2\/media\/37605"}],"wp:attachment":[{"href":"https:\/\/euapp01.newsmemory.com\/lamarseillaise\/news\/wp-json\/wp\/v2\/media?parent=37604"}],"wp:term":[{"taxonomy":"category","embeddable":true,"href":"https:\/\/euapp01.newsmemory.com\/lamarseillaise\/news\/wp-json\/wp\/v2\/categories?post=37604"},{"taxonomy":"post_tag","embeddable":true,"href":"https:\/\/euapp01.newsmemory.com\/lamarseillaise\/news\/wp-json\/wp\/v2\/tags?post=37604"},{"taxonomy":"news-destination","embeddable":true,"href":"https:\/\/euapp01.newsmemory.com\/lamarseillaise\/news\/wp-json\/wp\/v2\/news-destination?post=37604"},{"taxonomy":"news-source","embeddable":true,"href":"https:\/\/euapp01.newsmemory.com\/lamarseillaise\/news\/wp-json\/wp\/v2\/news-source?post=37604"},{"taxonomy":"is_homepage","embeddable":true,"href":"https:\/\/euapp01.newsmemory.com\/lamarseillaise\/news\/wp-json\/wp\/v2\/is_homepage?post=37604"},{"taxonomy":"ta_other","embeddable":true,"href":"https:\/\/euapp01.newsmemory.com\/lamarseillaise\/news\/wp-json\/wp\/v2\/ta_other?post=37604"}],"curies":[{"name":"wp","href":"https:\/\/api.w.org\/{rel}","templated":true}]}}