{"id":37601,"date":"2026-07-27T07:42:00","date_gmt":"2026-07-27T05:42:00","guid":{"rendered":"https:\/\/euapp01.newsmemory.com\/lamarseillaise\/news\/?p=37601"},"modified":"2026-08-01T08:46:38","modified_gmt":"2026-08-01T06:46:38","slug":"des-cours-de-stand-up-pour-des-apprentis-humoristes","status":"publish","type":"post","link":"https:\/\/euapp01.newsmemory.com\/lamarseillaise\/news\/2026\/07\/27\/des-cours-de-stand-up-pour-des-apprentis-humoristes\/","title":{"rendered":"Des cours de stand-up pour des apprentis humoristes"},"content":{"rendered":"<div class=\"paragraph\">\n<p>N<i>otre objectif c\u2019est que nos \u00e9l\u00e8ves fassent de l\u2019humour leur m\u00e9tier.<\/i>\u00a0\u00bb S\u00e9bastien Mei, fondateur du Marseille Comedy Club, voulait \u00ab\u00a0<i>\u00e9lever le niveau g\u00e9n\u00e9ral des humoristes marseillais<\/i><i>\u00a0<\/i>\u00bb. Alors il a eu une id\u00e9e\u00a0: proposer des cours de stand-up au c\u0153ur de son Comedy Club, et encadr\u00e9s par plusieurs professionnels marseillais de l\u2019humour, dont Pascal Tino. 2025-2026 signe la premi\u00e8re ann\u00e9e de cette formation.<\/p>\n<p>L\u2019apprentissage se d\u00e9roule pendant un an et se divise en deux formules. Pour les humoristes d\u00e9butants ou avec peu d\u2019exp\u00e9rience, deux heures par semaine sont conseill\u00e9es\u00a0: \u00ab\u00a0<i>O<\/i><i>n reprend la base d\u2019une blague, avec la pr\u00e9misse, l\u2019angle et la punchline<\/i>\u00a0\u00bb, d\u00e9crypte S\u00e9bastien. Pour les plus rod\u00e9s, un parcours professionnalisant existe. Au programme, six heures de cours par semaine, avec des week-ends anim\u00e9s par des humoristes de renom, comme Tania Dutel. \u00ab\u00a0<i>Et chaque samedi \u00e0 18h, on organise une sc\u00e8ne d\u00e9di\u00e9e \u00e0 nos \u00e9l\u00e8ves pour qu\u2019ils puissent tester leurs blagues en conditions r\u00e9elles<\/i>\u00a0\u00bb, ajoute le fondateur.<\/p>\n<p>Une exp\u00e9rience riche en rencontres. Apr\u00e8s trois ans de stand-up, Laurent Ledon a opt\u00e9 pour la formation professionnalisante du Marseille Comedy Club\u00a0: \u00ab\u00a0<i>On a parl\u00e9 avec beaucoup d\u2019humoristes confirm\u00e9s et \u00e7a a enlev\u00e9 mes points d\u2019interrogation sur la profession.<\/i><i>\u00a0<\/i>\u00bb Il explique que chaque intervenant a son domaine de sp\u00e9cialit\u00e9. \u00ab\u00a0<i>J\u2019ai appris comment positionner mon corps et ma voix de mani\u00e8re comique. Mes sketchs aujourd\u2019hui ont vraiment progress\u00e9 par rapport \u00e0 l\u2019ann\u00e9e derni\u00e8re<\/i><i>\u00a0<\/i>\u00bb, raconte l\u2019humoriste.<\/p>\n<\/p><\/div>\n<div class=\"paragraph\">\n<p><i>Tarifs<\/i><i>\u00a0<\/i><i> : 80 \u20ac par mois pour 2<\/i><i>\u00a0<\/i><i>heures par semaine. 230 \u20ac par mois pour 6 heures par semaine.<\/i><\/p>\n<\/p><\/div>\n","protected":false},"excerpt":{"rendered":"Notre objectif c&rsquo;est que nos &eacute;l&egrave;ves fassent de l&rsquo;humour leur m&eacute;tier.&nbsp;&raquo; S&eacute;bastien Mei, fondateur du Marseille Comedy Club, voulait &laquo;&nbsp;&eacute;lever le niveau g&eacute;n&eacute;ral des &#8230;","protected":false},"author":1,"featured_media":37602,"comment_status":"open","ping_status":"open","sticky":false,"template":"","format":"standard","meta":{"footnotes":""},"categories":[3926,3925,20],"tags":[16],"news-destination":[3944],"news-source":[475],"is_homepage":[],"ta_other":[],"class_list":["post-37601","post","type-post","status-publish","format-standard","has-post-thumbnail","hentry","category-accueil-merge","category-accueil-third","category-societe","tag-marseille","news-destination-homepage","news-source-website"],"_links":{"self":[{"href":"https:\/\/euapp01.newsmemory.com\/lamarseillaise\/news\/wp-json\/wp\/v2\/posts\/37601","targetHints":{"allow":["GET"]}}],"collection":[{"href":"https:\/\/euapp01.newsmemory.com\/lamarseillaise\/news\/wp-json\/wp\/v2\/posts"}],"about":[{"href":"https:\/\/euapp01.newsmemory.com\/lamarseillaise\/news\/wp-json\/wp\/v2\/types\/post"}],"author":[{"embeddable":true,"href":"https:\/\/euapp01.newsmemory.com\/lamarseillaise\/news\/wp-json\/wp\/v2\/users\/1"}],"replies":[{"embeddable":true,"href":"https:\/\/euapp01.newsmemory.com\/lamarseillaise\/news\/wp-json\/wp\/v2\/comments?post=37601"}],"version-history":[{"count":1,"href":"https:\/\/euapp01.newsmemory.com\/lamarseillaise\/news\/wp-json\/wp\/v2\/posts\/37601\/revisions"}],"predecessor-version":[{"id":37603,"href":"https:\/\/euapp01.newsmemory.com\/lamarseillaise\/news\/wp-json\/wp\/v2\/posts\/37601\/revisions\/37603"}],"wp:featuredmedia":[{"embeddable":true,"href":"https:\/\/euapp01.newsmemory.com\/lamarseillaise\/news\/wp-json\/wp\/v2\/media\/37602"}],"wp:attachment":[{"href":"https:\/\/euapp01.newsmemory.com\/lamarseillaise\/news\/wp-json\/wp\/v2\/media?parent=37601"}],"wp:term":[{"taxonomy":"category","embeddable":true,"href":"https:\/\/euapp01.newsmemory.com\/lamarseillaise\/news\/wp-json\/wp\/v2\/categories?post=37601"},{"taxonomy":"post_tag","embeddable":true,"href":"https:\/\/euapp01.newsmemory.com\/lamarseillaise\/news\/wp-json\/wp\/v2\/tags?post=37601"},{"taxonomy":"news-destination","embeddable":true,"href":"https:\/\/euapp01.newsmemory.com\/lamarseillaise\/news\/wp-json\/wp\/v2\/news-destination?post=37601"},{"taxonomy":"news-source","embeddable":true,"href":"https:\/\/euapp01.newsmemory.com\/lamarseillaise\/news\/wp-json\/wp\/v2\/news-source?post=37601"},{"taxonomy":"is_homepage","embeddable":true,"href":"https:\/\/euapp01.newsmemory.com\/lamarseillaise\/news\/wp-json\/wp\/v2\/is_homepage?post=37601"},{"taxonomy":"ta_other","embeddable":true,"href":"https:\/\/euapp01.newsmemory.com\/lamarseillaise\/news\/wp-json\/wp\/v2\/ta_other?post=37601"}],"curies":[{"name":"wp","href":"https:\/\/api.w.org\/{rel}","templated":true}]}}