{"id":37598,"date":"2026-07-27T07:46:00","date_gmt":"2026-07-27T05:46:00","guid":{"rendered":"https:\/\/euapp01.newsmemory.com\/lamarseillaise\/news\/?p=37598"},"modified":"2026-08-01T08:46:38","modified_gmt":"2026-08-01T06:46:38","slug":"dans-les-hautes-alpes-le-feu-toujours-en-cours-ne-progresse-plus","status":"publish","type":"post","link":"https:\/\/euapp01.newsmemory.com\/lamarseillaise\/news\/2026\/07\/27\/dans-les-hautes-alpes-le-feu-toujours-en-cours-ne-progresse-plus\/","title":{"rendered":"Dans les Hautes-Alpes, le feu toujours en cours ne progresse plus"},"content":{"rendered":"<div class=\"paragraph\">\n<p>Selon un point d\u2019information de la pr\u00e9fecture des Hautes-Alpes, dimanche soir, \u00ab<i>\u00a0<\/i><i>le feu <\/i>[entre les communes de L\u2019Argenti\u00e8re-La Bess\u00e9e et Freissini\u00e8res]<i> n\u2019a plus progress\u00e9 depuis maintenant 24h gr\u00e2ce \u00e0 l\u2019action des groupes d\u2019intervention et de lutte mobilis\u00e9s toute la journ\u00e9e. La surface parcourue par le feu reste estim\u00e9e \u00e0 510 hectares. Aucune victime civile n\u2019est \u00e0 d\u00e9plorer. Aucune habitation n\u2019a \u00e9t\u00e9 endommag\u00e9e<\/i><i>\u00a0<\/i>\u00bb.<\/p>\n<p>La pr\u00e9fecture pr\u00e9cise que \u00ab\u00a0<i>depuis le d\u00e9but de la crise, cinq sapeurs-pompiers ont \u00e9t\u00e9 l\u00e9g\u00e8rement bless\u00e9s au cours des op\u00e9rations. L\u2019action des secours se concentre d\u00e9sormais sur le traitement des nombreux points chauds persistants, pour \u00e9viter et combattre toute reprise de feu par moyens terrestres comme a\u00e9riens. Un drone de reconnaissance a \u00e9t\u00e9 affect\u00e9 aujourd\u2019hui \u00e0 la d\u00e9tection de ces points chauds<\/i><i>\u00a0<\/i>\u00bb. Un total de 136\u00a0sapeurs-pompiers et militaires, appuy\u00e9s par 46\u00a0engins, demeurent mobilis\u00e9s pour lutter contre l\u2019incendie. L\u2019h\u00e9licopt\u00e8re bombardier d\u2019eau l\u00e9ger, affr\u00e9t\u00e9 par le territoire ainsi que les deux h\u00e9licopt\u00e8res bombardiers d\u2019eau (renforts nationaux), sont affect\u00e9s au traitement des reprises dans les endroits difficiles d\u2019acc\u00e8s.<\/p>\n<p>Pour la pr\u00e9fecture \u00ab<i>\u00a0<\/i><i>les chutes de pierre restent un risque majeur, \u00e0 la fois pour la s\u00e9curit\u00e9 de nos intervenants, et pour la r\u00e9\u00e9valuation des mesures d\u2019\u00e9vacuation et de fermeture des routes. Les mesures de protection des populations, notamment l\u2019\u00e9vacuation de certaines habitations demeurent inchang\u00e9es<\/i><i>\u00a0<\/i>\u00bb. D\u00e8s ce lundi, les services experts de l\u2019\u00c9tat d\u00e9cideront d\u2019une strat\u00e9gie de r\u00e9\u00e9valuation de l\u2019exposition aux chutes de blocs des hameaux \u00e9vacu\u00e9s. Pour garantir la s\u00e9curit\u00e9 des personnes et faciliter l\u2019action des secours, la RD 138A et RD38 entre la RD138A et Pallon restent ferm\u00e9es \u00e0 la circulation. La RD 38B qui avait \u00e9t\u00e9 interdite sauf aux riverains est rouverte.<\/p>\n<\/p><\/div>\n","protected":false},"excerpt":{"rendered":"Selon un point d&rsquo;information de la pr&eacute;fecture des Hautes-Alpes, dimanche soir, &laquo;&nbsp;le feu [entre les communes de L&rsquo;Argenti&egrave;re-La Bess&eacute;e et Freissini&egrave;res] n&rsquo;a plus progress&eacute; depuis &#8230;","protected":false},"author":1,"featured_media":37599,"comment_status":"open","ping_status":"open","sticky":false,"template":"","format":"standard","meta":{"footnotes":""},"categories":[3926,3925,20],"tags":[1396],"news-destination":[3944],"news-source":[475],"is_homepage":[],"ta_other":[],"class_list":["post-37598","post","type-post","status-publish","format-standard","has-post-thumbnail","hentry","category-accueil-merge","category-accueil-third","category-societe","tag-incendies","news-destination-homepage","news-source-website"],"_links":{"self":[{"href":"https:\/\/euapp01.newsmemory.com\/lamarseillaise\/news\/wp-json\/wp\/v2\/posts\/37598","targetHints":{"allow":["GET"]}}],"collection":[{"href":"https:\/\/euapp01.newsmemory.com\/lamarseillaise\/news\/wp-json\/wp\/v2\/posts"}],"about":[{"href":"https:\/\/euapp01.newsmemory.com\/lamarseillaise\/news\/wp-json\/wp\/v2\/types\/post"}],"author":[{"embeddable":true,"href":"https:\/\/euapp01.newsmemory.com\/lamarseillaise\/news\/wp-json\/wp\/v2\/users\/1"}],"replies":[{"embeddable":true,"href":"https:\/\/euapp01.newsmemory.com\/lamarseillaise\/news\/wp-json\/wp\/v2\/comments?post=37598"}],"version-history":[{"count":1,"href":"https:\/\/euapp01.newsmemory.com\/lamarseillaise\/news\/wp-json\/wp\/v2\/posts\/37598\/revisions"}],"predecessor-version":[{"id":37600,"href":"https:\/\/euapp01.newsmemory.com\/lamarseillaise\/news\/wp-json\/wp\/v2\/posts\/37598\/revisions\/37600"}],"wp:featuredmedia":[{"embeddable":true,"href":"https:\/\/euapp01.newsmemory.com\/lamarseillaise\/news\/wp-json\/wp\/v2\/media\/37599"}],"wp:attachment":[{"href":"https:\/\/euapp01.newsmemory.com\/lamarseillaise\/news\/wp-json\/wp\/v2\/media?parent=37598"}],"wp:term":[{"taxonomy":"category","embeddable":true,"href":"https:\/\/euapp01.newsmemory.com\/lamarseillaise\/news\/wp-json\/wp\/v2\/categories?post=37598"},{"taxonomy":"post_tag","embeddable":true,"href":"https:\/\/euapp01.newsmemory.com\/lamarseillaise\/news\/wp-json\/wp\/v2\/tags?post=37598"},{"taxonomy":"news-destination","embeddable":true,"href":"https:\/\/euapp01.newsmemory.com\/lamarseillaise\/news\/wp-json\/wp\/v2\/news-destination?post=37598"},{"taxonomy":"news-source","embeddable":true,"href":"https:\/\/euapp01.newsmemory.com\/lamarseillaise\/news\/wp-json\/wp\/v2\/news-source?post=37598"},{"taxonomy":"is_homepage","embeddable":true,"href":"https:\/\/euapp01.newsmemory.com\/lamarseillaise\/news\/wp-json\/wp\/v2\/is_homepage?post=37598"},{"taxonomy":"ta_other","embeddable":true,"href":"https:\/\/euapp01.newsmemory.com\/lamarseillaise\/news\/wp-json\/wp\/v2\/ta_other?post=37598"}],"curies":[{"name":"wp","href":"https:\/\/api.w.org\/{rel}","templated":true}]}}