{"id":37595,"date":"2026-07-27T07:52:00","date_gmt":"2026-07-27T05:52:00","guid":{"rendered":"https:\/\/euapp01.newsmemory.com\/lamarseillaise\/news\/?p=37595"},"modified":"2026-08-01T08:46:38","modified_gmt":"2026-08-01T06:46:38","slug":"des-incendies-devastateurs-ravagent-lespagne","status":"publish","type":"post","link":"https:\/\/euapp01.newsmemory.com\/lamarseillaise\/news\/2026\/07\/27\/des-incendies-devastateurs-ravagent-lespagne\/","title":{"rendered":"Des incendies d\u00e9vastateurs ravagent l\u2019Espagne"},"content":{"rendered":"<div class=\"paragraph\">\n<p>Les incendies continuent de se propager violemment dans diff\u00e9rentes r\u00e9gions d\u2019Espagne. C\u2019est depuis le milieu de la semaine, l\u2019ouest de la communaut\u00e9 de Madrid et les r\u00e9gions d\u2019Avila et de Tol\u00e8de qui sont la proie des flammes et depuis samedi la province de Castellon. Depuis samedi, c\u2019est pr\u00e8s de Valencia \u00e0 Manises que s\u2019est d\u00e9clar\u00e9 un incendie d\u00e9sormais sous contr\u00f4le, on d\u00e9plore une personne d\u00e9c\u00e9d\u00e9e. Un autre front s\u2019est ouvert \u00e0 Vall d\u2019Uixo dans la province de Castellon o\u00f9 16\u00a0000\u00a0personnes ont \u00e9t\u00e9 \u00e9vacu\u00e9es, cet incendie tr\u00e8s pr\u00e9occupant est actuellement hors de contr\u00f4le.<\/p>\n<p>Les incendies de la r\u00e9gion de Madrid et d\u2019Avila, qui \u00e9taient encore dimanche matin difficiles \u00e0 contr\u00f4ler du fait du vent qui souffle sans discontinuer, sont contenus depuis hier apr\u00e8s-midi. Au moins 88\u00a0500\u00a0personnes ont \u00e9t\u00e9 contraintes d\u2019\u00e9vacuer leurs maisons ou de s\u2019y confiner. 45\u00a0000\u00a0hectares ont \u00e9t\u00e9 d\u00e9cim\u00e9s. L\u2019\u00e9tat d\u2019urgence nationale a \u00e9t\u00e9 d\u00e9cr\u00e9t\u00e9 par le gouvernement pour les r\u00e9gions de Madrid, Avila et Tol\u00e8de. Au total en Espagne ce sont 120\u00a0000\u00a0personnes qui sont d\u2019ores et d\u00e9j\u00e0 affect\u00e9es par ces incendies. Le chef du gouvernement Pedro Sanchez a fait le point de la situation ce dimanche \u00e0 11 heures depuis le poste de commandement \u00e0 Navaluenga r\u00e9gion d\u2019Avila.<\/p>\n<\/p><\/div>\n<div class=\"intext\"> Un pacte d\u2019\u00c9tat face<br \/>\n               <br \/>\u00e0 l\u2019urgence climatique\n              <\/div>\n<div class=\"paragraph\">\n<p>Entour\u00e9 du maire d\u2019Avila et du pr\u00e9sident de la communaut\u00e9 Castilla- L\u00e9on, Pedro Sanchez a adress\u00e9 ses remerciements et sa reconnaissance aux effectifs des services publics\u00a0: \u00ab\u00a0<i>Je voudrais ajouter \u00e0 ces remerciements, la communaut\u00e9 autonome de Castilla la Mancha qui hier a int\u00e9gr\u00e9 le commandement unique que nous avons cr\u00e9\u00e9 suite aux incendies dans la province de Tol\u00e8de. Je salue l\u2019aide de notre pays fr\u00e8re, le Portugal<\/i><i>\u00a0<\/i>\u00bb, relevant que la nuit de samedi sur le front des incendies avait \u00e9t\u00e9 plus positive, il a insist\u00e9 sur la n\u00e9cessit\u00e9 pour les populations impact\u00e9es de privil\u00e9gier la pr\u00e9vention et la vigilance. \u00ab\u00a0<i>Samedi, nous donnions le chiffre de 130<\/i><i>\u00a0<\/i><i>000 hectares affect\u00e9s depuis le d\u00e9but de l\u2019ann\u00e9e, aujourd\u2019hui nous sommes au-dessus de 150<\/i><i>\u00a0<\/i><i>000<\/i><i>\u00a0<\/i><i>hectares plus de 20<\/i><i>\u00a0<\/i><i>000<\/i><i>\u00a0<\/i><i>hectares br\u00fbl\u00e9s en plus en moins de 24 heures, avec une dizaine d\u2019incendies, et 32 depuis le d\u00e9but de l\u2019ann\u00e9e. C\u2019est-\u00e0-dire six fois plus que l\u2019ann\u00e9e derni\u00e8re \u00e0 la m\u00eame date<\/i>.\u00a0\u00bb Le chef du gouvernement a estim\u00e9 qu\u2019il \u00e9tait n\u00e9cessaire que tous les acteurs politiques et institutionnels, civils et sociaux aient une r\u00e9flexion ensemble. \u00ab\u00a0<i>C\u2019est une exigence, c\u2019est un devoir moral que nous devons mat\u00e9rialiser dans un grand pacte d\u2019\u00c9tat face \u00e0 l\u2019urgence climatique. Les incendies ont toujours exist\u00e9 mais leur multiplication, ces climats extr\u00eames o\u00f9 l\u2019on passe d\u2019une temp\u00eate \u00e0 un grand incendie, nous indiquent ce que la science nous a dit d\u00e9j\u00e0 depuis longtemps, nous devons non seulement donner une r\u00e9ponse \u00e0 ces \u00e9v\u00e9nements climatiques, mais on doit aussi int\u00e9grer les donn\u00e9es de la science pour que nous faisions les meilleures politiques en faveur de nos concitoyens. On doit le faire \u00e0 tous les niveaux en mettant les ressources \u00e9conomiques n\u00e9cessaires<\/i>\u00a0\u00bb, a affirm\u00e9 Pedro Sanchez. Le chef du gouvernement a conclu en r\u00e9affirmant la pr\u00e9sence de l\u2019\u00c9tat et sa vigilance de tous les instants face \u00e0 cette catastrophe et annonc\u00e9 de prochaines mesures\u00a0: \u00ab\u00a0<i>Mardi en conseil des ministres nous approuverons un Royal d\u00e9cret-loi pour d\u00e9clarer les zones affect\u00e9es en catastrophe naturelle et apporter toutes les aides n\u00e9cessaires aux citoyens et collectivit\u00e9s<\/i>.\u00a0\u00bb<\/p>\n<p>Hier apr\u00e8s-midi, l\u2019incendie de Vall d\u2019Uixo dans la province de Castellon demeurait incontr\u00f4l\u00e9 avec un bilan provisoire de 4\u00a0500\u00a0hectares d\u00e9truits. Le dispositif en place a \u00e9t\u00e9 renforc\u00e9 par l\u2019envoi de plusieurs h\u00e9licopt\u00e8res.<\/p>\n<\/p><\/div>\n","protected":false},"excerpt":{"rendered":"Les incendies continuent de se propager violemment dans diff&eacute;rentes r&eacute;gions d&rsquo;Espagne. C&rsquo;est depuis le milieu de la semaine, l&rsquo;ouest de la communaut&eacute; de Madrid et les r&eacute;gions d&rsquo;Avila et de &#8230;","protected":false},"author":1,"featured_media":37596,"comment_status":"open","ping_status":"open","sticky":false,"template":"","format":"standard","meta":{"footnotes":""},"categories":[3926,3925,337],"tags":[1220,1396,2416],"news-destination":[3944],"news-source":[475],"is_homepage":[],"ta_other":[],"class_list":["post-37595","post","type-post","status-publish","format-standard","has-post-thumbnail","hentry","category-accueil-merge","category-accueil-third","category-international","tag-espagne","tag-incendies","tag-pedro-sanchez","news-destination-homepage","news-source-website"],"_links":{"self":[{"href":"https:\/\/euapp01.newsmemory.com\/lamarseillaise\/news\/wp-json\/wp\/v2\/posts\/37595","targetHints":{"allow":["GET"]}}],"collection":[{"href":"https:\/\/euapp01.newsmemory.com\/lamarseillaise\/news\/wp-json\/wp\/v2\/posts"}],"about":[{"href":"https:\/\/euapp01.newsmemory.com\/lamarseillaise\/news\/wp-json\/wp\/v2\/types\/post"}],"author":[{"embeddable":true,"href":"https:\/\/euapp01.newsmemory.com\/lamarseillaise\/news\/wp-json\/wp\/v2\/users\/1"}],"replies":[{"embeddable":true,"href":"https:\/\/euapp01.newsmemory.com\/lamarseillaise\/news\/wp-json\/wp\/v2\/comments?post=37595"}],"version-history":[{"count":1,"href":"https:\/\/euapp01.newsmemory.com\/lamarseillaise\/news\/wp-json\/wp\/v2\/posts\/37595\/revisions"}],"predecessor-version":[{"id":37597,"href":"https:\/\/euapp01.newsmemory.com\/lamarseillaise\/news\/wp-json\/wp\/v2\/posts\/37595\/revisions\/37597"}],"wp:featuredmedia":[{"embeddable":true,"href":"https:\/\/euapp01.newsmemory.com\/lamarseillaise\/news\/wp-json\/wp\/v2\/media\/37596"}],"wp:attachment":[{"href":"https:\/\/euapp01.newsmemory.com\/lamarseillaise\/news\/wp-json\/wp\/v2\/media?parent=37595"}],"wp:term":[{"taxonomy":"category","embeddable":true,"href":"https:\/\/euapp01.newsmemory.com\/lamarseillaise\/news\/wp-json\/wp\/v2\/categories?post=37595"},{"taxonomy":"post_tag","embeddable":true,"href":"https:\/\/euapp01.newsmemory.com\/lamarseillaise\/news\/wp-json\/wp\/v2\/tags?post=37595"},{"taxonomy":"news-destination","embeddable":true,"href":"https:\/\/euapp01.newsmemory.com\/lamarseillaise\/news\/wp-json\/wp\/v2\/news-destination?post=37595"},{"taxonomy":"news-source","embeddable":true,"href":"https:\/\/euapp01.newsmemory.com\/lamarseillaise\/news\/wp-json\/wp\/v2\/news-source?post=37595"},{"taxonomy":"is_homepage","embeddable":true,"href":"https:\/\/euapp01.newsmemory.com\/lamarseillaise\/news\/wp-json\/wp\/v2\/is_homepage?post=37595"},{"taxonomy":"ta_other","embeddable":true,"href":"https:\/\/euapp01.newsmemory.com\/lamarseillaise\/news\/wp-json\/wp\/v2\/ta_other?post=37595"}],"curies":[{"name":"wp","href":"https:\/\/api.w.org\/{rel}","templated":true}]}}