{"id":37592,"date":"2026-07-27T14:36:00","date_gmt":"2026-07-27T12:36:00","guid":{"rendered":"https:\/\/euapp01.newsmemory.com\/lamarseillaise\/news\/?p=37592"},"modified":"2026-07-27T14:56:53","modified_gmt":"2026-07-27T12:56:53","slug":"lete-des-petits-freres-des-pauvres-contre-lisolement-des-aines-a-marseille","status":"publish","type":"post","link":"https:\/\/euapp01.newsmemory.com\/lamarseillaise\/news\/2026\/07\/27\/lete-des-petits-freres-des-pauvres-contre-lisolement-des-aines-a-marseille\/","title":{"rendered":"L\u2019\u00e9t\u00e9 des Petits Fr\u00e8res des Pauvres contre l\u2019isolement des a\u00een\u00e9s \u00e0 Marseille"},"content":{"rendered":"<div class=\"paragraph\">\n<p>P<i>our que les personnes \u00e2g\u00e9es ne soient pas seules pendant les vacances, qu\u2019elles aient encore des projets<\/i><i>\u00a0<\/i>\u00bb, s\u2019enthousiasme Anne Salvador, b\u00e9n\u00e9vole depuis 20\u00a0ans au sein de l\u2019association les Petits fr\u00e8res des pauvres et responsable de la campagne Le Marnier. Bastide avec un grand jardin, la maison d\u2019accueil \u00e0 la journ\u00e9e et si\u00e8ge de la branche marseillaise de la structure, se remplit de b\u00e9n\u00e9voles et de personnes \u00e2g\u00e9es pour les journ\u00e9es estivales. \u00ab\u00a0<i>Toute l\u2019ann\u00e9e on accompagne des personnes de plus de 50 ans souffrant de solitude, qu\u2019elles habitent \u00e0 domicile, en maison de retraite ou \u00e0 la rue. L\u2019\u00e9t\u00e9, on organise 20<\/i><i>\u00a0<\/i><i>journ\u00e9es estivales de rencontre et d\u2019activit\u00e9<\/i><i>\u00a0<\/i>\u00bb, explique Anne Salvador.<\/p>\n<p>Les journ\u00e9es se partagent entre petit-d\u00e9jeuner, ap\u00e9ritif, d\u00e9jeuner et activit\u00e9 du jour. Ce mardi 21\u00a0juillet, c\u2019est chanson et coiffure. \u00ab\u00a0<i>C\u2019est un moment de bonheur, tr\u00e8s festif et c\u2019est tr\u00e8s bien cuisin\u00e9<\/i><i>\u00a0<\/i>\u00bb, applaudit Claudine, accompagn\u00e9e par les Petits Fr\u00e8res des Pauvres depuis 2\u00a0ans. Dans le jardin, sous la tonnelle, tous partagent un moment de convivialit\u00e9 autour du d\u00e9jeuner. Ils profitent de la fra\u00eecheur des arbres, de la brise et du chant des cigales, particuli\u00e8rement bruyant en ce milieu de journ\u00e9e. \u00ab\u00a0<i>Qui veut un autre yaourt glac\u00e9<\/i><i>\u00a0<\/i><i>?<\/i><i>\u00a0<\/i>\u00bb, \u00ab\u00a0<i>Qui veut des p\u00eaches<\/i><i>\u00a0<\/i><i>?<\/i><i>\u00a0<\/i>\u00bb. Autour des grandes tables, les b\u00e9n\u00e9voles servent dans la bonne humeur les personnes \u00e2g\u00e9es autour de la table. Aujourd\u2019hui, le plus jeune des convives a 65\u00a0ans, le plus vieux 95\u00a0ans.<\/p>\n<\/p><\/div>\n<div class=\"intext\"> \u00ab\u00a0Je viens pour me changer les id\u00e9es\u00a0\u00bb\n              <\/div>\n<div class=\"paragraph\">\n<p>Les conversations fusent, Jean-Marc \u00e9voque sa jeunesse aux South-Winners, les ultras du virage sud du V\u00e9lodrome, Frederic raconte les ann\u00e9es qu\u2019il a pass\u00e9es au Br\u00e9sil et Robert raconte son pass\u00e9 de syndicaliste \u00e0 la CGT. Si l\u2019activit\u00e9 du jour tourne autour de la chanson et de la coiffure, certains ne sont int\u00e9ress\u00e9s ni par l\u2019une, ni par l\u2019autre, mais viennent quand m\u00eame pour vivre ce moment privil\u00e9gi\u00e9. \u00ab\u00a0<i>Je viens pour profiter de l\u2019apr\u00e8s-midi et pour me changer les id\u00e9es<\/i><i>\u00a0<\/i>\u00bb, t\u00e9moigne Jean-Marc. C\u2019est son premier \u00e9t\u00e9 avec l\u2019association et il vient souvent aux journ\u00e9es estivales\u00a0: \u00ab\u00a0<i>Il y a une bonne ambiance<\/i><i>\u00a0<\/i><i>!<\/i><i>\u00a0<\/i>\u00bb f\u00e9licite-t-il. B\u00e9bert est b\u00e9n\u00e9vole ici depuis 52\u00a0ans, \u00ab\u00a0<i>ce qui me plait, c\u2019est la fraternit\u00e9<\/i>\u00a0\u00bb, d\u00e9clare-t-il.<\/p>\n<p>\u00ab\u00a0<i>Il n\u2019y a que les Petits fr\u00e8res des pauvres qui m\u2019ont tendu la main, vous savez, la rue c\u2019est dur.<\/i><i>\u00a0<\/i>\u00bb Pascal, sans domicile fixe accompagn\u00e9 depuis un an, exprime sa gratitude.<\/p>\n<p>L\u2019atelier chanson d\u00e9bute et un artiste, engag\u00e9 par l\u2019association, entame les plus grands titres<i> <\/i>\u00ab<i>\u00a0<\/i><i>de votre jeunesse au si\u00e8cle dernier<\/i><i>\u00a0<\/i>\u00bb lance-t-il gentiment aux spectateurs. Tous reprennent en ch\u0153ur Charles Aznavour, Jean Ferrat ou encore Luis Mariano.<\/p>\n<p>\u00ab\u00a0<i>T\u2019es super Dominique<\/i><i>\u00a0<\/i><i>! \u00c7a te va bien<\/i><i>\u00a0<\/i><i>!<\/i><i>\u00a0<\/i>\u00bb<i> <\/i>, complimente Andr\u00e9, responsable des b\u00e9n\u00e9voles. Dominique vient de se faire couper les cheveux par la coiffeuse pr\u00e9sente pour l\u2019apr\u00e8s-midi. \u00ab\u00a0<i>Prendre soin de soi \u00e7a reste important. Les personnes ici ne le font plus, surtout pour des raisons financi\u00e8res, alors on leur am\u00e8ne gratuitement un coiffeur<\/i><i>\u00a0<\/i>\u00bb, commente Andr\u00e9.<\/p>\n<\/p><\/div>\n<div class=\"intext\"> Des activit\u00e9s tout l\u2019\u00e9t\u00e9\n              <\/div>\n<div class=\"paragraph\">\n<p>\u00ab\u00a0<i>Aujourd\u2019hui c\u2019est un chanteur, demain \u00e7a sera peut-\u00eatre un magicien, on essaie de varier les propositions, on se doit de les faire profiter au maximum<\/i><i>\u00a0<\/i>\u00bb, ajoute Andr\u00e9.<\/p>\n<p>Tout l\u2019\u00e9t\u00e9, les Petits fr\u00e8res des pauvres organisent des journ\u00e9es comme celle-ci, musique br\u00e9silienne, loto, accord\u00e9on, il y en a pour tous les go\u00fbts. Sophie, b\u00e9n\u00e9vole depuis 2 mois, a rejoint l\u2019association pour s\u2019occuper des a\u00een\u00e9s isol\u00e9s\u00a0: \u00ab\u00a0<i>C\u2019est super important, ils ne voient personne d\u2019autre de la journ\u00e9e. \u00c7a permet de les sortir et de cr\u00e9er du lien social.<\/i><i>\u00a0<\/i>\u00bb<\/p>\n<p>Les b\u00e9n\u00e9voles aussi s\u2019enrichissent de ces journ\u00e9es de partage. \u00ab\u00a0<i>C\u2019est mon petit bonheur de venir ici, et eux ils sont trop contents<\/i><i>\u00a0<\/i>\u00bb<i>, <\/i>termine-t-elle. <i><\/i><\/p>\n<\/p><\/div>\n","protected":false},"excerpt":{"rendered":"Pour que les personnes &acirc;g&eacute;es ne soient pas seules pendant les vacances, qu&rsquo;elles aient encore des projets&nbsp;&raquo;, s&rsquo;enthousiasme Anne Salvador, b&eacute;n&eacute;vole depuis 20&nbsp;ans au sein de l&rsquo;association &#8230;","protected":false},"author":1,"featured_media":37593,"comment_status":"open","ping_status":"open","sticky":false,"template":"","format":"standard","meta":{"footnotes":""},"categories":[3926,3924,331],"tags":[183,4024,16,1943,1659,3313],"news-destination":[3944],"news-source":[475],"is_homepage":[],"ta_other":[],"class_list":["post-37592","post","type-post","status-publish","format-standard","has-post-thumbnail","hentry","category-accueil-merge","category-accueil-second","category-social","tag-benevoles","tag-maison-de-retraite","tag-marseille","tag-personnes-agees","tag-petits-freres-des-pauvres","tag-sans-domicile","news-destination-homepage","news-source-website"],"_links":{"self":[{"href":"https:\/\/euapp01.newsmemory.com\/lamarseillaise\/news\/wp-json\/wp\/v2\/posts\/37592","targetHints":{"allow":["GET"]}}],"collection":[{"href":"https:\/\/euapp01.newsmemory.com\/lamarseillaise\/news\/wp-json\/wp\/v2\/posts"}],"about":[{"href":"https:\/\/euapp01.newsmemory.com\/lamarseillaise\/news\/wp-json\/wp\/v2\/types\/post"}],"author":[{"embeddable":true,"href":"https:\/\/euapp01.newsmemory.com\/lamarseillaise\/news\/wp-json\/wp\/v2\/users\/1"}],"replies":[{"embeddable":true,"href":"https:\/\/euapp01.newsmemory.com\/lamarseillaise\/news\/wp-json\/wp\/v2\/comments?post=37592"}],"version-history":[{"count":1,"href":"https:\/\/euapp01.newsmemory.com\/lamarseillaise\/news\/wp-json\/wp\/v2\/posts\/37592\/revisions"}],"predecessor-version":[{"id":37594,"href":"https:\/\/euapp01.newsmemory.com\/lamarseillaise\/news\/wp-json\/wp\/v2\/posts\/37592\/revisions\/37594"}],"wp:featuredmedia":[{"embeddable":true,"href":"https:\/\/euapp01.newsmemory.com\/lamarseillaise\/news\/wp-json\/wp\/v2\/media\/37593"}],"wp:attachment":[{"href":"https:\/\/euapp01.newsmemory.com\/lamarseillaise\/news\/wp-json\/wp\/v2\/media?parent=37592"}],"wp:term":[{"taxonomy":"category","embeddable":true,"href":"https:\/\/euapp01.newsmemory.com\/lamarseillaise\/news\/wp-json\/wp\/v2\/categories?post=37592"},{"taxonomy":"post_tag","embeddable":true,"href":"https:\/\/euapp01.newsmemory.com\/lamarseillaise\/news\/wp-json\/wp\/v2\/tags?post=37592"},{"taxonomy":"news-destination","embeddable":true,"href":"https:\/\/euapp01.newsmemory.com\/lamarseillaise\/news\/wp-json\/wp\/v2\/news-destination?post=37592"},{"taxonomy":"news-source","embeddable":true,"href":"https:\/\/euapp01.newsmemory.com\/lamarseillaise\/news\/wp-json\/wp\/v2\/news-source?post=37592"},{"taxonomy":"is_homepage","embeddable":true,"href":"https:\/\/euapp01.newsmemory.com\/lamarseillaise\/news\/wp-json\/wp\/v2\/is_homepage?post=37592"},{"taxonomy":"ta_other","embeddable":true,"href":"https:\/\/euapp01.newsmemory.com\/lamarseillaise\/news\/wp-json\/wp\/v2\/ta_other?post=37592"}],"curies":[{"name":"wp","href":"https:\/\/api.w.org\/{rel}","templated":true}]}}