{"id":37589,"date":"2026-07-27T12:00:00","date_gmt":"2026-07-27T10:00:00","guid":{"rendered":"https:\/\/euapp01.newsmemory.com\/lamarseillaise\/news\/?p=37589"},"modified":"2026-07-27T12:32:08","modified_gmt":"2026-07-27T10:32:08","slug":"a-port-de-bouc-la-maison-des-projets-ouvre-ses-portes-aux-centres-sociaux","status":"publish","type":"post","link":"https:\/\/euapp01.newsmemory.com\/lamarseillaise\/news\/2026\/07\/27\/a-port-de-bouc-la-maison-des-projets-ouvre-ses-portes-aux-centres-sociaux\/","title":{"rendered":"A Port-de-Bouc, la Maison des projets ouvre ses portes aux centres sociaux"},"content":{"rendered":"<div class=\"paragraph\">\n<p>V<i>ous savez o\u00f9 vous \u00eates<\/i><i>\u00a0<\/i><i>?<\/i>\u00a0\u00bb demande Fabienne Sanchez. \u00ab\u00a0<i>Au PAJ<\/i><i>\u00a0<\/i><i>!<\/i>\u00a0\u00bb, lui r\u00e9pond Malek. La r\u00e9ponse, si \u00e9vidente pour cette jeune Port-de-Boucaine, fait sourire la responsable de la Maison des projets. Car si le point accueil jeunes (PAJ) a investi l\u2019aile sud du b\u00e2timent de l\u2019ancienne cri\u00e9e aux poissons, c\u2019est avant tout la Maison des projets qui y est install\u00e9e.<\/p>\n<p>La visite des jeunes du centre social Fabien Menot vendredi matin leur permet de d\u00e9couvrir le travail des diff\u00e9rents services de la Ville qui y sont, comme la Gestion urbaine et sociale de proximit\u00e9 ou le Nouveau programme national de renouvellement urbain (NPNRU) dont Fabienne Sanchez est la responsable.<\/p>\n<p>Dans la salle de r\u00e9union qui accueille les jeunes, pour la plupart issus des quartiers des Aigues-douces et de la L\u00e8que, les diff\u00e9rents plans de situation expos\u00e9s permettent de se projeter dans le futur de la grande r\u00e9novation urbaine que conna\u00eet la Ville. En montrant la carte de la Presqu\u2019\u00eele, Fabienne Sanchez explique les grandes lignes de la d\u00e9marche. \u00ab\u00a0<i>On souhaite raccrocher le port et le centre-ville, notamment par des cheminements pi\u00e9tons<\/i>\u00a0\u00bb, explique-t-elle, notamment par l\u2019axe de la rue de Turenne. Cela passe par la d\u00e9molition de la barre de la L\u00e8que. \u00ab\u00a0<i>Il y aura de nouvelles constructions, avec reprise des rues<\/i>\u00a0\u00bb, qui passeront par-dessus l\u2019ancien emplacement de la Barre, comme le montre la responsable sur le plan, \u00ab\u00a0<i>et on va r\u00e9am\u00e9nager le terrain pour les boulistes et le city stade qui existe d\u00e9j\u00e0<\/i>\u00a0\u00bb.<\/p>\n<\/p><\/div>\n<div class=\"intext\"> \u00ab\u00a0On va planter des arbres partout\u00a0\u00bb\n              <\/div>\n<div class=\"paragraph\">\n<p>Actualit\u00e9 oblige, le programme chasse les \u00eelots de chaleur. \u00ab\u00a0<i>On va planter des arbres partout, pour se prot\u00e9ger de la chaleur, comme c\u2019est le cas devant le centre Fabien Menot<\/i>\u00a0\u00bb, d\u00e9taille-t-elle, \u00ab\u00a0<i>on va aussi retirer l\u2019enrob\u00e9 de la place Lazzarino pour que \u00e7a absorbe moins la chaleur. On pense au changement climatique car on sait qu\u2019autrement, c\u2019est invivable comme en ce moment<\/i>\u00a0\u00bb. Les nombreux petits pois verts sur le plan en attestent.<\/p>\n<p>D\u00e9j\u00e0 introduits \u00e0 la r\u00e9novation urbaine par leur <a rel=\"noopener noreferrer\" href=\"https:\/\/www.lamarseillaise.fr\/societe\/a-port-de-bouc-un-nouveau-journal-pour-les-habitants-de-la-presqu-ile-cree-avec-les-jeunes-AK20080176\" target=\"_blank\">travail dans le journal de quartier avec le centre social<\/a>, les questions viennent facilement. \u00ab\u00a0<i>Quand on va d\u00e9molir, y\u2019aura pas de morceaux qui vont tomber sur les maisons \u00e0 c\u00f4t\u00e9<\/i>\u00a0\u00bb, demande Zakaria. \u00ab\u00a0<i>C\u2019est une tr\u00e8s bonne question qui ressort souvent<\/i>\u00a0\u00bb lui r\u00e9pond Fabienne Sanchez, \u00ab\u00a0<i>tous les gens autour s\u2019inqui\u00e8tent de tremblements ou de fissures dans leurs maisons. Mais les entreprises de d\u00e9molition sont habitu\u00e9es \u00e0 ne pas cr\u00e9er trop de nuisance<\/i>\u00a0\u00bb, assure-t-elle.<\/p>\n<p>De quoi inqui\u00e9ter au vu du programme de d\u00e9molition aux Aigues douces. \u00ab\u00a0<i>Les b\u00e2timents H, J, et F vont \u00eatre d\u00e9molis et tous les espaces du centre social et du th\u00e9\u00e2tre vont \u00eatre refaits en concertation avec les habitants<\/i>\u00a0\u00bb, d\u00e9taille Fabienne Sanchez, avant la r\u00e9novation des b\u00e2timents. Amine se demande\u00a0: \u00ab\u00a0<i>Pourquoi on ne d\u00e9molit pas plus<\/i><i>\u00a0<\/i><i>?<\/i><i>\u00a0<\/i>\u00bb \u00ab\u00a0<i>Car il faut reloger tous les gens<\/i>\u00a0\u00bb, lui r\u00e9pond la responsable, ce qui n\u2019est pas encore termin\u00e9 pour le b\u00e2timent F.<\/p>\n<p>Amine embraye sur le calendrier. \u00ab<i>\u00a0<\/i><i>Le d\u00e9samiantage et la d\u00e9molition de H9 et J10 doivent se faire d\u2019ici la fin de l\u2019ann\u00e9e, la barre de la L\u00e8que en d\u00e9but 2027 comme pour la place Lazzarino, puis on passera \u00e0 la r\u00e9novation des b\u00e2timents<\/i>\u00a0\u00bb, lui expose l\u2019urbaniste. La concertation est un ma\u00eetre-mot \u00e0 toutes les \u00e9tapes, des r\u00e9unions publiques sont pr\u00e9vues en septembre pour pr\u00e9senter les travaux de r\u00e9novation des logements aux habitants.<\/p>\n<p>En attendant, la Maison des projets reste ouverte pour accueillir tous les publics. \u00ab\u00a0<i>Ici c\u2019est un lieu o\u00f9 vous et vos parents pouvez venir poser des questions<\/i>\u00a0\u00bb, affirme Fabienne Sanchez. Et bient\u00f4t plus encore\u00a0: \u00ab<i>\u00a0<\/i><i>On construit une exposition avec des maquettes virtuelles o\u00f9 vous pourrez vous balader dans les quartiers pour voir les am\u00e9nagements.<\/i>\u00a0\u00bb \u00c0 d\u00e9couvrir d\u2019ici la fin d\u2019ann\u00e9e.<\/p>\n<\/p><\/div>\n","protected":false},"excerpt":{"rendered":"Vous savez o&ugrave; vous &ecirc;tes&nbsp;?&nbsp;&raquo; demande Fabienne Sanchez. &laquo;&nbsp;Au PAJ&nbsp;!&nbsp;&raquo;, lui r&eacute;pond Malek. La r&eacute;ponse, si &eacute;vidente pour cette jeune Port-de-Boucaine, fait sourire la responsable &#8230;","protected":false},"author":1,"featured_media":37590,"comment_status":"open","ping_status":"open","sticky":false,"template":"","format":"standard","meta":{"footnotes":""},"categories":[3926,3924,331],"tags":[10,501,59,667,1121],"news-destination":[3944],"news-source":[475],"is_homepage":[],"ta_other":[],"class_list":["post-37589","post","type-post","status-publish","format-standard","has-post-thumbnail","hentry","category-accueil-merge","category-accueil-second","category-social","tag-bouches-du-rhone","tag-centre-social","tag-jeunes","tag-port-de-bouc","tag-renovation-urbaine","news-destination-homepage","news-source-website"],"_links":{"self":[{"href":"https:\/\/euapp01.newsmemory.com\/lamarseillaise\/news\/wp-json\/wp\/v2\/posts\/37589","targetHints":{"allow":["GET"]}}],"collection":[{"href":"https:\/\/euapp01.newsmemory.com\/lamarseillaise\/news\/wp-json\/wp\/v2\/posts"}],"about":[{"href":"https:\/\/euapp01.newsmemory.com\/lamarseillaise\/news\/wp-json\/wp\/v2\/types\/post"}],"author":[{"embeddable":true,"href":"https:\/\/euapp01.newsmemory.com\/lamarseillaise\/news\/wp-json\/wp\/v2\/users\/1"}],"replies":[{"embeddable":true,"href":"https:\/\/euapp01.newsmemory.com\/lamarseillaise\/news\/wp-json\/wp\/v2\/comments?post=37589"}],"version-history":[{"count":1,"href":"https:\/\/euapp01.newsmemory.com\/lamarseillaise\/news\/wp-json\/wp\/v2\/posts\/37589\/revisions"}],"predecessor-version":[{"id":37591,"href":"https:\/\/euapp01.newsmemory.com\/lamarseillaise\/news\/wp-json\/wp\/v2\/posts\/37589\/revisions\/37591"}],"wp:featuredmedia":[{"embeddable":true,"href":"https:\/\/euapp01.newsmemory.com\/lamarseillaise\/news\/wp-json\/wp\/v2\/media\/37590"}],"wp:attachment":[{"href":"https:\/\/euapp01.newsmemory.com\/lamarseillaise\/news\/wp-json\/wp\/v2\/media?parent=37589"}],"wp:term":[{"taxonomy":"category","embeddable":true,"href":"https:\/\/euapp01.newsmemory.com\/lamarseillaise\/news\/wp-json\/wp\/v2\/categories?post=37589"},{"taxonomy":"post_tag","embeddable":true,"href":"https:\/\/euapp01.newsmemory.com\/lamarseillaise\/news\/wp-json\/wp\/v2\/tags?post=37589"},{"taxonomy":"news-destination","embeddable":true,"href":"https:\/\/euapp01.newsmemory.com\/lamarseillaise\/news\/wp-json\/wp\/v2\/news-destination?post=37589"},{"taxonomy":"news-source","embeddable":true,"href":"https:\/\/euapp01.newsmemory.com\/lamarseillaise\/news\/wp-json\/wp\/v2\/news-source?post=37589"},{"taxonomy":"is_homepage","embeddable":true,"href":"https:\/\/euapp01.newsmemory.com\/lamarseillaise\/news\/wp-json\/wp\/v2\/is_homepage?post=37589"},{"taxonomy":"ta_other","embeddable":true,"href":"https:\/\/euapp01.newsmemory.com\/lamarseillaise\/news\/wp-json\/wp\/v2\/ta_other?post=37589"}],"curies":[{"name":"wp","href":"https:\/\/api.w.org\/{rel}","templated":true}]}}