{"id":37586,"date":"2026-07-27T14:34:00","date_gmt":"2026-07-27T12:34:00","guid":{"rendered":"https:\/\/euapp01.newsmemory.com\/lamarseillaise\/news\/?p=37586"},"modified":"2026-07-27T14:56:53","modified_gmt":"2026-07-27T12:56:53","slug":"marseille-avec-les-terre-neuve-sauveteurs-aquatiques","status":"publish","type":"post","link":"https:\/\/euapp01.newsmemory.com\/lamarseillaise\/news\/2026\/07\/27\/marseille-avec-les-terre-neuve-sauveteurs-aquatiques\/","title":{"rendered":"Marseille, avec les Terre-neuve sauveteurs aquatiques"},"content":{"rendered":"<div class=\"paragraph\">\n<p>Comme chaque dimanche matin, dix chiens sauveteurs aquatiques de l\u2019association Terre-neuve 13 s\u2019entra\u00eenent avec leur ma\u00eetre dans la base nautique de Corbi\u00e8res. \u00ab\u00a0<i>Ils nagent la brasse avec leurs quatre pattes palm\u00e9es comme des canards. Leur musculature est puissante, leur poil est huil\u00e9 de sebum, c\u2019est leur combinaison.<\/i><i>\u00a0<\/i>\u00bb<i> <\/i><\/p>\n<p>Etrangement, ce chien qui a un instinct de sauvetage tr\u00e8s d\u00e9velopp\u00e9 n\u2019est int\u00e9gr\u00e9 \u00e0 aucune \u00e9quipe de secours en France, alors que les noyades explosent. On est \u00e0 l\u2019oppos\u00e9 du Saint-Bernard en montagne. \u00ab\u00a0<i>On aimerait aider les ma\u00eetres-nageurs \u00e0 surveiller les plages. En Italie, ils le font depuis 40<\/i><i>\u00a0<\/i><i>ans, c\u2019est tr\u00e8s efficace et en plus on est des b\u00e9n\u00e9voles, mais en France, \u00e7a ne semble pas int\u00e9resser. On fait des d\u00e9monstrations, de la surveillance de course de natation \u00e0 l\u2019occasion de la f\u00eate de la mer. Tout le monde nous f\u00e9licite, dit que ce sont des chiens extraordinaires, mais \u00e7a s\u2019arr\u00eate l\u00e0<\/i>\u00a0\u00bb, s\u2019\u00e9tonne avec regret Michelle Salel, la pr\u00e9sidente de cette association qui forme au secourisme canin.<\/p>\n<\/p><\/div>\n<div class=\"intext\"> Un nageur d\u00e9j\u00e0 palm\u00e9\n              <\/div>\n<div class=\"paragraph\">\n<p>\u00c9quip\u00e9s d\u2019un harnais de sauvetage, Cara, Enjoy, Mikki, Ronan, Alba, Vick, Agathe et les autres aboient gaiement, impatients de bondir dans l\u2019eau. Mais avant, Patrick, \u00e9ducateur canin, les sociabilise, les fait s\u2019exercer avec leur ma\u00eetre pour reproduire dans l\u2019eau les ordres appris \u00e0 terre. \u00ab\u00a0<i>Assis<\/i>, <i>pas bouger<\/i>, <i>suite au pied.<\/i><i>\u00a0<\/i>\u00bb<i> <\/i><\/p>\n<p>\u00ab\u00a0<i>Le Terre-neuve est un chien tr\u00e8s t\u00eatu qu\u2019il faut canaliser, lui apprendre des codes de sauvetage. C\u2019est une \u00e9ducation ferme mais douce qui commence \u00e0 partir de trois mois<\/i><i>\u00a0<\/i>\u00bb,<i> <\/i>explique-t-il en tenant Ronan, un m\u00e2le de 6\u00a0ans qui p\u00e8se d\u00e9j\u00e0 70\u00a0kilos<i>. <\/i>Dans le groupe, une chienne semble jouir d\u2019un statut particulier. \u00ab\u00a0<i>C\u2019est Cara la mamie, elle a 9<\/i><i>\u00a0<\/i><i>ans, elle est \u00e0 la retraite.<\/i><i>\u00a0<\/i>\u00bb<\/p>\n<p>En mer, le chien apprend \u00e0 saisir un manchon, tirer une bou\u00e9e. Il para\u00eet lourd mais flotte sur l\u2019eau. Sa nage ne consiste pas \u00e0 battre fr\u00e9n\u00e9tiquement des pattes avant mais \u00e0 \u00e9quilibrer sa brasse. \u00ab\u00a0<i>On fait toujours attention qu\u2019avec ses griffes, il ne blesse pas la victime en s\u2019approchant.<\/i><i>\u00a0<\/i>\u00bb Avec une forte capacit\u00e9 pulmonaire, il peut tenir deux heures dans l\u2019eau sans se fatiguer. Leurs pattes ont des membranes tr\u00e8s d\u00e9velopp\u00e9es qui relient les doigts jusqu\u2019\u00e0 la base des griffes. Le Terre-neuve est comme un nageur d\u00e9j\u00e0 palm\u00e9.<\/p>\n<p>La r\u00e9compense pour un exercice r\u00e9ussi, ce sont toujours des f\u00e9licitations du ma\u00eetre, beaucoup de c\u00e2lins et parfois des friandises pour ces ours de mer totalement affectueux. \u00ab\u00a0<i>Ce sont des chiens puissants qui fonctionnent toujours en bin\u00f4me de soutien avec leur ma\u00eetre. Le sauveteur va s\u00e9curiser la personne en d\u00e9tresse qui peut avoir des gestes de panique. Le chien lui s\u2019occupe du paddle puis quand la victime est s\u00e9curis\u00e9e, qu\u2019elle tient bien le &#8220;rescue tube&#8221; ou les sangles de prise du harnais, le chien remorque tout le monde jusqu\u2019au bord. Ils peuvent tracter une tonne en mer.<\/i><i>\u00a0<\/i>\u00bb En plus du harnais de sauvetage, certains chiens sont \u00e9quip\u00e9s autour du cou d\u2019un airbag. \u00ab\u00a0<i>C\u2019est une s\u00e9curit\u00e9 ultime pour nos chiens qu\u2019on d\u00e9clencherait en cas d\u2019urgence. C\u2019est arriv\u00e9 une fois pour un chien qui comme un humain a fait un malaise. Il a eu une hydrocution. L\u2019airbag gonfle une bou\u00e9e qui tient \u00e9merger la t\u00eate du chien hors de l\u2019eau<\/i><i>\u00a0<\/i>\u00bb, explique Martine, la coordinatrice.<\/p>\n<\/p><\/div>\n","protected":false},"excerpt":{"rendered":"Comme chaque dimanche matin, dix chiens sauveteurs aquatiques de l&rsquo;association Terre-neuve 13 s&rsquo;entra&icirc;nent avec leur ma&icirc;tre dans la base nautique de Corbi&egrave;res. &laquo;&nbsp;Ils nagent la brasse avec leurs quatre pattes &#8230;","protected":false},"author":1,"featured_media":37587,"comment_status":"open","ping_status":"open","sticky":false,"template":"","format":"standard","meta":{"footnotes":""},"categories":[3926,3924,20],"tags":[168,5975,183,10,3305,410,3405,2486,5835,16,3415,1752,1704,3006,2200,3135,1695,381,111,393,88,1090],"news-destination":[3944],"news-source":[475],"is_homepage":[],"ta_other":[],"class_list":["post-37586","post","type-post","status-publish","format-standard","has-post-thumbnail","hentry","category-accueil-merge","category-accueil-second","category-societe","tag-association","tag-base-nautique","tag-benevoles","tag-bouches-du-rhone","tag-dimanche","tag-education","tag-exercice","tag-humain","tag-malaise","tag-marseille","tag-montagne","tag-natation","tag-noyades","tag-recompense","tag-retraite","tag-sauvetage","tag-sauveteurs","tag-secours","tag-securite","tag-soutien","tag-surveillance","tag-victime","news-destination-homepage","news-source-website"],"_links":{"self":[{"href":"https:\/\/euapp01.newsmemory.com\/lamarseillaise\/news\/wp-json\/wp\/v2\/posts\/37586","targetHints":{"allow":["GET"]}}],"collection":[{"href":"https:\/\/euapp01.newsmemory.com\/lamarseillaise\/news\/wp-json\/wp\/v2\/posts"}],"about":[{"href":"https:\/\/euapp01.newsmemory.com\/lamarseillaise\/news\/wp-json\/wp\/v2\/types\/post"}],"author":[{"embeddable":true,"href":"https:\/\/euapp01.newsmemory.com\/lamarseillaise\/news\/wp-json\/wp\/v2\/users\/1"}],"replies":[{"embeddable":true,"href":"https:\/\/euapp01.newsmemory.com\/lamarseillaise\/news\/wp-json\/wp\/v2\/comments?post=37586"}],"version-history":[{"count":1,"href":"https:\/\/euapp01.newsmemory.com\/lamarseillaise\/news\/wp-json\/wp\/v2\/posts\/37586\/revisions"}],"predecessor-version":[{"id":37588,"href":"https:\/\/euapp01.newsmemory.com\/lamarseillaise\/news\/wp-json\/wp\/v2\/posts\/37586\/revisions\/37588"}],"wp:featuredmedia":[{"embeddable":true,"href":"https:\/\/euapp01.newsmemory.com\/lamarseillaise\/news\/wp-json\/wp\/v2\/media\/37587"}],"wp:attachment":[{"href":"https:\/\/euapp01.newsmemory.com\/lamarseillaise\/news\/wp-json\/wp\/v2\/media?parent=37586"}],"wp:term":[{"taxonomy":"category","embeddable":true,"href":"https:\/\/euapp01.newsmemory.com\/lamarseillaise\/news\/wp-json\/wp\/v2\/categories?post=37586"},{"taxonomy":"post_tag","embeddable":true,"href":"https:\/\/euapp01.newsmemory.com\/lamarseillaise\/news\/wp-json\/wp\/v2\/tags?post=37586"},{"taxonomy":"news-destination","embeddable":true,"href":"https:\/\/euapp01.newsmemory.com\/lamarseillaise\/news\/wp-json\/wp\/v2\/news-destination?post=37586"},{"taxonomy":"news-source","embeddable":true,"href":"https:\/\/euapp01.newsmemory.com\/lamarseillaise\/news\/wp-json\/wp\/v2\/news-source?post=37586"},{"taxonomy":"is_homepage","embeddable":true,"href":"https:\/\/euapp01.newsmemory.com\/lamarseillaise\/news\/wp-json\/wp\/v2\/is_homepage?post=37586"},{"taxonomy":"ta_other","embeddable":true,"href":"https:\/\/euapp01.newsmemory.com\/lamarseillaise\/news\/wp-json\/wp\/v2\/ta_other?post=37586"}],"curies":[{"name":"wp","href":"https:\/\/api.w.org\/{rel}","templated":true}]}}