{"id":37583,"date":"2026-07-27T07:57:00","date_gmt":"2026-07-27T05:57:00","guid":{"rendered":"https:\/\/euapp01.newsmemory.com\/lamarseillaise\/news\/?p=37583"},"modified":"2026-08-01T08:46:38","modified_gmt":"2026-08-01T06:46:38","slug":"concert-hommage-a-queen-a-orange-une-decision-de-justice-attendue","status":"publish","type":"post","link":"https:\/\/euapp01.newsmemory.com\/lamarseillaise\/news\/2026\/07\/27\/concert-hommage-a-queen-a-orange-une-decision-de-justice-attendue\/","title":{"rendered":"Concert hommage \u00e0 Queen \u00e0 Orange, une d\u00e9cision de justice attendue"},"content":{"rendered":"<div class=\"paragraph\">\n<p>Le concert hommage \u00e0 Queen se tiendra-t-il le 4\u00a0septembre au th\u00e9\u00e2tre antique d\u2019Orange\u00a0? C\u2019est la question au c\u0153ur de l\u2019audience qui se tient, ce lundi, devant le tribunal administratif de N\u00eemes. Le producteur du spectacle, David Hardit, conteste la d\u00e9cision du maire RN Jean-Dominique Artaud d\u2019annuler l\u2019\u00e9v\u00e9nement, programm\u00e9 par l\u2019ancienne municipalit\u00e9.<\/p>\n<p>Le spectacle gratuit devait r\u00e9unir 600\u00a0choristes b\u00e9n\u00e9voles. \u00ab<i>\u00a0<\/i><i>Ce n\u2019est pas normal qu\u2019un maire annule arbitrairement un spectacle<\/i><i>\u00a0<\/i>\u00bb, temp\u00eate l\u2019organisateur qui demande au tribunal \u00ab<i>\u00a0<\/i><i>l\u2019annulation de la d\u00e9cision du maire<\/i><i>\u00a0<\/i>\u00bb.<\/p>\n<p>Le maire RN justifie son choix par \u00ab<i>\u00a0<\/i><i>un arbitrage budg\u00e9taire<\/i><i>\u00a0<\/i>\u00bb. Contact\u00e9 par <i>La<\/i><i>\u00a0<\/i><i>Marseillaise<\/i>, il invoque une d\u00e9pense de 300\u00a0000\u00a0euros, apr\u00e8s un \u00e9boulement bloquant une route depuis novembre. Et d\u2019ajouter\u00a0: \u00ab<i>\u00a0<\/i><i>Le but est<\/i><i> de r\u00e9tablir l\u2019\u00e9quilibre financier tel que le recommande la chambre r\u00e9gionale des comptes.<\/i><i>\u00a0<\/i>\u00bb <i><\/i><\/p>\n<\/p><\/div>\n<div class=\"intext\"> Raisons budg\u00e9taires contest\u00e9es\n              <\/div>\n<div class=\"paragraph\">\n<p>Pour David Hardit, l\u2019argument \u00e9conomique ne tient pas.<i> <\/i>\u00ab<i>\u00a0<\/i><i>Il n\u2019y a pas de souci de finances<\/i><i>\u00a0<\/i>\u00bb, balaie-t-il. Il s\u2019appuie sur une attestation sign\u00e9e par l\u2019ancien maire Yann Bompard (Ligue du Sud), faisant \u00e9tat d\u2019un exc\u00e9dent de deux millions euros dans les comptes de la Ville en 2025. L\u2019ancien \u00e9dile y assure que \u00ab<i>\u00a0<\/i><i>le spectacle ne menace absolument pas les finances publiques<\/i><i>\u00a0<\/i>\u00bb. David Hardit conteste aussi les montants avanc\u00e9s par le maire actuel.<i> <\/i>\u00ab<i>\u00a0<\/i><i>Il annonce 1<\/i><i>50<\/i><i>\u00a0<\/i><i>000<\/i><i> euros alors qu\u2019avec la technique \u00e7a va lui co\u00fbter 75<\/i><i>\u00a0<\/i><i>000 au plus.<\/i><i>\u00a0<\/i>\u00bb<i> <\/i>Selon lui, l\u2019\u00e9conomie r\u00e9alis\u00e9e par le maire en cas d\u2019annulation serait bien inf\u00e9rieure aux 100\u00a0000\u00a0euros annonc\u00e9s\u00a0: \u00ab<i>\u00a0<\/i><i>Il nous doit 41<\/i><i>\u00a0<\/i><i>000<\/i><i>\u00a0<\/i><i>euros donc il \u00e9conomise 25<\/i><i>\u00a0<\/i><i>000<\/i><i>\u00a0<\/i>\u00bb, assure-t-il, en r\u00e9f\u00e9rence au contrat sign\u00e9 avec l\u2019ancien maire, qui pr\u00e9voit le versement de 41\u00a0125\u00a0euros \u00e0 la production.<\/p>\n<p>Le document stipule aussi qu\u2019une annulation n\u2019est possible qu\u2019en cas de force majeure. \u00ab<i>\u00a0<\/i><i>Dans le contrat, il n\u2019y a pas les raisons budg\u00e9taires<\/i><i>\u00a0<\/i>\u00bb, mart\u00e8le David Hardit. Pour le producteur, les premiers p\u00e9nalis\u00e9s restent les choristes. \u00ab<i>\u00a0<\/i><i>Ils ont r\u00e9serv\u00e9 h\u00f4tels, trains et ont d\u00fb poser des jours de cong\u00e9,<\/i> d\u00e9plore-t-il. <i>Et l\u00e0 on leur dit<\/i><i>\u00a0<\/i><i>: <\/i><i>&#8220;<\/i><i>Restez chez vous<\/i><i>&#8220;<\/i><i>.<\/i><i>\u00a0<\/i>\u00bb Il estime leur pr\u00e9judice \u00e0 pr\u00e8s de 90\u00a0000\u00a0euros.<\/p>\n<p>Avant de saisir la justice, le producteur assure avoir \u00ab<i>\u00a0<\/i><i>\u00e9puis\u00e9 tous les recours<\/i><i>\u00a0<\/i>\u00bb<i>.<\/i> Il dit m\u00eame avoir propos\u00e9 au maire de prendre \u00e0 sa charge le reste du co\u00fbt du spectacle. Si son recours est rejet\u00e9, il fait une promesse\u00a0: offrir le spectacle \u00e0 une autre commune.<\/p>\n<\/p><\/div>\n","protected":false},"excerpt":{"rendered":"Le concert hommage &agrave; Queen se tiendra-t-il le 4&nbsp;septembre au th&eacute;&acirc;tre antique d&rsquo;Orange&nbsp;? C&rsquo;est la question au c&oelig;ur de l&rsquo;audience qui se tient, ce lundi, devant le tribunal administratif de &#8230;","protected":false},"author":1,"featured_media":37584,"comment_status":"open","ping_status":"open","sticky":false,"template":"","format":"standard","meta":{"footnotes":""},"categories":[3926,3925,20],"tags":[34,1083,200,752,198,439,529,199,790,171],"news-destination":[3944],"news-source":[475],"is_homepage":[],"ta_other":[],"class_list":["post-37583","post","type-post","status-publish","format-standard","has-post-thumbnail","hentry","category-accueil-merge","category-accueil-third","category-societe","tag-concert","tag-gratuit","tag-justice","tag-maire","tag-orange","tag-rn","tag-spectacle","tag-theatre-antique","tag-tribunal-administratif","tag-vaucluse","news-destination-homepage","news-source-website"],"_links":{"self":[{"href":"https:\/\/euapp01.newsmemory.com\/lamarseillaise\/news\/wp-json\/wp\/v2\/posts\/37583","targetHints":{"allow":["GET"]}}],"collection":[{"href":"https:\/\/euapp01.newsmemory.com\/lamarseillaise\/news\/wp-json\/wp\/v2\/posts"}],"about":[{"href":"https:\/\/euapp01.newsmemory.com\/lamarseillaise\/news\/wp-json\/wp\/v2\/types\/post"}],"author":[{"embeddable":true,"href":"https:\/\/euapp01.newsmemory.com\/lamarseillaise\/news\/wp-json\/wp\/v2\/users\/1"}],"replies":[{"embeddable":true,"href":"https:\/\/euapp01.newsmemory.com\/lamarseillaise\/news\/wp-json\/wp\/v2\/comments?post=37583"}],"version-history":[{"count":1,"href":"https:\/\/euapp01.newsmemory.com\/lamarseillaise\/news\/wp-json\/wp\/v2\/posts\/37583\/revisions"}],"predecessor-version":[{"id":37585,"href":"https:\/\/euapp01.newsmemory.com\/lamarseillaise\/news\/wp-json\/wp\/v2\/posts\/37583\/revisions\/37585"}],"wp:featuredmedia":[{"embeddable":true,"href":"https:\/\/euapp01.newsmemory.com\/lamarseillaise\/news\/wp-json\/wp\/v2\/media\/37584"}],"wp:attachment":[{"href":"https:\/\/euapp01.newsmemory.com\/lamarseillaise\/news\/wp-json\/wp\/v2\/media?parent=37583"}],"wp:term":[{"taxonomy":"category","embeddable":true,"href":"https:\/\/euapp01.newsmemory.com\/lamarseillaise\/news\/wp-json\/wp\/v2\/categories?post=37583"},{"taxonomy":"post_tag","embeddable":true,"href":"https:\/\/euapp01.newsmemory.com\/lamarseillaise\/news\/wp-json\/wp\/v2\/tags?post=37583"},{"taxonomy":"news-destination","embeddable":true,"href":"https:\/\/euapp01.newsmemory.com\/lamarseillaise\/news\/wp-json\/wp\/v2\/news-destination?post=37583"},{"taxonomy":"news-source","embeddable":true,"href":"https:\/\/euapp01.newsmemory.com\/lamarseillaise\/news\/wp-json\/wp\/v2\/news-source?post=37583"},{"taxonomy":"is_homepage","embeddable":true,"href":"https:\/\/euapp01.newsmemory.com\/lamarseillaise\/news\/wp-json\/wp\/v2\/is_homepage?post=37583"},{"taxonomy":"ta_other","embeddable":true,"href":"https:\/\/euapp01.newsmemory.com\/lamarseillaise\/news\/wp-json\/wp\/v2\/ta_other?post=37583"}],"curies":[{"name":"wp","href":"https:\/\/api.w.org\/{rel}","templated":true}]}}