{"id":37580,"date":"2026-07-27T07:57:00","date_gmt":"2026-07-27T05:57:00","guid":{"rendered":"https:\/\/euapp01.newsmemory.com\/lamarseillaise\/news\/?p=37580"},"modified":"2026-08-01T08:46:38","modified_gmt":"2026-08-01T06:46:38","slug":"succes-public-pour-la-premiere-partie-de-la-biennale-daix-en-provence","status":"publish","type":"post","link":"https:\/\/euapp01.newsmemory.com\/lamarseillaise\/news\/2026\/07\/27\/succes-public-pour-la-premiere-partie-de-la-biennale-daix-en-provence\/","title":{"rendered":"Succ\u00e8s public pour la premi\u00e8re partie de La Biennale d\u2019Aix-en-Provence"},"content":{"rendered":"<div class=\"paragraph\">\n<p>Pendant la Biennale, chaque recoin de la capitale de Provence devient un lieu de recherche artistique. L\u2019art, se veut accessible \u00e0 tous au cours de cette manifestation culturelle qui occupe les lieux patrimoniaux de la ville. Pour sa troisi\u00e8me \u00e9dition, la Biennale d\u2019Aix a mis l\u2019Italie \u00e0 l\u2019honneur.<\/p>\n<p>Sa premi\u00e8re partie, lanc\u00e9e le 11\u00a0avril, s\u2019est achev\u00e9e le 14\u00a0juin. Quelques semaines apr\u00e8s ce premier volet, les \u00e9quipes de la Biennale en tirent un bilan<i> <\/i>\u00ab<i>\u00a0<\/i><i>positif<\/i><i>\u00a0<\/i>\u00bb<i>,<\/i> avec<i> <\/i>\u00ab<i>\u00a0<\/i><i>50<\/i><i>\u00a0<\/i><i>propositions artistiques r\u00e9parties sur 8 week-ends, dont 48 en acc\u00e8s libre et 26 dans l\u2019espace public et jardins<\/i><i>\u00a0<\/i>\u00bb. Pour illustrer son succ\u00e8s, quelques chiffres sont mis en avant. Parmi les expositions et performances de cette premi\u00e8re partie, celle du Collectif XY, dont les acrobates ont voltig\u00e9 sur le haut du cours Mirabeau pour ouvrir cette Biennale. 16\u00a0000\u00a0personnes, ont assist\u00e9 \u00e0 ce lancement. Le 23 mai, \u00e0 l\u2019occasion du Temps fort Art contemporain, 5\u00a0000\u00a0personnes ont \u00e9t\u00e9 recens\u00e9es pour assister \u00e0 Monumental, parcours nocturne d\u00e9di\u00e9 aux arts num\u00e9riques.<\/p>\n<\/p><\/div>\n<div class=\"intext\"> <\/div>\n<div class=\"intext\"> La seconde partie \u00e0 venir\n              <\/div>\n<div class=\"paragraph\">\n<p>Pour l\u2019exposition <i>De Hugo Pratt \u00e0 Corto Maltese<\/i>, pr\u00e9sent\u00e9e par le Festival de bande dessin\u00e9e, en partenariat avec la Biennale, ce sont plus de 10\u00a0000\u00a0visiteurs qui ont \u00e9t\u00e9 accueillis \u00e0 la Galerie de la Manufacture, o\u00f9 elle \u00e9tait expos\u00e9e. Pour l\u2019installation-performance <i>Dream<\/i>, imagin\u00e9e par le chor\u00e9graphe italien Alessandro Sciarroni et qui a valu l\u2019ouverture sp\u00e9ciale de l\u2019\u00e9glise de la Madeleine, ferm\u00e9e pour restauration, 400\u00a0spectateurs<i> <\/i>ont \u00e9t\u00e9 enregistr\u00e9s sur la seule apr\u00e8s-midi du samedi 6\u00a0juin. Si la plupart des \u0153uvres et performances s\u2019en sont all\u00e9es, deux programmations majeures restent encore. \u00c0 commencer par <i>La mode italienne<\/i>, de Marino Parisotto, visible \u00e0 La\u00a0Manufacture jusqu\u2019au 31\u00a0juillet, et l\u2019exposition <i>Incarnation<\/i>, <i>Carte Blanche \u00e0 Jeanne Vicerial<\/i>, exposition install\u00e9e dans quatre lieux de la ville, jusqu\u2019au 4\u00a0octobre.<\/p>\n<p>Par ailleurs, les esquisses de la seconde partie de la Biennale ont \u00e9t\u00e9 d\u00e9voil\u00e9es. Elle s\u2019ouvrira le samedi 12\u00a0septembre, apr\u00e8s une pause estivale, et de la m\u00eame fa\u00e7on qu\u2019en juin\u00a0: le Collectif XY offrira une performance sur la Place Rom\u00e9e de Villeneuve, d\u00e8s 18h30. Par la suite, quelques rendez-vous phares sont \u00e0 noter. C\u00f4t\u00e9 contemporain, <i>La Passeggiata (d\u2019apr\u00e8s)<\/i>, de Chiara Camoni est \u00e0 voir jusqu\u2019au 7\u00a0novembre \u00e0 la Chapelle des Andrettes et le Festival Les Promesses de l\u2019aube est port\u00e9 par la Ville d\u2019Aix-en-Provence, en partenariat avec AMU, est pr\u00e9vu dans plusieurs lieux, sur plusieurs dates. \u00c9galement, le week-end d\u2019ouverture de la Biennale des imaginaires num\u00e9riques aura lieu les 30 et 31\u00a0octobre.<\/p>\n<\/p><\/div>\n","protected":false},"excerpt":{"rendered":"Pendant la Biennale, chaque recoin de la capitale de Provence devient un lieu de recherche artistique. L&rsquo;art, se veut accessible &agrave; tous au cours de cette manifestation culturelle qui occupe les lieux patrimoniaux de la ville. Pour sa &#8230;","protected":false},"author":1,"featured_media":37581,"comment_status":"open","ping_status":"open","sticky":false,"template":"","format":"standard","meta":{"footnotes":""},"categories":[3926,3925,32],"tags":[556,2662,723,35],"news-destination":[3944],"news-source":[475],"is_homepage":[],"ta_other":[],"class_list":["post-37580","post","type-post","status-publish","format-standard","has-post-thumbnail","hentry","category-accueil-merge","category-accueil-third","category-culture","tag-aix-en-provence","tag-biennale","tag-bilan","tag-culture","news-destination-homepage","news-source-website"],"_links":{"self":[{"href":"https:\/\/euapp01.newsmemory.com\/lamarseillaise\/news\/wp-json\/wp\/v2\/posts\/37580","targetHints":{"allow":["GET"]}}],"collection":[{"href":"https:\/\/euapp01.newsmemory.com\/lamarseillaise\/news\/wp-json\/wp\/v2\/posts"}],"about":[{"href":"https:\/\/euapp01.newsmemory.com\/lamarseillaise\/news\/wp-json\/wp\/v2\/types\/post"}],"author":[{"embeddable":true,"href":"https:\/\/euapp01.newsmemory.com\/lamarseillaise\/news\/wp-json\/wp\/v2\/users\/1"}],"replies":[{"embeddable":true,"href":"https:\/\/euapp01.newsmemory.com\/lamarseillaise\/news\/wp-json\/wp\/v2\/comments?post=37580"}],"version-history":[{"count":1,"href":"https:\/\/euapp01.newsmemory.com\/lamarseillaise\/news\/wp-json\/wp\/v2\/posts\/37580\/revisions"}],"predecessor-version":[{"id":37582,"href":"https:\/\/euapp01.newsmemory.com\/lamarseillaise\/news\/wp-json\/wp\/v2\/posts\/37580\/revisions\/37582"}],"wp:featuredmedia":[{"embeddable":true,"href":"https:\/\/euapp01.newsmemory.com\/lamarseillaise\/news\/wp-json\/wp\/v2\/media\/37581"}],"wp:attachment":[{"href":"https:\/\/euapp01.newsmemory.com\/lamarseillaise\/news\/wp-json\/wp\/v2\/media?parent=37580"}],"wp:term":[{"taxonomy":"category","embeddable":true,"href":"https:\/\/euapp01.newsmemory.com\/lamarseillaise\/news\/wp-json\/wp\/v2\/categories?post=37580"},{"taxonomy":"post_tag","embeddable":true,"href":"https:\/\/euapp01.newsmemory.com\/lamarseillaise\/news\/wp-json\/wp\/v2\/tags?post=37580"},{"taxonomy":"news-destination","embeddable":true,"href":"https:\/\/euapp01.newsmemory.com\/lamarseillaise\/news\/wp-json\/wp\/v2\/news-destination?post=37580"},{"taxonomy":"news-source","embeddable":true,"href":"https:\/\/euapp01.newsmemory.com\/lamarseillaise\/news\/wp-json\/wp\/v2\/news-source?post=37580"},{"taxonomy":"is_homepage","embeddable":true,"href":"https:\/\/euapp01.newsmemory.com\/lamarseillaise\/news\/wp-json\/wp\/v2\/is_homepage?post=37580"},{"taxonomy":"ta_other","embeddable":true,"href":"https:\/\/euapp01.newsmemory.com\/lamarseillaise\/news\/wp-json\/wp\/v2\/ta_other?post=37580"}],"curies":[{"name":"wp","href":"https:\/\/api.w.org\/{rel}","templated":true}]}}