{"id":37577,"date":"2026-07-27T14:30:00","date_gmt":"2026-07-27T12:30:00","guid":{"rendered":"https:\/\/euapp01.newsmemory.com\/lamarseillaise\/news\/?p=37577"},"modified":"2026-08-13T09:57:03","modified_gmt":"2026-08-13T07:57:03","slug":"avant-le-soir-une-edition-theatrale-et-familiale-a-marseille","status":"publish","type":"post","link":"https:\/\/euapp01.newsmemory.com\/lamarseillaise\/news\/2026\/07\/27\/avant-le-soir-une-edition-theatrale-et-familiale-a-marseille\/","title":{"rendered":"\u00ab&nbsp;Avant le soir&nbsp;\u00bb une \u00e9dition th\u00e9\u00e2trale et familiale \u00e0 Marseille"},"content":{"rendered":"<div class=\"paragraph\">\n<p>Lanc\u00e9 depuis le d\u00e9but du mois de juillet, le festival \u00ab\u00a0Avant le soir\u00a0\u00bb est de retour jusqu\u2019au 28\u00a0ao\u00fbt dans les parcs et jardins des 1<sup>er <\/sup>et 7<sup>e<\/sup> arrondissements de Marseille. La programmation, confi\u00e9e \u00e0 l\u2019association Didascalies &#038; Co. est cette ann\u00e9e consacr\u00e9e enti\u00e8rement aux pi\u00e8ces de th\u00e9\u00e2tre et ce pour tous les \u00e2ges.<\/p>\n<p>Et, parmi les nouveaut\u00e9s, des pi\u00e8ces sont pr\u00e9vues au jardin Saint-Nicolas. Ce lundi, c\u2019est du th\u00e9\u00e2tre jeunesse qui vous est propos\u00e9 aux jardins Benedetti (7<sup>e<\/sup>) avec la pi\u00e8ce <i>Jack et le haricot magique<\/i> propos\u00e9e par la compagnie Les Sauces.<\/p>\n<\/p><\/div>\n<div class=\"paragraph\">\n<p><i><\/i><\/p>\n<p><i>Rendez-vous gratuit \u00e0 18h30. <\/i><\/p>\n<\/p><\/div>\n","protected":false},"excerpt":{"rendered":"Lanc&eacute; depuis le d&eacute;but du mois de juillet, le festival &laquo;&nbsp;Avant le soir&nbsp;&raquo; est de retour jusqu&rsquo;au 28&nbsp;ao&ucirc;t dans les parcs et jardins des 1er et 7e arrondissements de Marseille. La programmation, &#8230;","protected":false},"author":1,"featured_media":37578,"comment_status":"open","ping_status":"open","sticky":false,"template":"","format":"standard","meta":{"footnotes":""},"categories":[3926,3924,32],"tags":[10,754,1308,16,1241],"news-destination":[3944],"news-source":[475],"is_homepage":[],"ta_other":[],"class_list":["post-37577","post","type-post","status-publish","format-standard","has-post-thumbnail","hentry","category-accueil-merge","category-accueil-second","category-culture","tag-bouches-du-rhone","tag-familles","tag-lete-marseillais","tag-marseille","tag-theatre","news-destination-homepage","news-source-website"],"_links":{"self":[{"href":"https:\/\/euapp01.newsmemory.com\/lamarseillaise\/news\/wp-json\/wp\/v2\/posts\/37577","targetHints":{"allow":["GET"]}}],"collection":[{"href":"https:\/\/euapp01.newsmemory.com\/lamarseillaise\/news\/wp-json\/wp\/v2\/posts"}],"about":[{"href":"https:\/\/euapp01.newsmemory.com\/lamarseillaise\/news\/wp-json\/wp\/v2\/types\/post"}],"author":[{"embeddable":true,"href":"https:\/\/euapp01.newsmemory.com\/lamarseillaise\/news\/wp-json\/wp\/v2\/users\/1"}],"replies":[{"embeddable":true,"href":"https:\/\/euapp01.newsmemory.com\/lamarseillaise\/news\/wp-json\/wp\/v2\/comments?post=37577"}],"version-history":[{"count":1,"href":"https:\/\/euapp01.newsmemory.com\/lamarseillaise\/news\/wp-json\/wp\/v2\/posts\/37577\/revisions"}],"predecessor-version":[{"id":37579,"href":"https:\/\/euapp01.newsmemory.com\/lamarseillaise\/news\/wp-json\/wp\/v2\/posts\/37577\/revisions\/37579"}],"wp:featuredmedia":[{"embeddable":true,"href":"https:\/\/euapp01.newsmemory.com\/lamarseillaise\/news\/wp-json\/wp\/v2\/media\/37578"}],"wp:attachment":[{"href":"https:\/\/euapp01.newsmemory.com\/lamarseillaise\/news\/wp-json\/wp\/v2\/media?parent=37577"}],"wp:term":[{"taxonomy":"category","embeddable":true,"href":"https:\/\/euapp01.newsmemory.com\/lamarseillaise\/news\/wp-json\/wp\/v2\/categories?post=37577"},{"taxonomy":"post_tag","embeddable":true,"href":"https:\/\/euapp01.newsmemory.com\/lamarseillaise\/news\/wp-json\/wp\/v2\/tags?post=37577"},{"taxonomy":"news-destination","embeddable":true,"href":"https:\/\/euapp01.newsmemory.com\/lamarseillaise\/news\/wp-json\/wp\/v2\/news-destination?post=37577"},{"taxonomy":"news-source","embeddable":true,"href":"https:\/\/euapp01.newsmemory.com\/lamarseillaise\/news\/wp-json\/wp\/v2\/news-source?post=37577"},{"taxonomy":"is_homepage","embeddable":true,"href":"https:\/\/euapp01.newsmemory.com\/lamarseillaise\/news\/wp-json\/wp\/v2\/is_homepage?post=37577"},{"taxonomy":"ta_other","embeddable":true,"href":"https:\/\/euapp01.newsmemory.com\/lamarseillaise\/news\/wp-json\/wp\/v2\/ta_other?post=37577"}],"curies":[{"name":"wp","href":"https:\/\/api.w.org\/{rel}","templated":true}]}}