{"id":37574,"date":"2026-07-27T07:58:00","date_gmt":"2026-07-27T05:58:00","guid":{"rendered":"https:\/\/euapp01.newsmemory.com\/lamarseillaise\/news\/?p=37574"},"modified":"2026-08-01T08:46:38","modified_gmt":"2026-08-01T06:46:38","slug":"les-marseillais-redecouvrent-leur-ville-a-bord-des-pointus","status":"publish","type":"post","link":"https:\/\/euapp01.newsmemory.com\/lamarseillaise\/news\/2026\/07\/27\/les-marseillais-redecouvrent-leur-ville-a-bord-des-pointus\/","title":{"rendered":"Les Marseillais red\u00e9couvrent leur ville \u00e0 bord des pointus"},"content":{"rendered":"<div class=\"paragraph\"> <\/div>\n<div class=\"intext\"> Pour tous les \u00e2ges\n              <\/div>\n<div class=\"paragraph\">\n<p>Alors, durant la balade, elle n\u2019h\u00e9site pas \u00e0 faire profiter aux autres de ses connaissances. De passage \u00e0 quelques centaines de m\u00e8tres de la plage des Catalans, elle raconte \u00e0 Sarah, une animatrice de MJC, l\u2019histoire du mus\u00e9e subaquatique et de ses statues immerg\u00e9es dans la M\u00e9diterran\u00e9e. De l\u2019autre c\u00f4t\u00e9 du pointu, Phil, le guide de cette sortie en mer, livre lui aussi son savoir sur la ville. \u00c0 quelques m\u00e8tres du port du Vallon des Auffes, il raconte l\u2019histoire d\u2019une immense b\u00e2tisse blanche, qui servait autrefois de bistrot, d\u2019un b\u00e2timent de la L\u00e9gion \u00e9trang\u00e8re o\u00f9 venaient \u00ab<i>\u00a0<\/i><i>se r\u00e9parer les soldats de retour d\u2019Alg\u00e9rie<\/i><i>\u00a0<\/i>\u00bb. Ou encore de la porte d\u2019Orient, \u00ab<i>\u00a0<\/i><i>hommage aux combattants marocains et alg\u00e9riens venus lib\u00e9rer la France pendant la Seconde Guerre mondiale<\/i><i>\u00a0<\/i>\u00bb. \u00c0 la barre, cet ancien cuisinier, devenu capitaine de bateau, dresse un constat\u00a0: \u00ab<i>\u00a0<\/i><i>La plupart des Marseillais ne connaissent pas la ville vue de la mer.<\/i>\u00a0\u00bb Ces activit\u00e9s sont l\u2019occasion de faire d\u00e9couvrir ses secrets au plus grand nombre. Parmi les visiteurs, \u00ab<i>\u00a0<\/i><i>des centres sociaux, mais aussi des personnes \u00e2g\u00e9es<\/i><i>\u00a0<\/i>\u00bb, explique-t-il. \u00c0 l\u2019image de la quinzaine d\u2019adolescents d\u2019une MJC de l\u2019Ari\u00e8ge pr\u00e9sente ce jour-l\u00e0. Des passagers dont les retours semblent positifs. Comme Joseline et Maryse, d\u00e9j\u00e0 pr\u00e9sentes la semaine derni\u00e8re. Ces deux Marseillaises ont d\u00e9cid\u00e9 de revenir car selon elles, \u00ab<i>\u00a0<\/i><i>rien que pour rester sur l\u2019eau, \u00e7a vaut le coup face \u00e0 ces fortes chaleurs<\/i><i>\u00a0<\/i>\u00bb. Apr\u00e8s une heure de balade, elles se disent toujours aussi \u00ab<i>\u00a0<\/i><i>\u00e9merveill\u00e9es par les paysages<\/i><i>\u00a0<\/i>\u00bb. Convaincues de revenir, une nouvelle fois pour une escapade au coucher du soleil.<\/p>\n<\/p><\/div>\n","protected":false},"excerpt":{"rendered":"Alors, durant la balade, elle n&rsquo;h&eacute;site pas &agrave; faire profiter aux autres de ses connaissances. De passage &agrave; quelques centaines de m&egrave;tres de la plage des Catalans, elle raconte &agrave; Sarah, une animatrice de MJC, &#8230;","protected":false},"author":1,"featured_media":37575,"comment_status":"open","ping_status":"open","sticky":false,"template":"","format":"standard","meta":{"footnotes":""},"categories":[3926,3925,20],"tags":[1289,1222,10,6085,16],"news-destination":[3944],"news-source":[475],"is_homepage":[],"ta_other":[],"class_list":["post-37574","post","type-post","status-publish","format-standard","has-post-thumbnail","hentry","category-accueil-merge","category-accueil-third","category-societe","tag-balade","tag-bateau","tag-bouches-du-rhone","tag-cest-lete","tag-marseille","news-destination-homepage","news-source-website"],"_links":{"self":[{"href":"https:\/\/euapp01.newsmemory.com\/lamarseillaise\/news\/wp-json\/wp\/v2\/posts\/37574","targetHints":{"allow":["GET"]}}],"collection":[{"href":"https:\/\/euapp01.newsmemory.com\/lamarseillaise\/news\/wp-json\/wp\/v2\/posts"}],"about":[{"href":"https:\/\/euapp01.newsmemory.com\/lamarseillaise\/news\/wp-json\/wp\/v2\/types\/post"}],"author":[{"embeddable":true,"href":"https:\/\/euapp01.newsmemory.com\/lamarseillaise\/news\/wp-json\/wp\/v2\/users\/1"}],"replies":[{"embeddable":true,"href":"https:\/\/euapp01.newsmemory.com\/lamarseillaise\/news\/wp-json\/wp\/v2\/comments?post=37574"}],"version-history":[{"count":1,"href":"https:\/\/euapp01.newsmemory.com\/lamarseillaise\/news\/wp-json\/wp\/v2\/posts\/37574\/revisions"}],"predecessor-version":[{"id":37576,"href":"https:\/\/euapp01.newsmemory.com\/lamarseillaise\/news\/wp-json\/wp\/v2\/posts\/37574\/revisions\/37576"}],"wp:featuredmedia":[{"embeddable":true,"href":"https:\/\/euapp01.newsmemory.com\/lamarseillaise\/news\/wp-json\/wp\/v2\/media\/37575"}],"wp:attachment":[{"href":"https:\/\/euapp01.newsmemory.com\/lamarseillaise\/news\/wp-json\/wp\/v2\/media?parent=37574"}],"wp:term":[{"taxonomy":"category","embeddable":true,"href":"https:\/\/euapp01.newsmemory.com\/lamarseillaise\/news\/wp-json\/wp\/v2\/categories?post=37574"},{"taxonomy":"post_tag","embeddable":true,"href":"https:\/\/euapp01.newsmemory.com\/lamarseillaise\/news\/wp-json\/wp\/v2\/tags?post=37574"},{"taxonomy":"news-destination","embeddable":true,"href":"https:\/\/euapp01.newsmemory.com\/lamarseillaise\/news\/wp-json\/wp\/v2\/news-destination?post=37574"},{"taxonomy":"news-source","embeddable":true,"href":"https:\/\/euapp01.newsmemory.com\/lamarseillaise\/news\/wp-json\/wp\/v2\/news-source?post=37574"},{"taxonomy":"is_homepage","embeddable":true,"href":"https:\/\/euapp01.newsmemory.com\/lamarseillaise\/news\/wp-json\/wp\/v2\/is_homepage?post=37574"},{"taxonomy":"ta_other","embeddable":true,"href":"https:\/\/euapp01.newsmemory.com\/lamarseillaise\/news\/wp-json\/wp\/v2\/ta_other?post=37574"}],"curies":[{"name":"wp","href":"https:\/\/api.w.org\/{rel}","templated":true}]}}