{"id":37571,"date":"2026-07-27T07:59:00","date_gmt":"2026-07-27T05:59:00","guid":{"rendered":"https:\/\/euapp01.newsmemory.com\/lamarseillaise\/news\/?p=37571"},"modified":"2026-07-27T12:32:08","modified_gmt":"2026-07-27T10:32:08","slug":"quatre-amis-du-futsal-des-maillots-et-une-belle-initiative-a-miramas","status":"publish","type":"post","link":"https:\/\/euapp01.newsmemory.com\/lamarseillaise\/news\/2026\/07\/27\/quatre-amis-du-futsal-des-maillots-et-une-belle-initiative-a-miramas\/","title":{"rendered":"Quatre amis, du futsal, des maillots et une belle initiative \u00e0 Miramas"},"content":{"rendered":"<div class=\"paragraph\">\n<p>Comme les trois mousquetaires d\u2019Alexandre Dumas, ils sont quatre.<\/p>\n<p>Mathieu Roux, Kaya Ozusen, Simon Lucan et L\u00e9a Lindo se sont connus sur les bancs du lyc\u00e9e Jean Cocteau de Miramas. Ensemble, ils ont eu l\u2019id\u00e9e de cr\u00e9er un tournoi de futsal, dont la seconde \u00e9dition a eu lieu l\u2019hiver dernier. De cette complicit\u00e9 est n\u00e9 un projet plus vaste.<\/p>\n<p>\u00ab\u00a0<i>Ce tournoi, qui a pris de l\u2019ampleur car plusieurs \u00e9tablissements de la r\u00e9gion y ont particip\u00e9, c\u2019est un peu notre laboratoire. Il nous a donn\u00e9 envie de proposer d\u2019autres rendez-vous, toucher \u00e0 d\u2019autres sports<\/i><i>\u00a0<\/i>\u00bb, indique Mathieu. D\u2019o\u00f9 la cr\u00e9ation de la NAFS League, dont le but \u00ab\u00a0<i>est de p\u00e9renniser le tournoi de futsal et s\u2019ouvrir \u00e0 d\u2019autres organisations<\/i><i>\u00a0<\/i>\u00bb.<\/p>\n<\/p><\/div>\n<div class=\"intext\"> Une vitrine avec le futsal\n              <\/div>\n<div class=\"paragraph\">\n<p>Les quatre amis ont saisi l\u2019opportunit\u00e9 de la Coupe du Monde de football. Le soir de la finale, ils ont mis en place un atelier d\u2019animations et de d\u00e9bats autour de la comp\u00e9tition. Un premier rendez-vous qui a attir\u00e9 plus d\u2019une centaine de curieux. Curieux qui se sont pris au jeu des questions et ont pass\u00e9 une soir\u00e9e agr\u00e9able, malgr\u00e9 le triste spectacle de l\u2019affiche Espagne &#8211; Argentine.<\/p>\n<p>Cette premi\u00e8re va servir de tremplin. \u00ab\u00a0<i>Nous avons plein d\u2019id\u00e9e pour des manifestations sportives<\/i><i>\u00a0<\/i>\u00bb, assure Kaya. Si le tournoi de futsal va rester la vitrine du savoir-faire de la NAFS League, cette derni\u00e8re compte bien proposer d\u2019autres rendez-vous autour de la p\u00e9tanque, du handball, de la natation ou encore du MMA.<\/p>\n<p>Tous les quatre r\u00e9fl\u00e9chissent depuis un an et demi avant de se lancer dans le grand bain. Ils vont bient\u00f4t quitter leur lyc\u00e9e, appel\u00e9s par les \u00e9tudes sup\u00e9rieures, et comptent bien trouver la rel\u00e8ve au sein de l\u2019\u00e9tablissement. \u00ab\u00a0<i>Car ce tournoi, nous aimerions qu\u2019il aille au-del\u00e0 de la troisi\u00e8me \u00e9dition en pr\u00e9paration<\/i><i>\u00a0<\/i>\u00bb, poursuit Mathieu.<\/p>\n<p>Les quatre comp\u00e8res ont des id\u00e9es pour que s\u2019\u00e9tende la zone d\u2019influence de leur association. \u00ab\u00a0<i>Nous aimerions proposer des rendez-vous autour des matches de l\u2019OM. Je pense que ce que nous avons fait pour la finale de la Coupe du Monde peut se refaire \u00e0 l\u2019occasion des grands matches du club marseillais<\/i><i>\u00a0<\/i>\u00bb estime-t-il.<\/p>\n<p>Outre l\u2019\u00e9v\u00e9nementiel, les quatre amis ont \u00e9galement cr\u00e9\u00e9 une entreprise d\u2019\u00e9quipements sportifs. Lors du dernier tournoi interlyc\u00e9es, les deux \u00e9quipes aux couleurs de Jean Cocteau arboraient des tenues enti\u00e8rement con\u00e7ues par Kaya et ses associ\u00e9s. \u00ab\u00a0<i>Le tournoi nous a permis de nous faire conna\u00eetre. Les maillots que nous avons d\u00e9sign\u00e9s pour l\u2019occasion sont en quelque sorte devenus l\u2019image de marque de notre association. Nous avons r\u00e9ussi \u00e0 rester dans les clous financi\u00e8rement et nous aimerions que la marque se d\u00e9veloppe.<\/i><i>\u00a0<\/i>\u00bb<\/p>\n<p>Du c\u00f4t\u00e9 de la Ville de Miramas, on salue cette belle initiative. \u00ab\u00a0<i>Ils ont de beaux projets pour sensibiliser les jeunes \u00e0 la pratique sportive, organiser des ateliers d\u2019initiation aux gestes de premier secours en collaboration avec les pompiers. Ce qu\u2019ils proposent va au-del\u00e0 du simple \u00e9v\u00e9nementiel et ils ont besoin d\u2019\u00eatre encourag\u00e9s et soutenus<\/i><i>\u00a0<\/i>\u00bb, confie Christophe Caillault, adjoint \u00e0 l\u2019\u00e9ducation et \u00e0 la jeunesse.<\/p>\n<p>Ceux qui souhaitent rejoindre l\u2019aventure d\u2019un groupe qui indique \u00ab\u00a0<i>avoir besoin de musiciens pour assurer notre musicalit\u00e9<\/i><i>\u00a0<\/i>\u00bb peuvent les retrouver sur les r\u00e9seaux sociaux.<\/p>\n<\/p><\/div>\n","protected":false},"excerpt":{"rendered":"Comme les trois mousquetaires d&rsquo;Alexandre Dumas, ils sont quatre.","protected":false},"author":1,"featured_media":37572,"comment_status":"open","ping_status":"open","sticky":false,"template":"","format":"standard","meta":{"footnotes":""},"categories":[3926,3924,7],"tags":[1578,1841],"news-destination":[3944],"news-source":[475],"is_homepage":[],"ta_other":[],"class_list":["post-37571","post","type-post","status-publish","format-standard","has-post-thumbnail","hentry","category-accueil-merge","category-accueil-second","category-sports","tag-miramas","tag-omnisports","news-destination-homepage","news-source-website"],"_links":{"self":[{"href":"https:\/\/euapp01.newsmemory.com\/lamarseillaise\/news\/wp-json\/wp\/v2\/posts\/37571","targetHints":{"allow":["GET"]}}],"collection":[{"href":"https:\/\/euapp01.newsmemory.com\/lamarseillaise\/news\/wp-json\/wp\/v2\/posts"}],"about":[{"href":"https:\/\/euapp01.newsmemory.com\/lamarseillaise\/news\/wp-json\/wp\/v2\/types\/post"}],"author":[{"embeddable":true,"href":"https:\/\/euapp01.newsmemory.com\/lamarseillaise\/news\/wp-json\/wp\/v2\/users\/1"}],"replies":[{"embeddable":true,"href":"https:\/\/euapp01.newsmemory.com\/lamarseillaise\/news\/wp-json\/wp\/v2\/comments?post=37571"}],"version-history":[{"count":1,"href":"https:\/\/euapp01.newsmemory.com\/lamarseillaise\/news\/wp-json\/wp\/v2\/posts\/37571\/revisions"}],"predecessor-version":[{"id":37573,"href":"https:\/\/euapp01.newsmemory.com\/lamarseillaise\/news\/wp-json\/wp\/v2\/posts\/37571\/revisions\/37573"}],"wp:featuredmedia":[{"embeddable":true,"href":"https:\/\/euapp01.newsmemory.com\/lamarseillaise\/news\/wp-json\/wp\/v2\/media\/37572"}],"wp:attachment":[{"href":"https:\/\/euapp01.newsmemory.com\/lamarseillaise\/news\/wp-json\/wp\/v2\/media?parent=37571"}],"wp:term":[{"taxonomy":"category","embeddable":true,"href":"https:\/\/euapp01.newsmemory.com\/lamarseillaise\/news\/wp-json\/wp\/v2\/categories?post=37571"},{"taxonomy":"post_tag","embeddable":true,"href":"https:\/\/euapp01.newsmemory.com\/lamarseillaise\/news\/wp-json\/wp\/v2\/tags?post=37571"},{"taxonomy":"news-destination","embeddable":true,"href":"https:\/\/euapp01.newsmemory.com\/lamarseillaise\/news\/wp-json\/wp\/v2\/news-destination?post=37571"},{"taxonomy":"news-source","embeddable":true,"href":"https:\/\/euapp01.newsmemory.com\/lamarseillaise\/news\/wp-json\/wp\/v2\/news-source?post=37571"},{"taxonomy":"is_homepage","embeddable":true,"href":"https:\/\/euapp01.newsmemory.com\/lamarseillaise\/news\/wp-json\/wp\/v2\/is_homepage?post=37571"},{"taxonomy":"ta_other","embeddable":true,"href":"https:\/\/euapp01.newsmemory.com\/lamarseillaise\/news\/wp-json\/wp\/v2\/ta_other?post=37571"}],"curies":[{"name":"wp","href":"https:\/\/api.w.org\/{rel}","templated":true}]}}