{"id":37568,"date":"2026-07-27T07:30:00","date_gmt":"2026-07-27T05:30:00","guid":{"rendered":"https:\/\/euapp01.newsmemory.com\/lamarseillaise\/news\/?p=37568"},"modified":"2026-07-27T10:09:28","modified_gmt":"2026-07-27T08:09:28","slug":"fibre-excellence-doit-etre-sauve","status":"publish","type":"post","link":"https:\/\/euapp01.newsmemory.com\/lamarseillaise\/news\/2026\/07\/27\/fibre-excellence-doit-etre-sauve\/","title":{"rendered":"Fibre Excellence doit \u00eatre sauv\u00e9"},"content":{"rendered":"<div class=\"paragraph\">\n<p>\u00c0 quoi joue le gouvernement de S\u00e9bastien Lecornu et, singuli\u00e8rement, son ministre de l\u2019Industrie Laurent Lescure \u00e0 propos de l\u2019offre de reprise du groupe de p\u00e2te \u00e0 papier Fibre Excellence\u00a0? Rappelons que les trois quarts de la p\u00e2te \u00e0 papier consomm\u00e9s en France sortent des usines de Tarascon (Bouches-du-Rh\u00f4ne) et de Saint-Gaudens (Haute-Garonne). Si des milliers d\u2019emplois n\u2019\u00e9taient pas en jeu, la mesquinerie de la macronie agonisante pourrait pr\u00eater \u00e0 sourire. Car l\u2019int\u00e9r\u00eat g\u00e9n\u00e9ral doit primer dans ce dossier.<\/p>\n<p><b>\u00ab<\/b><b>\u00a0<\/b><b>bronze-culs<\/b><b>\u00a0<\/b><b>\u00bb<\/b><\/p>\n<p>Fibre Excellence \u00ab<i>\u00a0<\/i><i>c\u2019est 20% du bois d\u2019industrie fran\u00e7ais<\/i><i>\u00a0<\/i>\u00bb qui fait vivre \u00ab<i>\u00a0<\/i><i>10<\/i><i>\u00a0<\/i><i>000<\/i><i>\u00a0<\/i><i>emplois indirects<\/i><i>\u00a0<\/i>\u00bb rappelle l\u2019entrepreneur Mathieu Pigasse, pilote de l\u2019offre de reprise. Le tribunal de commerce de Toulouse, dans la d\u00e9cision qu\u2019il devrait rendre \u00e0 l\u2019issue d\u2019une audience cruciale ce lundi, doit tenir compte de tous les enjeux.<\/p>\n<p>Fibre Excellence a \u00e9t\u00e9 laiss\u00e9 dans une situation scandaleuse par son propri\u00e9taire, le milliardaire indon\u00e9sien, Jackson Wijaya, \u00e0 la t\u00eate de la multinationale Asia Pulp and Papier. Ce qui a conduit \u00e0 sa mise en redressement judiciaire. Aujourd\u2019hui, les deux usines peuvent \u00e9chapper \u00e0 la liquidation et \u00eatre et revitalis\u00e9es gr\u00e2ce \u00e0 un projet industriel\u00a0sur 10\u00a0ans. Les R\u00e9gions Occitanie et Sud Paca, les syndicats CFDT, CGT et FO ont interpell\u00e9 fortement le chef du gouvernement. Une offre de reprise, solide est l\u00e0, encore sur la table.<\/p>\n<p>La destruction du tissu industriel dans le sud de la France n\u2019est pas in\u00e9luctable. C\u2019est une question de choix et de volont\u00e9 politique. Nos territoires ne sont pas vou\u00e9s \u00e0 \u00eatre des \u00ab\u00a0bronze-culs\u00a0\u00bb pour reprendre l\u2019expression iconique des ouvriers d\u2019ici.<\/p>\n<\/p><\/div>\n","protected":false},"excerpt":{"rendered":"&Agrave; quoi joue le gouvernement de S&eacute;bastien Lecornu et, singuli&egrave;rement, son ministre de l&rsquo;Industrie Laurent Lescure &agrave; propos de l&rsquo;offre de reprise du groupe de p&acirc;te &agrave; papier Fibre Excellence&nbsp;? &#8230;","protected":false},"author":1,"featured_media":37569,"comment_status":"open","ping_status":"open","sticky":false,"template":"","format":"standard","meta":{"footnotes":""},"categories":[332],"tags":[237,113,4279,1481,572,4281,873,714,833],"news-destination":[],"news-source":[475],"is_homepage":[],"ta_other":[],"class_list":["post-37568","post","type-post","status-publish","format-standard","has-post-thumbnail","hentry","category-edito","tag-cfdt","tag-cgt","tag-fibre-excellence","tag-force-ouvriere","tag-france","tag-pate-a-papier","tag-region-occitanie","tag-region-sud","tag-sebastien-lecornu","news-source-website"],"_links":{"self":[{"href":"https:\/\/euapp01.newsmemory.com\/lamarseillaise\/news\/wp-json\/wp\/v2\/posts\/37568","targetHints":{"allow":["GET"]}}],"collection":[{"href":"https:\/\/euapp01.newsmemory.com\/lamarseillaise\/news\/wp-json\/wp\/v2\/posts"}],"about":[{"href":"https:\/\/euapp01.newsmemory.com\/lamarseillaise\/news\/wp-json\/wp\/v2\/types\/post"}],"author":[{"embeddable":true,"href":"https:\/\/euapp01.newsmemory.com\/lamarseillaise\/news\/wp-json\/wp\/v2\/users\/1"}],"replies":[{"embeddable":true,"href":"https:\/\/euapp01.newsmemory.com\/lamarseillaise\/news\/wp-json\/wp\/v2\/comments?post=37568"}],"version-history":[{"count":1,"href":"https:\/\/euapp01.newsmemory.com\/lamarseillaise\/news\/wp-json\/wp\/v2\/posts\/37568\/revisions"}],"predecessor-version":[{"id":37570,"href":"https:\/\/euapp01.newsmemory.com\/lamarseillaise\/news\/wp-json\/wp\/v2\/posts\/37568\/revisions\/37570"}],"wp:featuredmedia":[{"embeddable":true,"href":"https:\/\/euapp01.newsmemory.com\/lamarseillaise\/news\/wp-json\/wp\/v2\/media\/37569"}],"wp:attachment":[{"href":"https:\/\/euapp01.newsmemory.com\/lamarseillaise\/news\/wp-json\/wp\/v2\/media?parent=37568"}],"wp:term":[{"taxonomy":"category","embeddable":true,"href":"https:\/\/euapp01.newsmemory.com\/lamarseillaise\/news\/wp-json\/wp\/v2\/categories?post=37568"},{"taxonomy":"post_tag","embeddable":true,"href":"https:\/\/euapp01.newsmemory.com\/lamarseillaise\/news\/wp-json\/wp\/v2\/tags?post=37568"},{"taxonomy":"news-destination","embeddable":true,"href":"https:\/\/euapp01.newsmemory.com\/lamarseillaise\/news\/wp-json\/wp\/v2\/news-destination?post=37568"},{"taxonomy":"news-source","embeddable":true,"href":"https:\/\/euapp01.newsmemory.com\/lamarseillaise\/news\/wp-json\/wp\/v2\/news-source?post=37568"},{"taxonomy":"is_homepage","embeddable":true,"href":"https:\/\/euapp01.newsmemory.com\/lamarseillaise\/news\/wp-json\/wp\/v2\/is_homepage?post=37568"},{"taxonomy":"ta_other","embeddable":true,"href":"https:\/\/euapp01.newsmemory.com\/lamarseillaise\/news\/wp-json\/wp\/v2\/ta_other?post=37568"}],"curies":[{"name":"wp","href":"https:\/\/api.w.org\/{rel}","templated":true}]}}