{"id":37562,"date":"2026-07-27T07:38:00","date_gmt":"2026-07-27T05:38:00","guid":{"rendered":"https:\/\/euapp01.newsmemory.com\/lamarseillaise\/news\/?p=37562"},"modified":"2026-08-01T08:46:38","modified_gmt":"2026-08-01T06:46:38","slug":"lincendie-progresse-dans-le-gros-bessillon-4-500-hectares-ravages","status":"publish","type":"post","link":"https:\/\/euapp01.newsmemory.com\/lamarseillaise\/news\/2026\/07\/27\/lincendie-progresse-dans-le-gros-bessillon-4-500-hectares-ravages\/","title":{"rendered":"L\u2019incendie progresse dans le Gros Bessillon, 4&nbsp;500 hectares ravag\u00e9s"},"content":{"rendered":"<div class=\"paragraph\">\n<p><a rel=\"noopener noreferrer\" href=\"https:\/\/www.lamarseillaise.fr\/societe\/50-a-100-nouveaux-departs-de-feu-dans-le-gros-bessillon-GF20529953\" target=\"_blank\">Les espoirs de fixer l\u2019incendie vendredi ou samedi<\/a> ont \u00e9t\u00e9 vains pour les sapeurs-pompiers mobilis\u00e9s depuis<a rel=\"nofollow noopener noreferrer\" href=\"https:\/\/www.lamarseillaise.fr\/societe\/a-ponteves-1700-hectares-brules-triste-record-de-l-annee-en-provence-CF20520673\" target=\"_blank\"> mardi sur le secteur du Gros Bessillon<\/a>. Ils n\u2019ont pas \u00e9t\u00e9 plus fructueux dimanche. Car chaque fois que la situation s\u2019am\u00e9liore sur un secteur, c\u2019est un autre qui s\u2019embrase, sous l\u2019effet d\u2019un vent soutenu et impr\u00e9visible. \u00ab\u00a0<i>C\u2019est un v\u00e9ritable &#8220;feu toupie&#8221;. Au gr\u00e9 des changements de vent, il va dans un sens et retourne dans l\u2019autre<\/i><i>\u00a0<\/i>\u00bb, d\u00e9plorait le pr\u00e9fet du Var, Simon Babre dimanche apr\u00e8s-midi.<\/p>\n<p>Dans la nuit de vendredi \u00e0 samedi, le feu a repris au nord-ouest de la commune de Correns, dont l\u2019un a menac\u00e9 des habitations, et \u00e0 Pontev\u00e8s, faisant passer le bilan de 2\u00a0700 \u00e0 3\u00a0250\u00a0hectares parcourus. Et la situation s\u2019est g\u00e2t\u00e9e en d\u00e9but d\u2019apr\u00e8s-midi, alors que le feu continuait de menacer Correns, avec une grosse reprise sur un secteur situ\u00e9 entre Barjols et Pontev\u00e8s. Malgr\u00e9 les efforts des 1\u00a0000\u00a0sapeurs pompiers mobilis\u00e9s, \u00e9quip\u00e9s de six H\u00e9licopt\u00e8res bombardiers d\u2019eau (dont deux Pumas lourds), trois avions Dash et 265\u00a0v\u00e9hicules feux de for\u00eats, les flammes se sont rapidement dirig\u00e9es vers Brue-Auriac, et surtout Ch\u00e2teauvert et Barjols, o\u00f9 de nombreuses \u00e9vacuations (en plus de confinements dans certaines zones, notamment le centre de Barjols) ont eu lieu. En d\u00e9but de soir\u00e9e, plus de 2\u00a0000\u00a0personnes avaient d\u00fb fuir leur domicile sur l\u2019ensemble des communes concern\u00e9es, avec un nouveau bilan de 4\u00a0000\u00a0hectares br\u00fbl\u00e9s. Deux nouvelles habitations ont \u00e9t\u00e9 d\u00e9truites, et 17 autres touch\u00e9es, tandis qu\u2019une distribution de bouteilles d\u2019eau a \u00e9t\u00e9 assur\u00e9e aupr\u00e8s des habitants de Pontev\u00e8s, la turbidit\u00e9 de l\u2019eau ayant d\u00e9pass\u00e9 le seuil maximum r\u00e9glementaire.<\/p>\n<\/p><\/div>\n<div class=\"intext\"> Pas de fixation esp\u00e9r\u00e9e avant le milieu de semaine\n              <\/div>\n<div class=\"paragraph\">\n<p><a rel=\"nofollow noopener noreferrer\" href=\"https:\/\/www.lamarseillaise.fr\/societe\/plusieurs-reprises-de-feu-ont-empeche-de-fixer-l-incendie-dans-le-gros-bessillon-vendredi-IE20534639\" target=\"_blank\">Des pr\u00e9cipitations \u00e9taient esp\u00e9r\u00e9es pour la nuit<\/a>, alors qu\u2019un orage venait de passer par le littoral varois. D\u2019autant plus que la journ\u00e9e de dimanche s\u2019annon\u00e7ait p\u00e9rilleuse, avec une r\u00e9activation du mistral attendue dans la matin\u00e9e, potentiellement vectrice de nouveaux d\u00e9parts de feux. Il n\u2019en fut rien, et les quelques millim\u00e8tres tomb\u00e9s de mani\u00e8re \u00e9parse n\u2019ont finalement \u00e9t\u00e9 d\u2019aucune aide pour lutter contre les flammes, qui avaient parcouru 500\u00a0hectares de plus au petit matin.<\/p>\n<p>Un DASH, quatre canadairs, trois h\u00e9licopt\u00e8res bombardiers d\u2019eau, deux dragons, ainsi que deux unit\u00e9s du 7<sup>e<\/sup> R\u00e9giment d\u2019instruction et d\u2019intervention de la s\u00e9curit\u00e9 civile (7<sup>e<\/sup> RIISC) de Brignoles sont venus en renforts 275\u00a0v\u00e9hicules feux de for\u00eats et 1\u00a0030\u00a0sapeurs-pompiers mobilis\u00e9s durant la nuit, sur un front de 126km, o\u00f9 plusieurs feux se sont r\u00e9activ\u00e9s sous l\u2019effet d\u2019un vent de nord-ouest, notamment au sud de Barjols. Le danger s\u2019\u00e9tait \u00e9loign\u00e9 de Montfort-sur-Argens, o\u00f9 des b\u00e9n\u00e9voles ont r\u00e9alis\u00e9 des op\u00e9rations de noyage.<\/p>\n<p>Les efforts se sont ensuite concentr\u00e9s sur quatre secteurs qui ont subi de nouvelles r\u00e9activations au fil des heures, sous l\u2019effet d\u2019un vent pluridirectionnel\u00a0: l\u2019ouest de Barjols, le sud du Petit Bessillon \u00e0 Pontev\u00e8s, Saint-Andrieu et le plateau situ\u00e9 au-dessus du Vallon de la Puade \u00e0 Correns. Une station de ravitaillement en carburant op\u00e9r\u00e9e par l\u2019arm\u00e9e et plusieurs postes de commandement de terrain ont \u00e9t\u00e9 mis en place\u00a0: un PC op\u00e9rationnel \u00e0 Pontev\u00e8s et 3\u00a0PC de secteurs sur Cotignac, Barjols et Montfort-sur-Argens, pour faciliter la direction des actions par les maires et d\u00e9cliner les d\u00e9cisions du PC de la pr\u00e9fecture, et du Centre op\u00e9rationnel d\u00e9partemental d\u2019incendie et de secours (CODIS) situ\u00e9 au Sdis. Des piscines mobiles ont \u00e9galement \u00e9t\u00e9 r\u00e9parties sur tout le pourtour de la zone, qu\u2019alimentent les agriculteurs et des entreprises de transport.<\/p>\n<p>Plusieurs milliers de personnes \u00e9taient \u00e9vacu\u00e9es ou confin\u00e9es dimanche soir, notamment \u00e0 Correns, Barjols et Ch\u00e2teauvert. D\u00e9sormais, l\u2019objectif est de fixer le feu en milieu de semaine, alors que les conditions des prochains jours ne s\u2019annoncent pas plus favorables.<\/p>\n<\/p><\/div>\n","protected":false},"excerpt":{"rendered":"Les espoirs de fixer l&rsquo;incendie vendredi ou samedi ont &eacute;t&eacute; vains pour les sapeurs-pompiers mobilis&eacute;s depuis mardi sur le secteur du Gros Bessillon. Ils n&rsquo;ont pas &eacute;t&eacute; plus fructueux dimanche. Car chaque &#8230;","protected":false},"author":1,"featured_media":37563,"comment_status":"open","ping_status":"open","sticky":false,"template":"","format":"standard","meta":{"footnotes":""},"categories":[3926,3925,20],"tags":[3075,6161,6162,6147,318,316,1673,4015,6036,319,1396,6141,1674,5879,6003,3600,4877,31],"news-destination":[3944],"news-source":[475],"is_homepage":[],"ta_other":[],"class_list":["post-37562","post","type-post","status-publish","format-standard","has-post-thumbnail","hentry","category-accueil-merge","category-accueil-third","category-societe","tag-barjols","tag-brue-auriac","tag-chateauvert","tag-correns","tag-feu","tag-feu-de-foret","tag-feux","tag-feux-de-foret","tag-flammes","tag-incendie","tag-incendies","tag-ponteves","tag-sapeurs-pompiers","tag-sdis","tag-sdis-83","tag-sdis13","tag-sdis83","tag-var","news-destination-homepage","news-source-website"],"_links":{"self":[{"href":"https:\/\/euapp01.newsmemory.com\/lamarseillaise\/news\/wp-json\/wp\/v2\/posts\/37562","targetHints":{"allow":["GET"]}}],"collection":[{"href":"https:\/\/euapp01.newsmemory.com\/lamarseillaise\/news\/wp-json\/wp\/v2\/posts"}],"about":[{"href":"https:\/\/euapp01.newsmemory.com\/lamarseillaise\/news\/wp-json\/wp\/v2\/types\/post"}],"author":[{"embeddable":true,"href":"https:\/\/euapp01.newsmemory.com\/lamarseillaise\/news\/wp-json\/wp\/v2\/users\/1"}],"replies":[{"embeddable":true,"href":"https:\/\/euapp01.newsmemory.com\/lamarseillaise\/news\/wp-json\/wp\/v2\/comments?post=37562"}],"version-history":[{"count":1,"href":"https:\/\/euapp01.newsmemory.com\/lamarseillaise\/news\/wp-json\/wp\/v2\/posts\/37562\/revisions"}],"predecessor-version":[{"id":37564,"href":"https:\/\/euapp01.newsmemory.com\/lamarseillaise\/news\/wp-json\/wp\/v2\/posts\/37562\/revisions\/37564"}],"wp:featuredmedia":[{"embeddable":true,"href":"https:\/\/euapp01.newsmemory.com\/lamarseillaise\/news\/wp-json\/wp\/v2\/media\/37563"}],"wp:attachment":[{"href":"https:\/\/euapp01.newsmemory.com\/lamarseillaise\/news\/wp-json\/wp\/v2\/media?parent=37562"}],"wp:term":[{"taxonomy":"category","embeddable":true,"href":"https:\/\/euapp01.newsmemory.com\/lamarseillaise\/news\/wp-json\/wp\/v2\/categories?post=37562"},{"taxonomy":"post_tag","embeddable":true,"href":"https:\/\/euapp01.newsmemory.com\/lamarseillaise\/news\/wp-json\/wp\/v2\/tags?post=37562"},{"taxonomy":"news-destination","embeddable":true,"href":"https:\/\/euapp01.newsmemory.com\/lamarseillaise\/news\/wp-json\/wp\/v2\/news-destination?post=37562"},{"taxonomy":"news-source","embeddable":true,"href":"https:\/\/euapp01.newsmemory.com\/lamarseillaise\/news\/wp-json\/wp\/v2\/news-source?post=37562"},{"taxonomy":"is_homepage","embeddable":true,"href":"https:\/\/euapp01.newsmemory.com\/lamarseillaise\/news\/wp-json\/wp\/v2\/is_homepage?post=37562"},{"taxonomy":"ta_other","embeddable":true,"href":"https:\/\/euapp01.newsmemory.com\/lamarseillaise\/news\/wp-json\/wp\/v2\/ta_other?post=37562"}],"curies":[{"name":"wp","href":"https:\/\/api.w.org\/{rel}","templated":true}]}}