{"id":37559,"date":"2026-07-27T07:34:00","date_gmt":"2026-07-27T05:34:00","guid":{"rendered":"https:\/\/euapp01.newsmemory.com\/lamarseillaise\/news\/?p=37559"},"modified":"2026-07-27T10:09:28","modified_gmt":"2026-07-27T08:09:28","slug":"letat-va-t-il-condamner-lunique-papetier-francais","status":"publish","type":"post","link":"https:\/\/euapp01.newsmemory.com\/lamarseillaise\/news\/2026\/07\/27\/letat-va-t-il-condamner-lunique-papetier-francais\/","title":{"rendered":"L\u2019\u00c9tat va-t-il condamner l\u2019unique papetier fran\u00e7ais ?"},"content":{"rendered":"<div class=\"paragraph\">\n<p>L\u2019heure est cruciale\u00a0: le tribunal de commerce de Toulouse se prononce ce lundi apr\u00e8s-midi sur l\u2019avenir de Fibre Excellence. C\u2019est l\u2019audience de la derni\u00e8re chance pour le groupe de p\u00e2te \u00e0 papier plac\u00e9 en redressement judiciaire en avril dernier. Une seule offre de reprise, d\u00e9pos\u00e9e mi-juin par l\u2019entrepreneur Matthieu Pigasse, a re\u00e7u le soutien \u00e0 la fois des salari\u00e9s, des syndicats et des collectivit\u00e9s locales. Projet qui a fait rena\u00eetre l\u2019espoir au sein de toute la fili\u00e8re. C\u2019\u00e9tait sans compter sur la fin de non-recevoir oppos\u00e9e par le gouvernement. Jusqu\u2019\u00e0 la derni\u00e8re minute, la CGT a pouss\u00e9 l\u2019ex\u00e9cutif \u00e0 soutenir le projet\u00a0: \u00ab\u00a0<i>Plus que jamais, l\u2019\u00c9tat doit agir pour la pr\u00e9servation de ce fleuron industriel fran\u00e7ais.<\/i><i>\u00a0<\/i>\u00bb<i> <\/i>Et<i> <\/i>pour cause\u00a0:<i> <\/i>\u00ab\u00a0<i>Il dispose des leviers pour ce faire<\/i><i>\u00a0<\/i><i>: au-del\u00e0 des plus de 100<\/i><i>\u00a0<\/i><i>millions d\u2019euros mobilis\u00e9s depuis 2020 dans cette entreprise, il peut agir sur les tarifs de l\u2019\u00e9lectricit\u00e9 <\/i>[produite \u00e0 partir des copeaux de bois et vendue \u00e0 EDF]<i>, la r\u00e9gulation du march\u00e9 du bois, les garanties financi\u00e8res&#8230;<\/i>\u00a0\u00bb<i>, <\/i>\u00e9crit la CGT ce vendredi.<\/p>\n<p>Car sur les sites de Tarascon, dans les Bouches-du-Rh\u00f4ne, et Saint-Gaudens, en Haute-Garonne, l\u2019inqui\u00e9tude plane. Un sentiment aliment\u00e9 par les propos de Roland Lescure, qui a jug\u00e9 l\u2019offre \u00ab\u00a0<i>pas au niveau<\/i><i>\u00a0<\/i>\u00bb et accus\u00e9 Matthieu Pigasse de faire \u00ab\u00a0<i>de la politique<\/i><i>\u00a0<\/i>\u00bb, estimant que le financier entra\u00eenerait les salari\u00e9s vers un \u00ab\u00a0<i>cauchemar<\/i><i>\u00a0<\/i>\u00bb \u00e9conomique\u00a0: \u00ab\u00a0<i>Cette d\u00e9claration est indigne de la part du ministre, qui s\u2019acharne \u00e0 d\u00e9cr\u00e9dibiliser cette offre par pur calcul politicien. Au contraire, un tel projet devrait recevoir le plein soutien du gouvernement compte tenu des enjeux qui le traversent<\/i><i>\u00a0<\/i>\u00bb, estime le syndicat.<\/p>\n<p>Les salari\u00e9s qui ont annonc\u00e9 placer les deux usines \u00ab\u00a0sous protection\u00a0\u00bb, en les occupant \u00e0 dur\u00e9e ind\u00e9termin\u00e9e, redoutent la liquidation judiciaire de Fibre Excellence. Si tel \u00e9tait le cas, les 660\u00a0salari\u00e9s de Tarascon et Saint-Gaudens, les 228 de la Chapelle-Darblay, et les 10\u00a0000\u00a0emplois indirects s\u2019ajouteront aux centaines de milliers d\u00e9truits dans l\u2019industrie par la macronie depuis son accession au pouvoir. Un bilan d\u00e9sastreux, loin de la r\u00e9industrialisation promise. \u00ab\u00a0<i>Si l\u2019\u00c9tat ne suit pas, c\u2019est lui seul qui condamne la fili\u00e8re et les milliers d\u2019emplois qui en d\u00e9coulent<\/i><i>\u00a0<\/i>\u00bb, pr\u00e9vient la centrale de Montreuil.<\/p>\n<\/p><\/div>\n","protected":false},"excerpt":{"rendered":"L&rsquo;heure est cruciale&nbsp;: le tribunal de commerce de Toulouse se prononce ce lundi apr&egrave;s-midi sur l&rsquo;avenir de Fibre Excellence. C&rsquo;est l&rsquo;audience de la derni&egrave;re chance pour le groupe de p&acirc;te &agrave; &#8230;","protected":false},"author":1,"featured_media":37560,"comment_status":"open","ping_status":"open","sticky":false,"template":"","format":"standard","meta":{"footnotes":""},"categories":[3926,3924,331],"tags":[10,1900,4279,1740],"news-destination":[3944],"news-source":[475],"is_homepage":[],"ta_other":[],"class_list":["post-37559","post","type-post","status-publish","format-standard","has-post-thumbnail","hentry","category-accueil-merge","category-accueil-second","category-social","tag-bouches-du-rhone","tag-etat","tag-fibre-excellence","tag-tarascon","news-destination-homepage","news-source-website"],"_links":{"self":[{"href":"https:\/\/euapp01.newsmemory.com\/lamarseillaise\/news\/wp-json\/wp\/v2\/posts\/37559","targetHints":{"allow":["GET"]}}],"collection":[{"href":"https:\/\/euapp01.newsmemory.com\/lamarseillaise\/news\/wp-json\/wp\/v2\/posts"}],"about":[{"href":"https:\/\/euapp01.newsmemory.com\/lamarseillaise\/news\/wp-json\/wp\/v2\/types\/post"}],"author":[{"embeddable":true,"href":"https:\/\/euapp01.newsmemory.com\/lamarseillaise\/news\/wp-json\/wp\/v2\/users\/1"}],"replies":[{"embeddable":true,"href":"https:\/\/euapp01.newsmemory.com\/lamarseillaise\/news\/wp-json\/wp\/v2\/comments?post=37559"}],"version-history":[{"count":1,"href":"https:\/\/euapp01.newsmemory.com\/lamarseillaise\/news\/wp-json\/wp\/v2\/posts\/37559\/revisions"}],"predecessor-version":[{"id":37561,"href":"https:\/\/euapp01.newsmemory.com\/lamarseillaise\/news\/wp-json\/wp\/v2\/posts\/37559\/revisions\/37561"}],"wp:featuredmedia":[{"embeddable":true,"href":"https:\/\/euapp01.newsmemory.com\/lamarseillaise\/news\/wp-json\/wp\/v2\/media\/37560"}],"wp:attachment":[{"href":"https:\/\/euapp01.newsmemory.com\/lamarseillaise\/news\/wp-json\/wp\/v2\/media?parent=37559"}],"wp:term":[{"taxonomy":"category","embeddable":true,"href":"https:\/\/euapp01.newsmemory.com\/lamarseillaise\/news\/wp-json\/wp\/v2\/categories?post=37559"},{"taxonomy":"post_tag","embeddable":true,"href":"https:\/\/euapp01.newsmemory.com\/lamarseillaise\/news\/wp-json\/wp\/v2\/tags?post=37559"},{"taxonomy":"news-destination","embeddable":true,"href":"https:\/\/euapp01.newsmemory.com\/lamarseillaise\/news\/wp-json\/wp\/v2\/news-destination?post=37559"},{"taxonomy":"news-source","embeddable":true,"href":"https:\/\/euapp01.newsmemory.com\/lamarseillaise\/news\/wp-json\/wp\/v2\/news-source?post=37559"},{"taxonomy":"is_homepage","embeddable":true,"href":"https:\/\/euapp01.newsmemory.com\/lamarseillaise\/news\/wp-json\/wp\/v2\/is_homepage?post=37559"},{"taxonomy":"ta_other","embeddable":true,"href":"https:\/\/euapp01.newsmemory.com\/lamarseillaise\/news\/wp-json\/wp\/v2\/ta_other?post=37559"}],"curies":[{"name":"wp","href":"https:\/\/api.w.org\/{rel}","templated":true}]}}