{"id":37556,"date":"2026-07-27T09:07:00","date_gmt":"2026-07-27T07:07:00","guid":{"rendered":"https:\/\/euapp01.newsmemory.com\/lamarseillaise\/news\/?p=37556"},"modified":"2026-08-01T08:41:33","modified_gmt":"2026-08-01T06:41:33","slug":"une-audience-cruciale-pour-fibre-excellence-a-tarascon","status":"publish","type":"post","link":"https:\/\/euapp01.newsmemory.com\/lamarseillaise\/news\/2026\/07\/27\/une-audience-cruciale-pour-fibre-excellence-a-tarascon\/","title":{"rendered":"Une audience cruciale pour Fibre Excellence \u00e0 Tarascon"},"content":{"rendered":"<div class=\"paragraph\">\n<p>Apr\u00e8s l\u2019espoir, tout semble vaciller pour les salari\u00e9s de l\u2019usine Fibre Excellence de Tarascon. Les syndicats ont annonc\u00e9 ce vendredi 24 juillet au matin que, sauf revirement, le tribunal de commerce de Toulouse pourrait prononcer la liquidation judiciaire de l\u2019entreprise dans le courant de la semaine, suite \u00e0 l\u2019audience de ce lundi 27 juillet.<\/p>\n<p>Trois semaines plus t\u00f4t, le 7\u00a0juillet, le tribunal avait report\u00e9 l\u2019audience apr\u00e8s l\u2019annonce d\u2019une offre de reprise par l\u2019homme d\u2019affaires fran\u00e7ais Matthieu Pigasse. Objectif\u00a0: laisser un temps aux n\u00e9gociations autour de plusieurs points\u00a0: une revalorisation du prix de l\u2019\u00e9lectricit\u00e9 produite par l\u2019usine, un meilleur acc\u00e8s au bois qui sert \u00e0 fabriquer la p\u00e2te \u00e0 papier et la r\u00e9int\u00e9gration des quotas carbone. Mais rien n\u2019a \u00e9volu\u00e9 depuis, le gouvernement refusant de recevoir les porteurs de l\u2019offre.<\/p>\n<p>\u00ab\u00a0<i>Le tribunal doit trancher si on continue ou pas. Mais en r\u00e9alit\u00e9, la finalit\u00e9, on la conna\u00eet. En gros, c\u2019est mal barr\u00e9<\/i><i>\u00a0<\/i>\u00bb, avoue \u00e0 la trentaine d\u2019employ\u00e9s pr\u00e9sents vendredi Fr\u00e9d\u00e9ric Sanchez, secr\u00e9taire g\u00e9n\u00e9ral CFDT de Fibre Excellence Tarascon, alors que les employ\u00e9s occupent l\u2019usine depuis le jeudi 23 juillet. \u00ab\u00a0<i>L\u2019offre n\u2019a pas \u00e9volu\u00e9. Il y a une forte probabilit\u00e9 qu\u2019elle ne soit pas \u00e9tudi\u00e9e<\/i>\u00a0\u00bb, confirme Jean-Michel Bulinge, secr\u00e9taire CGT du site.<\/p>\n<p>Le gouvernement laisse entendre que l\u2019offre de reprise \u00ab<i>\u00a0<\/i><i>manque de cr\u00e9dibilit\u00e9<\/i><i>\u00a0<\/i>\u00bb<i>. <\/i>Ce que conteste Mathieu Pigasse. Dans <i>La D\u00e9p\u00eache du Midi<\/i>, samedi, il pr\u00e9cise qu\u2019\u00ab\u00a0<i>elle repr\u00e9sente un tour de table de 91<\/i><i>\u00a0<\/i><i>millions d\u2019euros<\/i><i>\u00a0<\/i>\u00bb. Jean-Marc Bulinge abonde\u00a0: \u00ab\u00a0<i>Si on prend en compte tout le groupement r\u00e9uni, il y a plus de 100<\/i><i>\u00a0<\/i><i>millions d\u2019euros. D\u2019autre part, une partie de la somme est sous forme d\u2019un pr\u00eat garanti, donc cet argent va revenir \u00e0 l\u2019\u00c9tat<\/i>\u00a0\u00bb, poursuit le responsable CGT. Il regrette que le dossier soit \u00ab\u00a0<i>politis\u00e9<\/i>\u00a0\u00bb par le gouvernement et le ministre de l\u2019Industrie Roland Lescure (Ensemble). \u00ab\u00a0<i>Alors qu\u2019au final, on va \u00eatre oblig\u00e9 d\u2019importer du papier alors qu\u2019il aurait pu \u00eatre fabriqu\u00e9 en France<\/i>\u00a0\u00bb, insiste-t-il.<\/p>\n<p>Devant les deux responsables syndicaux, les salari\u00e9s affichent des mines d\u00e9confites. D\u2019autant qu\u2019une lettre d\u2019intention a \u00e9t\u00e9 communiqu\u00e9e par un groupe qui fabrique des isolants \u00e0 base de bois, mais seulement pour r\u00e9cup\u00e9rer l\u2019activit\u00e9 de l\u2019usine de Saint-Gaudens (Haute-Garonne). Si elle risque d\u2019\u00eatre aussi refus\u00e9e car hors d\u00e9lai, d\u2019apr\u00e8s les syndicats, \u00ab\u00a0<i>eux ont une petite lueur d\u2019espoir au moins<\/i>\u00a0\u00bb, l\u00e2che, d\u00e9pit\u00e9, un travailleur en pantalon de travail jaune fluo. \u00ab\u00a0<i>On est dans une impasse et on voit la fin arriver. C\u2019est un coup de massue. Il faut rester motiv\u00e9s pour esp\u00e9rer un revirement du gouvernement<\/i>\u00a0\u00bb, ajoute Fr\u00e9d\u00e9ric Fernandez. \u00ab<i>\u00a0<\/i><i>Ils ont toujours les cartes en main. Mais peut-\u00eatre qu\u2019ils s\u2019en foutent<\/i><i>\u00a0<\/i>\u00bb, l\u00e2che le responsable syndical FO, Florian Berthon, dont le syndicat plaide pour une nationalisation, au moins temporaire, de l\u2019entreprise, sans avoir \u00e9t\u00e9 suivi par les autres organisations.<\/p>\n<\/p><\/div>\n<div class=\"intext\"> \u00ab\u00a0On esp\u00e8re quelque chose d\u2019inattendu\u00a0\u00bb\n              <\/div>\n<div class=\"paragraph\">\n<p>D\u2019autres salari\u00e9s de l\u2019entreprise, qui est implant\u00e9e dans le nord des Bouches-du-Rh\u00f4ne depuis 1951 et emploie presque 300\u00a0personnes, sont d\u00e9sarm\u00e9s. Nicolas est employ\u00e9 depuis 24\u00a0ans. \u00ab\u00a0<i>\u00c7a sent mauvais depuis quelques jours. On esp\u00e8re quelque chose d\u2019inattendu parce que \u00e7a fait mal \u00e0 tout le monde. On voit nos coll\u00e8gues plus que nos familles, c\u2019est vraiment une grande seconde famille<\/i>\u00a0\u00bb, souffle-t-il.<\/p>\n<p>\u00c0 deux pas, Muriel, assistante de direction avec plus de 30\u00a0ans de bo\u00eete, abonde. \u00ab\u00a0<i>Je devais partir bient\u00f4t en retraite donc ce n\u2019est pas pour moi que je m\u2019inqui\u00e8te mais pour mes coll\u00e8gues. \u00c7a va rendre malheureuses tellement de familles. J\u2019ai ici plusieurs cousins, mon p\u00e8re a travaill\u00e9 ici, mon compagnon et ses deux enfants aussi. C\u2019est une histoire de famille<\/i>\u00a0\u00bb, confie-t-elle. Nicolas sait qu\u2019il doit bien candidater ailleurs, \u00ab\u00a0<i>mais pour envoyer des lettres de motivation, il faut bien \u00eatre motiv\u00e9<\/i>\u00a0\u00bb, ironise-t-il. Tout en conc\u00e9dant qu\u2019il y a des possibilit\u00e9s dans son secteur d\u2019activit\u00e9. Mais sur 300\u00a0personnes, \u00ab\u00a0<i>pas tout le monde ne va y arriver<\/i><i>\u00a0<\/i>\u00bb. Sans oublier les 10\u00a0000\u00a0emplois indirects qui gravitent autour des activit\u00e9s des deux sites, notamment dans l\u2019industrie du bois et chez les sous-traitants.<\/p>\n<p>Si rien n\u2019est encore d\u00e9cid\u00e9, il faut bien anticiper. \u00ab\u00a0<i>Il y a encore des fonds. Il faut rester mobilis\u00e9s car il vaut mieux que cet argent aille aux salari\u00e9s qu\u2019aux financiers<\/i><i>\u00a0<\/i>\u00bb, pointe Jean-Michel Bulinge devant les salari\u00e9s. Et de \u00ab<i>\u00a0<\/i><i>mettre \u00e0 l\u2019arr\u00eat correctement l\u2019usine, sinon c\u2019est s\u00fbr qu\u2019elle ne red\u00e9marrera jamais<\/i><i>\u00a0<\/i>\u00bb. \u00ab<i>\u00a0<\/i><i>On va faire tout ce que l\u2019on peut comme tracter dans les march\u00e9s et \u00eatre visibles<\/i>\u00a0\u00bb, ajoute Fr\u00e9d\u00e9ric Fernandez.<\/p>\n<\/p><\/div>\n","protected":false},"excerpt":{"rendered":"Apr&egrave;s l&rsquo;espoir, tout semble vaciller pour les salari&eacute;s de l&rsquo;usine Fibre Excellence de Tarascon. Les syndicats ont annonc&eacute; ce vendredi 24 juillet au matin que, sauf revirement, le tribunal de commerce de Toulouse &#8230;","protected":false},"author":1,"featured_media":37610,"comment_status":"open","ping_status":"open","sticky":false,"template":"","format":"standard","meta":{"footnotes":""},"categories":[3926,3925,331],"tags":[10,4279,1740],"news-destination":[3944],"news-source":[475],"is_homepage":[],"ta_other":[],"class_list":["post-37556","post","type-post","status-publish","format-standard","has-post-thumbnail","hentry","category-accueil-merge","category-accueil-third","category-social","tag-bouches-du-rhone","tag-fibre-excellence","tag-tarascon","news-destination-homepage","news-source-website"],"_links":{"self":[{"href":"https:\/\/euapp01.newsmemory.com\/lamarseillaise\/news\/wp-json\/wp\/v2\/posts\/37556","targetHints":{"allow":["GET"]}}],"collection":[{"href":"https:\/\/euapp01.newsmemory.com\/lamarseillaise\/news\/wp-json\/wp\/v2\/posts"}],"about":[{"href":"https:\/\/euapp01.newsmemory.com\/lamarseillaise\/news\/wp-json\/wp\/v2\/types\/post"}],"author":[{"embeddable":true,"href":"https:\/\/euapp01.newsmemory.com\/lamarseillaise\/news\/wp-json\/wp\/v2\/users\/1"}],"replies":[{"embeddable":true,"href":"https:\/\/euapp01.newsmemory.com\/lamarseillaise\/news\/wp-json\/wp\/v2\/comments?post=37556"}],"version-history":[{"count":1,"href":"https:\/\/euapp01.newsmemory.com\/lamarseillaise\/news\/wp-json\/wp\/v2\/posts\/37556\/revisions"}],"predecessor-version":[{"id":37558,"href":"https:\/\/euapp01.newsmemory.com\/lamarseillaise\/news\/wp-json\/wp\/v2\/posts\/37556\/revisions\/37558"}],"wp:featuredmedia":[{"embeddable":true,"href":"https:\/\/euapp01.newsmemory.com\/lamarseillaise\/news\/wp-json\/wp\/v2\/media\/37610"}],"wp:attachment":[{"href":"https:\/\/euapp01.newsmemory.com\/lamarseillaise\/news\/wp-json\/wp\/v2\/media?parent=37556"}],"wp:term":[{"taxonomy":"category","embeddable":true,"href":"https:\/\/euapp01.newsmemory.com\/lamarseillaise\/news\/wp-json\/wp\/v2\/categories?post=37556"},{"taxonomy":"post_tag","embeddable":true,"href":"https:\/\/euapp01.newsmemory.com\/lamarseillaise\/news\/wp-json\/wp\/v2\/tags?post=37556"},{"taxonomy":"news-destination","embeddable":true,"href":"https:\/\/euapp01.newsmemory.com\/lamarseillaise\/news\/wp-json\/wp\/v2\/news-destination?post=37556"},{"taxonomy":"news-source","embeddable":true,"href":"https:\/\/euapp01.newsmemory.com\/lamarseillaise\/news\/wp-json\/wp\/v2\/news-source?post=37556"},{"taxonomy":"is_homepage","embeddable":true,"href":"https:\/\/euapp01.newsmemory.com\/lamarseillaise\/news\/wp-json\/wp\/v2\/is_homepage?post=37556"},{"taxonomy":"ta_other","embeddable":true,"href":"https:\/\/euapp01.newsmemory.com\/lamarseillaise\/news\/wp-json\/wp\/v2\/ta_other?post=37556"}],"curies":[{"name":"wp","href":"https:\/\/api.w.org\/{rel}","templated":true}]}}