{"id":37553,"date":"2026-07-26T10:49:00","date_gmt":"2026-07-26T08:49:00","guid":{"rendered":"https:\/\/euapp01.newsmemory.com\/lamarseillaise\/news\/?p=37553"},"modified":"2026-07-29T08:18:34","modified_gmt":"2026-07-29T06:18:34","slug":"cest-lete-patrick-fustier-lhomme-qui-a-refuse-denterrer-le-nimes-olympique","status":"publish","type":"post","link":"https:\/\/euapp01.newsmemory.com\/lamarseillaise\/news\/2026\/07\/26\/cest-lete-patrick-fustier-lhomme-qui-a-refuse-denterrer-le-nimes-olympique\/","title":{"rendered":"[C\u2019est l\u2019\u00e9t\u00e9] Patrick Fustier, l\u2019homme qui a refus\u00e9 d\u2019enterrer le N\u00eemes Olympique"},"content":{"rendered":"<div class=\"paragraph\">\n<p>Il y a un an, Patrick Fustier n\u2019avait \u00ab\u00a0<i>pas le temps de stresser<\/i><i>\u00a0<\/i>\u00bb. De la mi-juin \u00e0 la mi-juillet 2025, le co-pr\u00e9sident du collectif \u00ab\u00a0Sauvons le N\u00eemes olympique\u00a0\u00bb encha\u00eenait les r\u00e9unions et les d\u00e9marches pour emp\u00eacher le club gardois de sombrer. Menac\u00e9 d\u2019une r\u00e9trogradation jusqu\u2019en R\u00e9gionale\u00a01, le NO avait finalement obtenu son maintien au quatri\u00e8me \u00e9chelon national devant la DNCG. \u00ab\u00a0<i>Franchement, nous y avons toujours cru. C\u2019est l\u2019ADN du collectif<\/i>\u00a0\u00bb, assure-t-il aujourd\u2019hui.<\/p>\n<p>Depuis, le club a repris des couleurs. Derri\u00e8re une nouvelle direction constitu\u00e9e autour d\u2019entrepreneurs locaux, les Crocos ont jou\u00e9 la mont\u00e9e jusqu\u2019au bout, \u00e9chouant \u00e0 seulement un point de la premi\u00e8re place. Dans les tribunes, le public est \u00e9galement revenu : pr\u00e8s de 5\u00a0000\u00a0spectateurs de moyenne, selon Fustier, et jusqu\u2019\u00e0 7\u00a0000 ou 8\u00a0000\u00a0personnes lors des derni\u00e8res rencontres \u00e0 enjeu. \u00ab<i>\u00a0<\/i><i>Le bilan est vraiment positif quand on se retourne sur le chemin parcouru<\/i>\u00a0\u00bb, estime-t-il. Avec, tout de m\u00eame, \u00ab\u00a0<i>un petit go\u00fbt d\u2019inachev\u00e9<\/i><i>\u00a0<\/i>\u00bb. Car pour celui qui consid\u00e8re que la place du NO demeure dans le football professionnel, la renaissance ne sera compl\u00e8te qu\u2019avec une remont\u00e9e sportive.<\/p>\n<p>Le mod\u00e8le local constitue n\u00e9anmoins une premi\u00e8re victoire. Face \u00e0 un football fran\u00e7ais o\u00f9 les clubs passent sous pavillon \u00e9tranger et se fondent dans des syst\u00e8mes de multipropri\u00e9t\u00e9, Patrick Fustier d\u00e9fend un autre chemin. \u00ab\u00a0<i>N\u00eemes est un club populaire, dans une ville populaire. Il s\u2019est toujours b\u00e2ti sur un ancrage local<\/i>.\u00a0\u00bb<\/p>\n<\/p><\/div>\n<div class=\"intext\"> De supporters \u00e0 garde-fous\n              <\/div>\n<div class=\"paragraph\">\n<p>Cr\u00e9\u00e9 en 2023 dans l\u2019urgence, Sauvons le N\u00eemes olympique n\u2019a pas disparu avec le danger. L\u2019association revendique d\u00e9sormais 2\u00a0100\u00a0adh\u00e9rents, dont environ 750\u00a0socios ayant particip\u00e9 financi\u00e8rement au sauvetage. Elle est \u00e9galement entr\u00e9e au capital du club et dispose d\u2019une voix au conseil d\u2019administration. \u00ab\u00a0<i>Il y a Bastia, Sochaux et nous. Quand on y r\u00e9fl\u00e9chit \u00e0 t\u00eate repos\u00e9e, c\u2019est quand m\u00eame pas mal<\/i><i>\u00a0<\/i>\u00bb, sourit Patrick Fustier. La proximit\u00e9 avec la direction ne doit pourtant pas faire taire les critiques. Le collectif entend servir de \u00ab\u00a0<i>courroie de transmission<\/i>\u00a0\u00bb entre les tribunes et les dirigeants, mais aussi de \u00ab\u00a0<i>garde-fou<\/i><i>\u00a0<\/i>\u00bb en cas de nouvelle d\u00e9rive, une possibilit\u00e9 inenvisageable du temps de Rani Assaf.<\/p>\n<p>Sa mission est donc loin d\u2019\u00eatre achev\u00e9e. \u00ab\u00a0<i>Le club est encore en quatri\u00e8me division et joue dans un stade provisoire. On pourra peut-\u00eatre souffler quand il sera revenu en Ligue 2 et dans un stade des Costi\u00e8res de nouveau en usage<\/i>.\u00a0\u00bb Sur ce dossier, Patrick Fustier affiche son optimisme. Apr\u00e8s avoir interpell\u00e9 tous les candidats aux municipales, le collectif peut d\u00e9sormais compter sur plusieurs relais \u00e0 la mairie\u00a0: son ancien co-pr\u00e9sident Dimitri Pialat, d\u00e9l\u00e9gu\u00e9 aux \u00e9quipements sportifs, l\u2019adjoint Bruno Ferrier et le maire Vincent Bouget, tous des amoureux du club. La visite organis\u00e9e aux Costi\u00e8res \u00e0 la fin du mois de juin a confort\u00e9 ses espoirs.<\/p>\n<p>Pour le retour du football, Patrick Fustier vise l\u2019\u00e9t\u00e9 2028. \u00ab<i>\u00a0<\/i><i>Si, dans deux<\/i><i>\u00a0<\/i><i>ans, nous \u00e9tions de retour aux Costi\u00e8res, ce serait super. En termes d\u2019\u00e9motion, je pense que cela d\u00e9borderait dans le stade.<\/i>\u00a0\u00bb Peu importeraient alors l\u2019adversaire ou le niveau\u00a0: \u00ab\u00a0<i>Les gens reviendraient simplement pour dire que nous sommes de retour dans le vrai stade<\/i>.\u00a0\u00bb Car les Antonins n\u2019ont jamais remplac\u00e9 les Costi\u00e8res dans son c\u0153ur. \u00ab<i>\u00a0<\/i><i>Au gr\u00e9 de ma vie, j\u2019ai fr\u00e9quent\u00e9 les quatre tribunes. Je me suis quelque part appropri\u00e9 ce stade, je m\u2019y sens un peu chez moi<\/i>.\u00a0\u00bb<\/p>\n<p>Il se souvient des derbies, de la demi-finale de Coupe de France face \u00e0 Montpellier et des soir\u00e9es europ\u00e9ennes contre Budapest ou Stockholm. Autant de souvenirs qui lui rappellent que le destin d\u2019un club n\u2019est jamais \u00e9crit. Apr\u00e8s avoir maintenu la flamme lorsque le NO vacillait, les supporters r\u00eavent d\u00e9sormais de la rallumer aux Costi\u00e8res. \u00ab\u00a0<i>Impossible n\u2019est pas N\u00eemois<\/i>.\u00a0\u00bb<\/p>\n<\/p><\/div>\n","protected":false},"excerpt":{"rendered":"Il y a un an, Patrick Fustier n&rsquo;avait &laquo;&nbsp;pas le temps de stresser&nbsp;&raquo;. De la mi-juin &agrave; la mi-juillet 2025, le co-pr&eacute;sident du collectif &laquo;&nbsp;Sauvons le N&icirc;mes olympique&nbsp;&raquo; &#8230;","protected":false},"author":1,"featured_media":37554,"comment_status":"open","ping_status":"open","sticky":false,"template":"","format":"standard","meta":{"footnotes":""},"categories":[3926,3925,20,7],"tags":[6085,13,238,241,4863,284,4865,4864,1826,2418],"news-destination":[3944],"news-source":[475],"is_homepage":[],"ta_other":[],"class_list":["post-37553","post","type-post","status-publish","format-standard","has-post-thumbnail","hentry","category-accueil-merge","category-accueil-third","category-societe","category-sports","tag-cest-lete","tag-football","tag-gard","tag-nimes","tag-nimes-olympique","tag-occitanie","tag-stade-des-antonins","tag-stade-des-costieres","tag-supporters","tag-vincent-bouget","news-destination-homepage","news-source-website"],"_links":{"self":[{"href":"https:\/\/euapp01.newsmemory.com\/lamarseillaise\/news\/wp-json\/wp\/v2\/posts\/37553","targetHints":{"allow":["GET"]}}],"collection":[{"href":"https:\/\/euapp01.newsmemory.com\/lamarseillaise\/news\/wp-json\/wp\/v2\/posts"}],"about":[{"href":"https:\/\/euapp01.newsmemory.com\/lamarseillaise\/news\/wp-json\/wp\/v2\/types\/post"}],"author":[{"embeddable":true,"href":"https:\/\/euapp01.newsmemory.com\/lamarseillaise\/news\/wp-json\/wp\/v2\/users\/1"}],"replies":[{"embeddable":true,"href":"https:\/\/euapp01.newsmemory.com\/lamarseillaise\/news\/wp-json\/wp\/v2\/comments?post=37553"}],"version-history":[{"count":1,"href":"https:\/\/euapp01.newsmemory.com\/lamarseillaise\/news\/wp-json\/wp\/v2\/posts\/37553\/revisions"}],"predecessor-version":[{"id":37555,"href":"https:\/\/euapp01.newsmemory.com\/lamarseillaise\/news\/wp-json\/wp\/v2\/posts\/37553\/revisions\/37555"}],"wp:featuredmedia":[{"embeddable":true,"href":"https:\/\/euapp01.newsmemory.com\/lamarseillaise\/news\/wp-json\/wp\/v2\/media\/37554"}],"wp:attachment":[{"href":"https:\/\/euapp01.newsmemory.com\/lamarseillaise\/news\/wp-json\/wp\/v2\/media?parent=37553"}],"wp:term":[{"taxonomy":"category","embeddable":true,"href":"https:\/\/euapp01.newsmemory.com\/lamarseillaise\/news\/wp-json\/wp\/v2\/categories?post=37553"},{"taxonomy":"post_tag","embeddable":true,"href":"https:\/\/euapp01.newsmemory.com\/lamarseillaise\/news\/wp-json\/wp\/v2\/tags?post=37553"},{"taxonomy":"news-destination","embeddable":true,"href":"https:\/\/euapp01.newsmemory.com\/lamarseillaise\/news\/wp-json\/wp\/v2\/news-destination?post=37553"},{"taxonomy":"news-source","embeddable":true,"href":"https:\/\/euapp01.newsmemory.com\/lamarseillaise\/news\/wp-json\/wp\/v2\/news-source?post=37553"},{"taxonomy":"is_homepage","embeddable":true,"href":"https:\/\/euapp01.newsmemory.com\/lamarseillaise\/news\/wp-json\/wp\/v2\/is_homepage?post=37553"},{"taxonomy":"ta_other","embeddable":true,"href":"https:\/\/euapp01.newsmemory.com\/lamarseillaise\/news\/wp-json\/wp\/v2\/ta_other?post=37553"}],"curies":[{"name":"wp","href":"https:\/\/api.w.org\/{rel}","templated":true}]}}