{"id":37550,"date":"2026-07-26T10:31:00","date_gmt":"2026-07-26T08:31:00","guid":{"rendered":"https:\/\/euapp01.newsmemory.com\/lamarseillaise\/news\/?p=37550"},"modified":"2026-08-01T08:41:33","modified_gmt":"2026-08-01T06:41:33","slug":"a-beziers-r-menard-deroule-le-tapis-rouge-au-canon-francais","status":"publish","type":"post","link":"https:\/\/euapp01.newsmemory.com\/lamarseillaise\/news\/2026\/07\/26\/a-beziers-r-menard-deroule-le-tapis-rouge-au-canon-francais\/","title":{"rendered":"\u00c0 B\u00e9ziers, R. M\u00e9nard d\u00e9roule le tapis rouge au Canon fran\u00e7ais"},"content":{"rendered":"<div class=\"paragraph\">\n<p>Et deux de plus\u00a0! Le Canon fran\u00e7ais &#8211;\u00a0soci\u00e9t\u00e9 d\u00e9tenue \u00e0 30% par le milliardaire d\u2019extr\u00eame droite Pierre-\u00c9douard St\u00e9rin\u00a0&#8211; revient dans la cit\u00e9 de Riquet pour organiser deux de ses banquets on ne peut plus d\u00e9cri\u00e9s les 18 et 19\u00a0septembre prochains aux Ar\u00e8nes. Car il faut dire que si les organisateurs mettent en avant le bien-manger et la festivit\u00e9 de la manifestation, il en ressort plut\u00f4t des propos racistes, sexistes tenus par certains de ses participants, comme lors de celui organis\u00e9 \u00e0 Caen, en avril dernier et r\u00e9v\u00e9l\u00e9s par Radio France.<\/p>\n<p>Mais pas de quoi inqui\u00e9ter l\u2019\u00e9dile d\u2019extr\u00eame droite de B\u00e9ziers, Robert M\u00e9nard, qui a fait signer une convention de partenariat avec le Canon fran\u00e7ais, d\u00e9but juillet. Louant \u00ab<i>\u00a0<\/i><i>un \u00e9v\u00e9nement culturel \u00e0 destination du grand public<\/i><i>\u00a0<\/i>\u00bb participant \u00e0 \u00ab<i>\u00a0<\/i><i>la valorisation du patrimoine biterrois<\/i><i>\u00a0<\/i>\u00bb, cette derni\u00e8re pr\u00e9voit notamment le pr\u00eat de mat\u00e9riel (chaises, tables, barri\u00e8res, conteneurs). La police municipale sera \u00e9galement mobilis\u00e9e afin d\u2019assurer la s\u00e9curit\u00e9 pour le banquet du 19. Un partenariat qui provoque l\u2019ire des oppositions. \u00ab<i>\u00a0<\/i><i>C\u2019est une d\u00e9marche politique pour mettre en avant les id\u00e9es d\u2019extr\u00eame droite et conservatrices. On met en sc\u00e8ne une vision caricaturale de la France. Il ne faut pas \u00eatre dupe. Il n\u2019y a pas que des gens qui viendront faire la f\u00eate<\/i><i>\u00a0<\/i>\u00bb, d\u00e9nonce l\u2019\u00e9cologiste Thierry Antoine.<\/p>\n<p>Mais c\u2019est surtout la participation de la municipalit\u00e9 qui a du mal \u00e0 passer. \u00ab<i>\u00a0<\/i><i>L\u2019argent public n\u2019a pas \u00e0 financer ou \u00e0 soutenir ce genre d\u2019initiatives. D\u2019ailleurs, St\u00e9rin ne paie pas ses imp\u00f4ts en France mais en Belgique<\/i><i>\u00a0<\/i>\u00bb, soutient Thierry Mathieu, du groupe Rassembler B\u00e9ziers. D\u2019autant que l\u2019\u00e9v\u00e9nement n\u2019est pas gratuit, les heureux \u00e9lus devront d\u00e9bourser pas moins de 80\u00a0euros pour s\u2019offrir le billet &#8211;\u00a0sauf pour l\u2019\u00e9dile et ses copains puisque 50 billets leur ont \u00e9t\u00e9 offerts pour chaque soir. \u00ab\u00a0<i>Comment peut-on parler &#8220;d\u2019 \u00e9v\u00e9nement culturel grand public&#8221; lorsqu\u2019il s\u2019agit d\u2019un repas \u00e0 80<\/i><i>\u00a0<\/i><i>euros par personne<\/i><i>\u00a0<\/i><i>?<\/i><i>\u00a0<\/i>\u00bb, s\u2019indigne Catherine Vandroy, de Rassembler B\u00e9ziers. La cit\u00e9 de Riquet \u00e9tant l\u2019une des plus pauvres de France, il y a peu de chances d\u2019y retrouver beaucoup de Biterrois aux banquets. Mais Robert M\u00e9nard aura, une nouvelle fois, fait parler de lui.<\/p>\n<\/p><\/div>\n","protected":false},"excerpt":{"rendered":"Et deux de plus&nbsp;! Le Canon fran&ccedil;ais &#8211;&nbsp;soci&eacute;t&eacute; d&eacute;tenue &agrave; 30% par le milliardaire d&rsquo;extr&ecirc;me droite Pierre-&Eacute;douard St&eacute;rin&nbsp;&#8211; revient dans la cit&eacute; de Riquet pour organiser &#8230;","protected":false},"author":1,"featured_media":37551,"comment_status":"open","ping_status":"open","sticky":false,"template":"","format":"standard","meta":{"footnotes":""},"categories":[3926,3924,330],"tags":[685,6084,236,441,239,284,857,440,687,880],"news-destination":[3944],"news-source":[475],"is_homepage":[],"ta_other":[],"class_list":["post-37550","post","type-post","status-publish","format-standard","has-post-thumbnail","hentry","category-accueil-merge","category-accueil-second","category-politique","tag-argent-public","tag-banquet","tag-beziers","tag-extreme-droite","tag-herault","tag-occitanie","tag-racisme","tag-robert-menard","tag-thierry-antoine","tag-thierry-mathieu","news-destination-homepage","news-source-website"],"_links":{"self":[{"href":"https:\/\/euapp01.newsmemory.com\/lamarseillaise\/news\/wp-json\/wp\/v2\/posts\/37550","targetHints":{"allow":["GET"]}}],"collection":[{"href":"https:\/\/euapp01.newsmemory.com\/lamarseillaise\/news\/wp-json\/wp\/v2\/posts"}],"about":[{"href":"https:\/\/euapp01.newsmemory.com\/lamarseillaise\/news\/wp-json\/wp\/v2\/types\/post"}],"author":[{"embeddable":true,"href":"https:\/\/euapp01.newsmemory.com\/lamarseillaise\/news\/wp-json\/wp\/v2\/users\/1"}],"replies":[{"embeddable":true,"href":"https:\/\/euapp01.newsmemory.com\/lamarseillaise\/news\/wp-json\/wp\/v2\/comments?post=37550"}],"version-history":[{"count":1,"href":"https:\/\/euapp01.newsmemory.com\/lamarseillaise\/news\/wp-json\/wp\/v2\/posts\/37550\/revisions"}],"predecessor-version":[{"id":37552,"href":"https:\/\/euapp01.newsmemory.com\/lamarseillaise\/news\/wp-json\/wp\/v2\/posts\/37550\/revisions\/37552"}],"wp:featuredmedia":[{"embeddable":true,"href":"https:\/\/euapp01.newsmemory.com\/lamarseillaise\/news\/wp-json\/wp\/v2\/media\/37551"}],"wp:attachment":[{"href":"https:\/\/euapp01.newsmemory.com\/lamarseillaise\/news\/wp-json\/wp\/v2\/media?parent=37550"}],"wp:term":[{"taxonomy":"category","embeddable":true,"href":"https:\/\/euapp01.newsmemory.com\/lamarseillaise\/news\/wp-json\/wp\/v2\/categories?post=37550"},{"taxonomy":"post_tag","embeddable":true,"href":"https:\/\/euapp01.newsmemory.com\/lamarseillaise\/news\/wp-json\/wp\/v2\/tags?post=37550"},{"taxonomy":"news-destination","embeddable":true,"href":"https:\/\/euapp01.newsmemory.com\/lamarseillaise\/news\/wp-json\/wp\/v2\/news-destination?post=37550"},{"taxonomy":"news-source","embeddable":true,"href":"https:\/\/euapp01.newsmemory.com\/lamarseillaise\/news\/wp-json\/wp\/v2\/news-source?post=37550"},{"taxonomy":"is_homepage","embeddable":true,"href":"https:\/\/euapp01.newsmemory.com\/lamarseillaise\/news\/wp-json\/wp\/v2\/is_homepage?post=37550"},{"taxonomy":"ta_other","embeddable":true,"href":"https:\/\/euapp01.newsmemory.com\/lamarseillaise\/news\/wp-json\/wp\/v2\/ta_other?post=37550"}],"curies":[{"name":"wp","href":"https:\/\/api.w.org\/{rel}","templated":true}]}}