{"id":37544,"date":"2026-07-26T10:19:00","date_gmt":"2026-07-26T08:19:00","guid":{"rendered":"https:\/\/euapp01.newsmemory.com\/lamarseillaise\/news\/?p=37544"},"modified":"2026-07-29T11:18:06","modified_gmt":"2026-07-29T09:18:06","slug":"une-delegation-du-pcf-sest-rendue-en-palestine","status":"publish","type":"post","link":"https:\/\/euapp01.newsmemory.com\/lamarseillaise\/news\/2026\/07\/26\/une-delegation-du-pcf-sest-rendue-en-palestine\/","title":{"rendered":"Une d\u00e9l\u00e9gation du PCF s\u2019est rendue en Palestine"},"content":{"rendered":"<div class=\"paragraph\">\n<p>Pour Sylvain Andr\u00e9, le voyage en Palestine n\u2019\u00e9tait pas une premi\u00e8re. Le maire communiste avait d\u00e9j\u00e0 particip\u00e9 \u00e0 un p\u00e9riple organis\u00e9 par l\u2019Association France-Palestine solidarit\u00e9 en 2014 o\u00f9 il avait d\u00e9j\u00e0 pu mesurer la colonisation de la Cisjordanie par Isra\u00ebl. \u00ab\u00a0<i>\u00c0 l\u2019\u00e9poque, j\u2019avais visit\u00e9 plus de villages et la situation \u00e9tait d\u00e9j\u00e0 dramatique. Mais la situation s\u2019est profond\u00e9ment aggrav\u00e9e. Il y a eu plus de cr\u00e9ations de colonies en trois ans que depuis 1967. Ce chiffre a \u00e9t\u00e9 confirm\u00e9 par le vice-consul de France<\/i>\u00a0\u00bb, explique l\u2019\u00e9lu gardois qui repr\u00e9sentait la Coop\u00e9rative des \u00e9lus communistes, r\u00e9publicains et citoyens.<\/p>\n<p>Pendant cinq jours, Sylvain Andr\u00e9 a en effet accompagn\u00e9 une d\u00e9l\u00e9gation du PCF compos\u00e9e notamment de Vincent Boulet, responsable du secteur international du PCF et de la s\u00e9natrice Silvana Silvani. Ils ont ainsi visit\u00e9 Ramallah, J\u00e9rusalem et Naplouse o\u00f9 ils ont rencontr\u00e9 des dirigeants de l\u2019Organisation de lib\u00e9ration de la Palestine (OLP), le comit\u00e9 pour la lib\u00e9ration de Marwan Barghouti (incarc\u00e9r\u00e9 depuis 2004 qui a de nouveau subi des violences ces derniers jours), le pr\u00e9sident du syndicat des journalistes palestiniens, d\u2019anciens compagnons de route de Yasser Arafat, le secr\u00e9taire g\u00e9n\u00e9ral du Parti du peuple palestinien (PPP), un responsable du Fatah, un d\u00e9put\u00e9 du PC isra\u00e9lien et m\u00eame le consul et vice-consul de France avec qui ils ont f\u00eat\u00e9 le 14 juillet. Une gerbe du PCF a \u00e9galement \u00e9t\u00e9 d\u00e9pos\u00e9e au mausol\u00e9e de Yasser Arafat.<\/p>\n<\/p><\/div>\n<div class=\"intext\"> \u00ab Le g\u00e9nocide continue \u00bb\n              <\/div>\n<div class=\"paragraph\">\n<p>Tous ont confirm\u00e9 l\u2019acc\u00e9l\u00e9ration de la colonisation en Cisjordanie. \u00ab<i>\u00a0<\/i><i>En plus, ce sont des colons particuli\u00e8rement agressifs et violents. Il y a des bagarres avec les Palestiniens, \u00e7a peut aller jusqu\u2019au drame, c\u2019est arriv\u00e9 plusieurs fois. Et ils sont toujours prot\u00e9g\u00e9s par l\u2019arm\u00e9e isra\u00e9lienne qui harc\u00e8le r\u00e9guli\u00e8rement les Palestiniens. Il y a plus de 800<\/i><i>\u00a0<\/i><i>checkpoints en Cisjordanie, qu\u2019Isra\u00ebl ferme pour un oui ou pour un non<\/i>\u00a0\u00bb, pr\u00e9cise Sylvain Andr\u00e9 qui a \u00e9galement \u00e9voqu\u00e9 \u00e0 plusieurs reprises la situation toujours dramatique \u00e0 Gaza\u00a0: \u00ab\u00a0<i>Les journalistes internationaux ne sont toujours pas autoris\u00e9s \u00e0 rentrer \u00e0 Gaza et pendant ce temps, Isra\u00ebl en profite pour nettoyer toutes les preuves de crimes contre l\u2019humanit\u00e9. Le g\u00e9nocide continue. On n\u2019en parle plus mais il y a encore beaucoup de morts. La situation sanitaire est catastrophique<\/i><i>\u00a0<\/i><i>: beaucoup d\u2019h\u00f4pitaux ont \u00e9t\u00e9 touch\u00e9s et le syst\u00e8me d\u2019assainissement a \u00e9t\u00e9 d\u00e9truit. Aujourd\u2019hui, il y a des rats partout, des maladies reviennent&#8230; La gale est pr\u00e9sente.<\/i><i>\u00a0<\/i>\u00bb<\/p>\n<p>Ce voyage devait \u00e9galement renforcer l\u2019alliance entre le PCF et l\u2019OLP qui avait \u00e9t\u00e9 sign\u00e9e par Fabien Roussel il y a plus d\u2019un an. \u00ab\u00a0<i>L\u2019id\u00e9e c\u2019est de pouvoir continuer \u00e0 d\u00e9velopper des coop\u00e9rations avec les collectivit\u00e9s territoriales et des \u00e9changes de jeunes notamment autour du sport qui peut \u00eatre un bon vecteur<\/i>\u00a0\u00bb, conclut Sylvain Andr\u00e9 qui souhaite aussi que la population fasse pression sur l\u2019\u00c9tat fran\u00e7ais pour qu\u2019il engage des sanctions contre l\u2019\u00c9tat d\u2019Isra\u00ebl.<\/p>\n<\/p><\/div>\n","protected":false},"excerpt":{"rendered":"Pour Sylvain Andr&eacute;, le voyage en Palestine n&rsquo;&eacute;tait pas une premi&egrave;re. Le maire communiste avait d&eacute;j&agrave; particip&eacute; &agrave; un p&eacute;riple organis&eacute; par l&rsquo;Association France-Palestine &#8230;","protected":false},"author":1,"featured_media":37545,"comment_status":"open","ping_status":"open","sticky":false,"template":"","format":"standard","meta":{"footnotes":""},"categories":[3926,3925,337,330],"tags":[247,2092,606,238,72,74,2812,121,75,76,250,191,2185,1459],"news-destination":[3944],"news-source":[475],"is_homepage":[],"ta_other":[],"class_list":["post-37544","post","type-post","status-publish","format-standard","has-post-thumbnail","hentry","category-accueil-merge","category-accueil-third","category-international","category-politique","tag-247","tag-cisjordanie","tag-fabien-roussel","tag-gard","tag-gaza","tag-israel-palestine","tag-moyen-orient","tag-paix","tag-palestine","tag-palestiniens","tag-pcf","tag-politique","tag-sylvain-andre","tag-territoire-palestinien-occupe","news-destination-homepage","news-source-website"],"_links":{"self":[{"href":"https:\/\/euapp01.newsmemory.com\/lamarseillaise\/news\/wp-json\/wp\/v2\/posts\/37544","targetHints":{"allow":["GET"]}}],"collection":[{"href":"https:\/\/euapp01.newsmemory.com\/lamarseillaise\/news\/wp-json\/wp\/v2\/posts"}],"about":[{"href":"https:\/\/euapp01.newsmemory.com\/lamarseillaise\/news\/wp-json\/wp\/v2\/types\/post"}],"author":[{"embeddable":true,"href":"https:\/\/euapp01.newsmemory.com\/lamarseillaise\/news\/wp-json\/wp\/v2\/users\/1"}],"replies":[{"embeddable":true,"href":"https:\/\/euapp01.newsmemory.com\/lamarseillaise\/news\/wp-json\/wp\/v2\/comments?post=37544"}],"version-history":[{"count":1,"href":"https:\/\/euapp01.newsmemory.com\/lamarseillaise\/news\/wp-json\/wp\/v2\/posts\/37544\/revisions"}],"predecessor-version":[{"id":37546,"href":"https:\/\/euapp01.newsmemory.com\/lamarseillaise\/news\/wp-json\/wp\/v2\/posts\/37544\/revisions\/37546"}],"wp:featuredmedia":[{"embeddable":true,"href":"https:\/\/euapp01.newsmemory.com\/lamarseillaise\/news\/wp-json\/wp\/v2\/media\/37545"}],"wp:attachment":[{"href":"https:\/\/euapp01.newsmemory.com\/lamarseillaise\/news\/wp-json\/wp\/v2\/media?parent=37544"}],"wp:term":[{"taxonomy":"category","embeddable":true,"href":"https:\/\/euapp01.newsmemory.com\/lamarseillaise\/news\/wp-json\/wp\/v2\/categories?post=37544"},{"taxonomy":"post_tag","embeddable":true,"href":"https:\/\/euapp01.newsmemory.com\/lamarseillaise\/news\/wp-json\/wp\/v2\/tags?post=37544"},{"taxonomy":"news-destination","embeddable":true,"href":"https:\/\/euapp01.newsmemory.com\/lamarseillaise\/news\/wp-json\/wp\/v2\/news-destination?post=37544"},{"taxonomy":"news-source","embeddable":true,"href":"https:\/\/euapp01.newsmemory.com\/lamarseillaise\/news\/wp-json\/wp\/v2\/news-source?post=37544"},{"taxonomy":"is_homepage","embeddable":true,"href":"https:\/\/euapp01.newsmemory.com\/lamarseillaise\/news\/wp-json\/wp\/v2\/is_homepage?post=37544"},{"taxonomy":"ta_other","embeddable":true,"href":"https:\/\/euapp01.newsmemory.com\/lamarseillaise\/news\/wp-json\/wp\/v2\/ta_other?post=37544"}],"curies":[{"name":"wp","href":"https:\/\/api.w.org\/{rel}","templated":true}]}}