{"id":37541,"date":"2026-07-25T21:34:00","date_gmt":"2026-07-25T19:34:00","guid":{"rendered":"https:\/\/euapp01.newsmemory.com\/lamarseillaise\/news\/?p=37541"},"modified":"2026-08-01T08:04:43","modified_gmt":"2026-08-01T06:04:43","slug":"incendie-dans-le-var-4000-hectares-brules-reprises-de-feu-en-direction-de-plusieurs-villages","status":"publish","type":"post","link":"https:\/\/euapp01.newsmemory.com\/lamarseillaise\/news\/2026\/07\/25\/incendie-dans-le-var-4000-hectares-brules-reprises-de-feu-en-direction-de-plusieurs-villages\/","title":{"rendered":"Incendie dans le Var : 4000 hectares br\u00fbl\u00e9s, reprises de feu en direction de plusieurs villages"},"content":{"rendered":"<div class=\"paragraph\">\n<p>Les espoirs de fixer l\u2019incendie vendredi ou samedi ont \u00e9t\u00e9 vains pour les sapeurs-pompiers mobilis\u00e9s sur <a rel=\"noopener noreferrer\" href=\"https:\/\/www.lamarseillaise.fr\/societe\/a-ponteves-1700-hectares-brules-triste-record-de-l-annee-en-provence-CF20520673\" target=\"_blank\">l\u2019incendie qui s\u2019est d\u00e9clench\u00e9 mardi midi dans un champ sur la commune de Pontev\u00e8s<\/a>, avant de gagner le massif du Gros Bessillon. Car chaque fois que la situation semble s\u2019am\u00e9liorer sur un secteur, c\u2019est un autre qui s\u2019embrase, sous l\u2019effet d\u2019un vent soutenu et impr\u00e9visible.<\/p>\n<p>Dans la nuit de vendredi \u00e0 samedi, le feu a repris sur deux secteurs de la commune de Correns, dont l\u2019un a menac\u00e9 les habitations du nord ouest du village, et \u00e0 Pontev\u00e8s, faisant passer le bilan de 2700 \u00e0 3250 hectares parcourus. Aucune nouvelle habitation n\u2019a cependant \u00e9t\u00e9 touch\u00e9e.<\/p>\n<p>La situation s\u2019est g\u00e2t\u00e9e en d\u00e9but d\u2019apr\u00e8s-midi, alors que le feu continuait de menacer Correns, avec une grosse reprise sur un secteur situ\u00e9 entre Barjols et Pontev\u00e8s. Malgr\u00e9 les efforts des 1000 sapeurs pompiers mobilis\u00e9s, \u00e9quip\u00e9s de 6 H\u00e9licopt\u00e8res Bombardiers d\u2019Eau (dont 2 Pumas lourds), 3 avions Dash et 265 v\u00e9hicules feux de for\u00eats, les flammes se sont rapidement dirig\u00e9es vers Brue-Auriac, et surtout Ch\u00e2teauvert et Barjols, qui se sont retrouv\u00e9es directement menac\u00e9es, et o\u00f9 de nombreuses \u00e9vacuations (en plus de confinements dans certaines zones comme dans le centre de Barjols) ont eu lieu. En d\u00e9but de soir\u00e9e, plus de 2000 personnes avaient d\u00fb fuir leur domicile sur l\u2019ensemble des communes menac\u00e9es par le feu, avec un nouveau bilan de 4000 hectares br\u00fbl\u00e9s. 110 gendarmes ont \u00e9t\u00e9 engag\u00e9s pour la s\u00e9curisation des \u00e9vacuations.<\/p>\n<\/p><\/div>\n<div class=\"intext\"> Pluie esp\u00e9r\u00e9e pour la nuit, inqui\u00e9tude pour dimanche\n              <\/div>\n<div class=\"paragraph\">\n<p>En d\u00e9but de soir\u00e9e, la pluie, qui a copieusement arros\u00e9 le littoral pendant plusieurs dizaines de minutes, se faisait toujours attendre dans les terres, seuls quelques orages tr\u00e8s localis\u00e9s &#8211; et \u00e0 double tranchant, puisque la foudre pouvait \u00e9galement faire craindre de nouveaux d\u00e9parts de feu &#8211; ayant apport\u00e9 un peu d\u2019humidit\u00e9. <a rel=\"noopener noreferrer\" href=\"https:\/\/www.lamarseillaise.fr\/societe\/plusieurs-reprises-de-feu-ont-empeche-de-fixer-l-incendie-dans-le-gros-bessillon-vendredi-IE20534639\" target=\"_blank\">Des pr\u00e9cipitations \u00e9taient esp\u00e9r\u00e9es pour la nuit.<\/a><\/p>\n<p>D\u2019autant plus que la journ\u00e9e de dimanche s\u2019annonce p\u00e9rilleuse, avec une r\u00e9activation du mistral attendue dans la matin\u00e9e, qui pourrait entra\u00eener avec elle de nouveaux d\u00e9parts de feux.<\/p>\n<\/p><\/div>\n","protected":false},"excerpt":{"rendered":"Les espoirs de fixer l&rsquo;incendie vendredi ou samedi ont &eacute;t&eacute; vains pour les sapeurs-pompiers mobilis&eacute;s sur l&rsquo;incendie qui s&rsquo;est d&eacute;clench&eacute; mardi midi dans un champ sur la commune de Pontev&egrave;s, &#8230;","protected":false},"author":1,"featured_media":37542,"comment_status":"open","ping_status":"open","sticky":false,"template":"","format":"standard","meta":{"footnotes":""},"categories":[3926,3925,20],"tags":[3075,6161,6162,6147,318,316,4015,6036,319,1396,6141,431,1674,5879,6003,3600,4877,31],"news-destination":[3944],"news-source":[475],"is_homepage":[],"ta_other":[],"class_list":["post-37541","post","type-post","status-publish","format-standard","has-post-thumbnail","hentry","category-accueil-merge","category-accueil-third","category-societe","tag-barjols","tag-brue-auriac","tag-chateauvert","tag-correns","tag-feu","tag-feu-de-foret","tag-feux-de-foret","tag-flammes","tag-incendie","tag-incendies","tag-ponteves","tag-prevention","tag-sapeurs-pompiers","tag-sdis","tag-sdis-83","tag-sdis13","tag-sdis83","tag-var","news-destination-homepage","news-source-website"],"_links":{"self":[{"href":"https:\/\/euapp01.newsmemory.com\/lamarseillaise\/news\/wp-json\/wp\/v2\/posts\/37541","targetHints":{"allow":["GET"]}}],"collection":[{"href":"https:\/\/euapp01.newsmemory.com\/lamarseillaise\/news\/wp-json\/wp\/v2\/posts"}],"about":[{"href":"https:\/\/euapp01.newsmemory.com\/lamarseillaise\/news\/wp-json\/wp\/v2\/types\/post"}],"author":[{"embeddable":true,"href":"https:\/\/euapp01.newsmemory.com\/lamarseillaise\/news\/wp-json\/wp\/v2\/users\/1"}],"replies":[{"embeddable":true,"href":"https:\/\/euapp01.newsmemory.com\/lamarseillaise\/news\/wp-json\/wp\/v2\/comments?post=37541"}],"version-history":[{"count":1,"href":"https:\/\/euapp01.newsmemory.com\/lamarseillaise\/news\/wp-json\/wp\/v2\/posts\/37541\/revisions"}],"predecessor-version":[{"id":37543,"href":"https:\/\/euapp01.newsmemory.com\/lamarseillaise\/news\/wp-json\/wp\/v2\/posts\/37541\/revisions\/37543"}],"wp:featuredmedia":[{"embeddable":true,"href":"https:\/\/euapp01.newsmemory.com\/lamarseillaise\/news\/wp-json\/wp\/v2\/media\/37542"}],"wp:attachment":[{"href":"https:\/\/euapp01.newsmemory.com\/lamarseillaise\/news\/wp-json\/wp\/v2\/media?parent=37541"}],"wp:term":[{"taxonomy":"category","embeddable":true,"href":"https:\/\/euapp01.newsmemory.com\/lamarseillaise\/news\/wp-json\/wp\/v2\/categories?post=37541"},{"taxonomy":"post_tag","embeddable":true,"href":"https:\/\/euapp01.newsmemory.com\/lamarseillaise\/news\/wp-json\/wp\/v2\/tags?post=37541"},{"taxonomy":"news-destination","embeddable":true,"href":"https:\/\/euapp01.newsmemory.com\/lamarseillaise\/news\/wp-json\/wp\/v2\/news-destination?post=37541"},{"taxonomy":"news-source","embeddable":true,"href":"https:\/\/euapp01.newsmemory.com\/lamarseillaise\/news\/wp-json\/wp\/v2\/news-source?post=37541"},{"taxonomy":"is_homepage","embeddable":true,"href":"https:\/\/euapp01.newsmemory.com\/lamarseillaise\/news\/wp-json\/wp\/v2\/is_homepage?post=37541"},{"taxonomy":"ta_other","embeddable":true,"href":"https:\/\/euapp01.newsmemory.com\/lamarseillaise\/news\/wp-json\/wp\/v2\/ta_other?post=37541"}],"curies":[{"name":"wp","href":"https:\/\/api.w.org\/{rel}","templated":true}]}}