{"id":37538,"date":"2026-07-25T18:13:00","date_gmt":"2026-07-25T16:13:00","guid":{"rendered":"https:\/\/euapp01.newsmemory.com\/lamarseillaise\/news\/?p=37538"},"modified":"2026-07-25T18:29:07","modified_gmt":"2026-07-25T16:29:07","slug":"fos-sur-mer-le-navire-deliver-condamne-pour-defaut-de-pavillon","status":"publish","type":"post","link":"https:\/\/euapp01.newsmemory.com\/lamarseillaise\/news\/2026\/07\/25\/fos-sur-mer-le-navire-deliver-condamne-pour-defaut-de-pavillon\/","title":{"rendered":"Fos-sur-Mer : le navire Deliver condamn\u00e9 pour d\u00e9faut de pavillon"},"content":{"rendered":"<div class=\"paragraph\">\n<p>L\u2019armateur a \u00e9t\u00e9 condamn\u00e9 par le tribunal judiciaire de Marseille \u00e0 une peine p\u00e9cuniaire de confiscation pour avoir omis de justifier de la nationalit\u00e9 du navire.<\/p>\n<p>Le Deliver<i> <\/i>battait pavillon camerounais, bien qu\u2019il figurait sur une liste de \u00ab<i> navires radi\u00e9s du pavillon camerounais <\/i>\u00bb<i> <\/i>\u00e9tablie le 29 mai par le minist\u00e8re des Transports de ce pays.<\/p>\n<p>Il est \u00e9galement sur la liste des navires sous sanctions de l\u2019Union europ\u00e9enne depuis f\u00e9vrier 2025, et est le cinqui\u00e8me p\u00e9trolier soup\u00e7onn\u00e9 de faire partie de la flotte fant\u00f4me russe arraisonn\u00e9 depuis septembre 2025 par la France.<\/p>\n<\/p><\/div>\n","protected":false},"excerpt":{"rendered":"L&rsquo;armateur a &eacute;t&eacute; condamn&eacute; par le tribunal judiciaire de Marseille &agrave; une peine p&eacute;cuniaire de confiscation pour avoir omis de justifier de la nationalit&eacute; du navire.Le Deliver battait pavillon &#8230;","protected":false},"author":1,"featured_media":37539,"comment_status":"open","ping_status":"open","sticky":false,"template":"","format":"standard","meta":{"footnotes":""},"categories":[20],"tags":[10,482,1856,1460,3606,732,666,1743,2002],"news-destination":[],"news-source":[475],"is_homepage":[],"ta_other":[],"class_list":["post-37538","post","type-post","status-publish","format-standard","has-post-thumbnail","hentry","category-societe","tag-bouches-du-rhone","tag-fos-sur-mer","tag-maritime","tag-navires","tag-petrole","tag-russie","tag-transports","tag-tribunal-judiciaire","tag-union-europeenne","news-source-website"],"_links":{"self":[{"href":"https:\/\/euapp01.newsmemory.com\/lamarseillaise\/news\/wp-json\/wp\/v2\/posts\/37538","targetHints":{"allow":["GET"]}}],"collection":[{"href":"https:\/\/euapp01.newsmemory.com\/lamarseillaise\/news\/wp-json\/wp\/v2\/posts"}],"about":[{"href":"https:\/\/euapp01.newsmemory.com\/lamarseillaise\/news\/wp-json\/wp\/v2\/types\/post"}],"author":[{"embeddable":true,"href":"https:\/\/euapp01.newsmemory.com\/lamarseillaise\/news\/wp-json\/wp\/v2\/users\/1"}],"replies":[{"embeddable":true,"href":"https:\/\/euapp01.newsmemory.com\/lamarseillaise\/news\/wp-json\/wp\/v2\/comments?post=37538"}],"version-history":[{"count":1,"href":"https:\/\/euapp01.newsmemory.com\/lamarseillaise\/news\/wp-json\/wp\/v2\/posts\/37538\/revisions"}],"predecessor-version":[{"id":37540,"href":"https:\/\/euapp01.newsmemory.com\/lamarseillaise\/news\/wp-json\/wp\/v2\/posts\/37538\/revisions\/37540"}],"wp:featuredmedia":[{"embeddable":true,"href":"https:\/\/euapp01.newsmemory.com\/lamarseillaise\/news\/wp-json\/wp\/v2\/media\/37539"}],"wp:attachment":[{"href":"https:\/\/euapp01.newsmemory.com\/lamarseillaise\/news\/wp-json\/wp\/v2\/media?parent=37538"}],"wp:term":[{"taxonomy":"category","embeddable":true,"href":"https:\/\/euapp01.newsmemory.com\/lamarseillaise\/news\/wp-json\/wp\/v2\/categories?post=37538"},{"taxonomy":"post_tag","embeddable":true,"href":"https:\/\/euapp01.newsmemory.com\/lamarseillaise\/news\/wp-json\/wp\/v2\/tags?post=37538"},{"taxonomy":"news-destination","embeddable":true,"href":"https:\/\/euapp01.newsmemory.com\/lamarseillaise\/news\/wp-json\/wp\/v2\/news-destination?post=37538"},{"taxonomy":"news-source","embeddable":true,"href":"https:\/\/euapp01.newsmemory.com\/lamarseillaise\/news\/wp-json\/wp\/v2\/news-source?post=37538"},{"taxonomy":"is_homepage","embeddable":true,"href":"https:\/\/euapp01.newsmemory.com\/lamarseillaise\/news\/wp-json\/wp\/v2\/is_homepage?post=37538"},{"taxonomy":"ta_other","embeddable":true,"href":"https:\/\/euapp01.newsmemory.com\/lamarseillaise\/news\/wp-json\/wp\/v2\/ta_other?post=37538"}],"curies":[{"name":"wp","href":"https:\/\/api.w.org\/{rel}","templated":true}]}}