{"id":37526,"date":"2026-07-25T15:14:00","date_gmt":"2026-07-25T13:14:00","guid":{"rendered":"https:\/\/euapp01.newsmemory.com\/lamarseillaise\/news\/?p=37526"},"modified":"2026-07-29T10:49:17","modified_gmt":"2026-07-29T08:49:17","slug":"des-skieurs-sur-le-tour-de-france","status":"publish","type":"post","link":"https:\/\/euapp01.newsmemory.com\/lamarseillaise\/news\/2026\/07\/25\/des-skieurs-sur-le-tour-de-france\/","title":{"rendered":"Des skieurs sur le Tour de France"},"content":{"rendered":"<div class=\"paragraph\">\n<p>Une trentaine de personnes s\u2019est \u00e9lanc\u00e9e depuis Saint-L\u00e9ger-les-M\u00e9l\u00e8zes pour une ascension d\u2019une quinzaine de kilom\u00e8tres. Parmi les participants, quelques skieurs connus, comme Aliz\u00e9e Baron, Jade Grillet-Aubert et Terence Tchiknavorian. \u00ab<i> Une immense fiert\u00e9 <\/i>\u00bb<i>, <\/i>explique S\u00e9bastien Rouit, maire de la commune et moniteur de l\u2019ESF, pr\u00e9sent dans le peloton. Ils incarnent, selon lui, \u00ab<i> l\u2019esprit de nos montagnes : le partage, l\u2019engagement et la passion <\/i>\u00bb.<\/p>\n<\/p><\/div>\n","protected":false},"excerpt":{"rendered":"Une trentaine de personnes s&rsquo;est &eacute;lanc&eacute;e depuis Saint-L&eacute;ger-les-M&eacute;l&egrave;zes pour une ascension d&rsquo;une quinzaine de kilom&egrave;tres. Parmi les participants, quelques skieurs connus, comme Aliz&eacute;e &#8230;","protected":false},"author":1,"featured_media":37527,"comment_status":"open","ping_status":"open","sticky":false,"template":"","format":"standard","meta":{"footnotes":""},"categories":[7],"tags":[4768,1144,2258,3253],"news-destination":[],"news-source":[475],"is_homepage":[],"ta_other":[],"class_list":["post-37526","post","type-post","status-publish","format-standard","has-post-thumbnail","hentry","category-sports","tag-alpes","tag-cyclisme","tag-ski","tag-tour-de-france","news-source-website"],"_links":{"self":[{"href":"https:\/\/euapp01.newsmemory.com\/lamarseillaise\/news\/wp-json\/wp\/v2\/posts\/37526","targetHints":{"allow":["GET"]}}],"collection":[{"href":"https:\/\/euapp01.newsmemory.com\/lamarseillaise\/news\/wp-json\/wp\/v2\/posts"}],"about":[{"href":"https:\/\/euapp01.newsmemory.com\/lamarseillaise\/news\/wp-json\/wp\/v2\/types\/post"}],"author":[{"embeddable":true,"href":"https:\/\/euapp01.newsmemory.com\/lamarseillaise\/news\/wp-json\/wp\/v2\/users\/1"}],"replies":[{"embeddable":true,"href":"https:\/\/euapp01.newsmemory.com\/lamarseillaise\/news\/wp-json\/wp\/v2\/comments?post=37526"}],"version-history":[{"count":1,"href":"https:\/\/euapp01.newsmemory.com\/lamarseillaise\/news\/wp-json\/wp\/v2\/posts\/37526\/revisions"}],"predecessor-version":[{"id":37528,"href":"https:\/\/euapp01.newsmemory.com\/lamarseillaise\/news\/wp-json\/wp\/v2\/posts\/37526\/revisions\/37528"}],"wp:featuredmedia":[{"embeddable":true,"href":"https:\/\/euapp01.newsmemory.com\/lamarseillaise\/news\/wp-json\/wp\/v2\/media\/37527"}],"wp:attachment":[{"href":"https:\/\/euapp01.newsmemory.com\/lamarseillaise\/news\/wp-json\/wp\/v2\/media?parent=37526"}],"wp:term":[{"taxonomy":"category","embeddable":true,"href":"https:\/\/euapp01.newsmemory.com\/lamarseillaise\/news\/wp-json\/wp\/v2\/categories?post=37526"},{"taxonomy":"post_tag","embeddable":true,"href":"https:\/\/euapp01.newsmemory.com\/lamarseillaise\/news\/wp-json\/wp\/v2\/tags?post=37526"},{"taxonomy":"news-destination","embeddable":true,"href":"https:\/\/euapp01.newsmemory.com\/lamarseillaise\/news\/wp-json\/wp\/v2\/news-destination?post=37526"},{"taxonomy":"news-source","embeddable":true,"href":"https:\/\/euapp01.newsmemory.com\/lamarseillaise\/news\/wp-json\/wp\/v2\/news-source?post=37526"},{"taxonomy":"is_homepage","embeddable":true,"href":"https:\/\/euapp01.newsmemory.com\/lamarseillaise\/news\/wp-json\/wp\/v2\/is_homepage?post=37526"},{"taxonomy":"ta_other","embeddable":true,"href":"https:\/\/euapp01.newsmemory.com\/lamarseillaise\/news\/wp-json\/wp\/v2\/ta_other?post=37526"}],"curies":[{"name":"wp","href":"https:\/\/api.w.org\/{rel}","templated":true}]}}