{"id":37523,"date":"2026-07-25T14:59:00","date_gmt":"2026-07-25T12:59:00","guid":{"rendered":"https:\/\/euapp01.newsmemory.com\/lamarseillaise\/news\/?p=37523"},"modified":"2026-07-25T15:25:58","modified_gmt":"2026-07-25T13:25:58","slug":"week-end-mont-dauphin-un-village-fortifie-par-vauban","status":"publish","type":"post","link":"https:\/\/euapp01.newsmemory.com\/lamarseillaise\/news\/2026\/07\/25\/week-end-mont-dauphin-un-village-fortifie-par-vauban\/","title":{"rendered":"[Week-end] Mont-Dauphin : un village fortifi\u00e9 par Vauban"},"content":{"rendered":"<div class=\"paragraph\">\n<p><i><span class=\"mln_small-caps_mln\">Unesco, les sites class\u00e9s en r\u00e9gion<\/span><\/i><\/p>\n<\/p><\/div>\n<div class=\"paragraph\">\n<p>Les fortifications du village font partie d\u2019un ensemble de 12 groupes de b\u00e2timents fortifi\u00e9s et de constructions le long des fronti\u00e8res nord, est et ouest de la France. Parmi elles, on retrouve \u00e9galement la Citadelle de Besan\u00e7on dans le d\u00e9partement. Cet ensemble constitue un des meilleurs exemples du travail de S\u00e9bastien Le Prestre de Vauban (1633-1707), architecte militaire de Louis\u00a0XIV. <span class=\"mln_uppercase_mln\">\u00e0<\/span> noter, des visites comment\u00e9es de ces fortifications sont organis\u00e9es tout au long de la p\u00e9riode estivale.<\/p>\n<\/p><\/div>\n","protected":false},"excerpt":{"rendered":"Unesco, les sites class&eacute;s en r&eacute;gionLes fortifications du village font partie d&rsquo;un ensemble de 12 groupes de b&acirc;timents fortifi&eacute;s et de constructions le long des fronti&egrave;res nord, est et ouest de la France. Parmi &#8230;","protected":false},"author":1,"featured_media":37524,"comment_status":"open","ping_status":"open","sticky":false,"template":"","format":"standard","meta":{"footnotes":""},"categories":[32],"tags":[4768,2923,280,97,3808,1940,988,2001],"news-destination":[],"news-source":[475],"is_homepage":[],"ta_other":[],"class_list":["post-37523","post","type-post","status-publish","format-standard","has-post-thumbnail","hentry","category-culture","tag-alpes","tag-architecte","tag-histoire","tag-patrimoine","tag-unesco","tag-villages","tag-week-end","tag-weekend","news-source-website"],"_links":{"self":[{"href":"https:\/\/euapp01.newsmemory.com\/lamarseillaise\/news\/wp-json\/wp\/v2\/posts\/37523","targetHints":{"allow":["GET"]}}],"collection":[{"href":"https:\/\/euapp01.newsmemory.com\/lamarseillaise\/news\/wp-json\/wp\/v2\/posts"}],"about":[{"href":"https:\/\/euapp01.newsmemory.com\/lamarseillaise\/news\/wp-json\/wp\/v2\/types\/post"}],"author":[{"embeddable":true,"href":"https:\/\/euapp01.newsmemory.com\/lamarseillaise\/news\/wp-json\/wp\/v2\/users\/1"}],"replies":[{"embeddable":true,"href":"https:\/\/euapp01.newsmemory.com\/lamarseillaise\/news\/wp-json\/wp\/v2\/comments?post=37523"}],"version-history":[{"count":1,"href":"https:\/\/euapp01.newsmemory.com\/lamarseillaise\/news\/wp-json\/wp\/v2\/posts\/37523\/revisions"}],"predecessor-version":[{"id":37525,"href":"https:\/\/euapp01.newsmemory.com\/lamarseillaise\/news\/wp-json\/wp\/v2\/posts\/37523\/revisions\/37525"}],"wp:featuredmedia":[{"embeddable":true,"href":"https:\/\/euapp01.newsmemory.com\/lamarseillaise\/news\/wp-json\/wp\/v2\/media\/37524"}],"wp:attachment":[{"href":"https:\/\/euapp01.newsmemory.com\/lamarseillaise\/news\/wp-json\/wp\/v2\/media?parent=37523"}],"wp:term":[{"taxonomy":"category","embeddable":true,"href":"https:\/\/euapp01.newsmemory.com\/lamarseillaise\/news\/wp-json\/wp\/v2\/categories?post=37523"},{"taxonomy":"post_tag","embeddable":true,"href":"https:\/\/euapp01.newsmemory.com\/lamarseillaise\/news\/wp-json\/wp\/v2\/tags?post=37523"},{"taxonomy":"news-destination","embeddable":true,"href":"https:\/\/euapp01.newsmemory.com\/lamarseillaise\/news\/wp-json\/wp\/v2\/news-destination?post=37523"},{"taxonomy":"news-source","embeddable":true,"href":"https:\/\/euapp01.newsmemory.com\/lamarseillaise\/news\/wp-json\/wp\/v2\/news-source?post=37523"},{"taxonomy":"is_homepage","embeddable":true,"href":"https:\/\/euapp01.newsmemory.com\/lamarseillaise\/news\/wp-json\/wp\/v2\/is_homepage?post=37523"},{"taxonomy":"ta_other","embeddable":true,"href":"https:\/\/euapp01.newsmemory.com\/lamarseillaise\/news\/wp-json\/wp\/v2\/ta_other?post=37523"}],"curies":[{"name":"wp","href":"https:\/\/api.w.org\/{rel}","templated":true}]}}