{"id":37511,"date":"2026-07-25T14:24:00","date_gmt":"2026-07-25T12:24:00","guid":{"rendered":"https:\/\/euapp01.newsmemory.com\/lamarseillaise\/news\/?p=37511"},"modified":"2026-07-25T14:46:32","modified_gmt":"2026-07-25T12:46:32","slug":"week-end-lesprit-de-1936-sfio-pcf-radicaux-trois-partis-unis-avant-la-victoire","status":"publish","type":"post","link":"https:\/\/euapp01.newsmemory.com\/lamarseillaise\/news\/2026\/07\/25\/week-end-lesprit-de-1936-sfio-pcf-radicaux-trois-partis-unis-avant-la-victoire\/","title":{"rendered":"[Week-end] L\u2019esprit de 1936 : SFIO, PCF, Radicaux, trois partis unis avant la victoire"},"content":{"rendered":"<div class=\"paragraph\">\n<p><b>L\u2019union jusqu\u2019alors in\u00e9dite de la SFIO, du PCF en 1934, rejoints par le Parti radical en 1935 va permettre gr\u00e2ce \u00e0 la discipline r\u00e9publicaine du retrait pour le candidat le mieux plac\u00e9 au premier tour de donner une majorit\u00e9 cons\u00e9quente au Front populaire.<\/b><\/p>\n<\/p><\/div>\n<div class=\"paragraph\">\n<p>Pain, Paix, Libert\u00e9.\u00a0\u00bb Ces trois mots r\u00e9sument le programme des trois partis qui ont sign\u00e9 l\u2019accord de d\u00e9sistement r\u00e9ciproque qui donnera la victoire au Front Populaire lors des l\u00e9gislatives du printemps 1936. La SFIO, le Parti radical et le PCF vont ainsi constituer une coalition de gauche qui va marquer durablement l\u2019histoire du pays. Chacun des trois partis va pr\u00e9senter ses propres candidats dans les circonscriptions, mais tous s\u2019engagent \u00e0 se retirer au second tour en faveur du candidat le mieux plac\u00e9.<\/p>\n<p>El l\u00e0 encore, les r\u00e9gions du sud de la France vont donner le la et serviront de mod\u00e8le au reste du pays. Ainsi, dans les Bouches-du-Rh\u00f4ne c\u2019est en juin\u00a01934 qu\u2019est sign\u00e9 le pacte d\u00e9partemental d\u2019unit\u00e9 d\u2019action entre la SFIO et le PCF, une signature qui intervient un mois avant la signature d\u2019un m\u00eame accord \u00e0 l\u2019\u00e9chelon national le 27\u00a0juillet 1934, pacte qui sera ensuite rejoint par les radicaux en juin 1935.<\/p>\n<p>\u00ab\u00a0<i>La mutation op\u00e9r\u00e9e par le PCF n\u2019aurait toutefois pas eu l\u2019effet escompt\u00e9 si, au m\u00eame moment, au sein de la SFIO, une minorit\u00e9 tr\u00e8s active n\u2019avait pas pouss\u00e9 \u00e0 des actions communes avec la SFIC (Section fran\u00e7aise de l\u2019Internationale communiste, autre nom du PCF). La conjonction de ces efforts aboutit en juin 1934, un mois avant la ratification d\u2019un accord similaire au niveau national, \u00e0 la signature d\u2019un pacte d\u00e9partemental d\u2019unit\u00e9 d\u2019action entre la SFIC, repr\u00e9sent\u00e9e par le tandem Fran\u00e7ois Billoux-Jean Cristofol, et la SFIO emmen\u00e9e par son secr\u00e9taire R\u00e9mi Roux et par Jean Calvelli<\/i><i>\u00a0<\/i>\u00bb, note l\u2019historien Jean Domenichino, auteur de <i>Les communistes des Bouches-du-Rh\u00f4ne en Front populaire<\/i> (Editions Les F\u00e9d\u00e9r\u00e9s), qui ajoute que \u00ab\u00a0<i>ce rapprochement ne tarde pas \u00e0 porter ses fruits<\/i><i>\u00a0<\/i>\u00bb. \u00ab\u00a0<i>Cette unit\u00e9 retrouv\u00e9e permet un succ\u00e8s des partis de gauches aux \u00e9lections municipales de 1935, en particulier \u00e0 Marseille avec l\u2019\u00e9lection du socialiste Henri Tasso qui bat la liste Pierre-Ribot-Sabiani. En fait, les \u00e9lections de 1935 pr\u00e9figurent le succ\u00e8s \u00e9lectoral des partis du Front populaire de mai-juin 1936.<\/i><i>\u00a0<\/i>\u00bb<\/p>\n<p>\u00c0 Marseille, lors du VIII<sup>e<\/sup>\u00a0congr\u00e8s national des Jeunesses communistes au cin\u00e9ma de l\u2019Alcazar du 19 au 22\u00a0mars 1936 en pr\u00e9sence de Jacques Duclos, Raymond Guyot secr\u00e9taire de l\u2019Internationale communiste des jeunes et de Victor Michaut secr\u00e9taire des Jeunesses communistes, le mouvement d\u00e9cide de tout mettre en \u0153uvre pour l\u2019unit\u00e9 de la jeunesse ouvri\u00e8re en une seule f\u00e9d\u00e9ration et de rassembler toutes les forces de la jeunesse antifasciste.<\/p>\n<p>\u00c0 Marseille toujours, Fran\u00e7ois Billoux comprend que la progression de l\u2019influence communiste passe par un combat acharn\u00e9 contre Sabiani et son \u00e9quipe. Aussi, tout en d\u00e9veloppant la politique g\u00e9n\u00e9rale du parti, il lance celui-ci dans une vaste campagne d\u00e9non\u00e7ant la corruption et le gangst\u00e9risme qui rongent la cit\u00e9 phoc\u00e9enne.<\/p>\n<p>Cette campagne ardente pour un \u00ab\u00a0Marseille Propre\u00a0\u00bb est au centre de toute l\u2019action communiste lors des \u00e9lections l\u00e9gislatives. Le 20\u00a0avril \u00e0 la place Marceau, Fran\u00e7ois Billoux d\u00e9cide d\u2019affronter Sabiani dans son propre fief. La reculade de ce dernier lors de la r\u00e9union contradictoire montre que le rapport de force s\u2019est modifi\u00e9. Billoux est \u00e9lu d\u00e9put\u00e9 de la 3<sup>e<\/sup>\u00a0circonscription, au second tour avec 7\u00a0285\u00a0suffrages contre 6\u00a0323\u00a0voix \u00e0 Sabiani, en ayant b\u00e9n\u00e9fici\u00e9 du d\u00e9sistement du candidat SFIO, Ferri-Pisani.<\/p>\n<\/p><\/div>\n","protected":false},"excerpt":{"rendered":"L&rsquo;union jusqu&rsquo;alors in&eacute;dite de la SFIO, du PCF en 1934, rejoints par le Parti radical en 1935 va permettre gr&acirc;ce &agrave; la discipline r&eacute;publicaine du retrait pour le candidat le mieux plac&eacute; au premier tour de &#8230;","protected":false},"author":1,"featured_media":37512,"comment_status":"open","ping_status":"open","sticky":false,"template":"","format":"standard","meta":{"footnotes":""},"categories":[20],"tags":[10,572,3111,876,280,16,852,250,2938,988,2001],"news-destination":[],"news-source":[475],"is_homepage":[],"ta_other":[],"class_list":["post-37511","post","type-post","status-publish","format-standard","has-post-thumbnail","hentry","category-societe","tag-bouches-du-rhone","tag-france","tag-front-populaire","tag-greve","tag-histoire","tag-marseille","tag-mouvement-social","tag-pcf","tag-recit","tag-week-end","tag-weekend","news-source-website"],"_links":{"self":[{"href":"https:\/\/euapp01.newsmemory.com\/lamarseillaise\/news\/wp-json\/wp\/v2\/posts\/37511","targetHints":{"allow":["GET"]}}],"collection":[{"href":"https:\/\/euapp01.newsmemory.com\/lamarseillaise\/news\/wp-json\/wp\/v2\/posts"}],"about":[{"href":"https:\/\/euapp01.newsmemory.com\/lamarseillaise\/news\/wp-json\/wp\/v2\/types\/post"}],"author":[{"embeddable":true,"href":"https:\/\/euapp01.newsmemory.com\/lamarseillaise\/news\/wp-json\/wp\/v2\/users\/1"}],"replies":[{"embeddable":true,"href":"https:\/\/euapp01.newsmemory.com\/lamarseillaise\/news\/wp-json\/wp\/v2\/comments?post=37511"}],"version-history":[{"count":1,"href":"https:\/\/euapp01.newsmemory.com\/lamarseillaise\/news\/wp-json\/wp\/v2\/posts\/37511\/revisions"}],"predecessor-version":[{"id":37513,"href":"https:\/\/euapp01.newsmemory.com\/lamarseillaise\/news\/wp-json\/wp\/v2\/posts\/37511\/revisions\/37513"}],"wp:featuredmedia":[{"embeddable":true,"href":"https:\/\/euapp01.newsmemory.com\/lamarseillaise\/news\/wp-json\/wp\/v2\/media\/37512"}],"wp:attachment":[{"href":"https:\/\/euapp01.newsmemory.com\/lamarseillaise\/news\/wp-json\/wp\/v2\/media?parent=37511"}],"wp:term":[{"taxonomy":"category","embeddable":true,"href":"https:\/\/euapp01.newsmemory.com\/lamarseillaise\/news\/wp-json\/wp\/v2\/categories?post=37511"},{"taxonomy":"post_tag","embeddable":true,"href":"https:\/\/euapp01.newsmemory.com\/lamarseillaise\/news\/wp-json\/wp\/v2\/tags?post=37511"},{"taxonomy":"news-destination","embeddable":true,"href":"https:\/\/euapp01.newsmemory.com\/lamarseillaise\/news\/wp-json\/wp\/v2\/news-destination?post=37511"},{"taxonomy":"news-source","embeddable":true,"href":"https:\/\/euapp01.newsmemory.com\/lamarseillaise\/news\/wp-json\/wp\/v2\/news-source?post=37511"},{"taxonomy":"is_homepage","embeddable":true,"href":"https:\/\/euapp01.newsmemory.com\/lamarseillaise\/news\/wp-json\/wp\/v2\/is_homepage?post=37511"},{"taxonomy":"ta_other","embeddable":true,"href":"https:\/\/euapp01.newsmemory.com\/lamarseillaise\/news\/wp-json\/wp\/v2\/ta_other?post=37511"}],"curies":[{"name":"wp","href":"https:\/\/api.w.org\/{rel}","templated":true}]}}