{"id":37508,"date":"2026-07-25T14:13:00","date_gmt":"2026-07-25T12:13:00","guid":{"rendered":"https:\/\/euapp01.newsmemory.com\/lamarseillaise\/news\/?p=37508"},"modified":"2026-07-25T14:31:34","modified_gmt":"2026-07-25T12:31:34","slug":"memoire-ouvriere-lucien-molino-defendre-lindependance-et-lunite","status":"publish","type":"post","link":"https:\/\/euapp01.newsmemory.com\/lamarseillaise\/news\/2026\/07\/25\/memoire-ouvriere-lucien-molino-defendre-lindependance-et-lunite\/","title":{"rendered":"[M\u00e9moire ouvri\u00e8re] Lucien Molino. D\u00e9fendre l\u2019ind\u00e9pendance et l\u2019unit\u00e9"},"content":{"rendered":"<div class=\"paragraph\">\n<p>La premi\u00e8re question \u00e0 l\u2019ordre du jour \u00e9tait celle des salaires et de la pr\u00e9paration d\u2019un mouvement revendicatif national. La r\u00e9solution sur les salaires et les prix entra\u00eena un premier incident.<\/p>\n<p>Une motion pr\u00e9sent\u00e9e par Cochinard s\u2019opposa \u00e0 la hausse g\u00e9n\u00e9rale des salaires r\u00e9clam\u00e9e par Pierre Lebrun.<\/p>\n<p>Le d\u00e9bat fut ouvert sur les man\u0153uvres de scission que je d\u00e9non\u00e7ai. Indign\u00e9, m\u2019adressant aux diviseurs, je leur dis\u00a0: \u00ab\u00a0Camarades, apr\u00e8s les interventions de nombreux camarades, celles de Beno\u00eet Frachon, Hernio de la f\u00e9d\u00e9ration des cheminots que j\u2019approuve enti\u00e8rement, vous me permettrez de donner mon point de vue sur un aspect que je consid\u00e8re tr\u00e8s s\u00e9rieux dans la situation actuelle. Les trusts am\u00e9ricains ne doivent plus intervenir ouvertement dans la vie politique et syndicale. L\u2019ind\u00e9pendance \u00e9conomique et politique est menac\u00e9e, l\u2019obstacle majeur \u00e0 l\u2019intervention directe des trusts am\u00e9ricains reste la Conf\u00e9d\u00e9ration g\u00e9n\u00e9rale du travail. C\u2019est pour cela que nous assistons \u00e0 une attaque concert\u00e9e contre la CGT avec des complices de Truman qui, sous pr\u00e9texte de d\u00e9fendre les syndicats contre une imaginaire emprise politique, d\u00e9veloppent leur campagne.\u00a0\u00bb<\/p>\n<p><b>La r\u00e9solution soul\u00e8ve le<\/b><b>\u00a0<\/b><b>d\u00e9bat<\/b><\/p>\n<p>Je condamnai certaines interventions et en particulier celle de Bouzanquet, secr\u00e9taire conf\u00e9d\u00e9ral\u00a0: \u00ab\u00a0J\u2019ai en ma possession tes \u00e9crits o\u00f9 tu nous reproches de ne pas avoir condamn\u00e9 le pacte germano-sovi\u00e9tique et avec ce pr\u00e9texte, tu portes de l\u2019eau au moulin de la r\u00e9action qui se sert de ton autorit\u00e9 pour \u00e9crire dans ses journaux que la CGT est dirig\u00e9e par des communistes. L\u2019anticommunisme, voil\u00e0 le v\u00e9ritable fl\u00e9au, nous savons o\u00f9 cela nous a men\u00e9s, de Munich \u00e0 1940. Bothereau a pr\u00e9sent\u00e9 une r\u00e9solution qui approuve le plan Marshall et elle a \u00e9t\u00e9 repouss\u00e9e. Je demande au pr\u00e9sident de s\u00e9ance de pr\u00e9senter une r\u00e9solution.\u00a0\u00bb<\/p>\n<p>Il est int\u00e9ressant de rappeler le d\u00e9bat que souleva ma r\u00e9solution. Pour la d\u00e9fense de l\u2019ind\u00e9pendance et de l\u2019unit\u00e9, la r\u00e9action la plus virulente fut celle de Capocci, secr\u00e9taire de la f\u00e9d\u00e9ration des employ\u00e9s de commerce.<\/p>\n<p>Il essaya de justifier les actions qu\u2019ils avaient men\u00e9es pendant l\u2019Occupation et d\u00e9clara\u00a0: \u00ab\u00a0J\u2019ai entendu Molino ressasser les vieilles histoires, j\u2019en ai assez, nous en avons assez&#8230; On parle aussi de dollars que nous aurions touch\u00e9s, je vous assure, camarades, que les dollars que nous avons pu toucher ne nous ont pas fait mal au ventre et qu\u2019ils ne vous feraient pas mal au ventre si vous en mangiez autant que nous.\u00a0\u00bb<\/p>\n<p>Et s\u2019adressant \u00e0 moi\u00a0: \u00ab\u00a0Tu as cit\u00e9 ma f\u00e9d\u00e9ration\u00a0; permets-moi de te dire que s\u2019il est une f\u00e9d\u00e9ration qui peut parler d\u2019ind\u00e9pendance, c\u2019est bien la n\u00f4tre.\u00a0\u00bb<\/p>\n<p><i>\u00e0 suivre la semaine prochaine&#8230;<\/i><\/p>\n<\/p><\/div>\n","protected":false},"excerpt":{"rendered":"La premi&egrave;re question &agrave; l&rsquo;ordre du jour &eacute;tait celle des salaires et de la pr&eacute;paration d&rsquo;un mouvement revendicatif national. La r&eacute;solution sur les salaires et les prix entra&icirc;na un premier incident. &#8230;","protected":false},"author":1,"featured_media":37509,"comment_status":"open","ping_status":"open","sticky":false,"template":"","format":"standard","meta":{"footnotes":""},"categories":[20],"tags":[10,113,618,280,16,920,5199,250,1729,2629,988,2001],"news-destination":[],"news-source":[475],"is_homepage":[],"ta_other":[],"class_list":["post-37508","post","type-post","status-publish","format-standard","has-post-thumbnail","hentry","category-societe","tag-bouches-du-rhone","tag-cgt","tag-devoir-de-memoire","tag-histoire","tag-marseille","tag-memoire","tag-memoire-ouvriere","tag-pcf","tag-resistance","tag-resistant","tag-week-end","tag-weekend","news-source-website"],"_links":{"self":[{"href":"https:\/\/euapp01.newsmemory.com\/lamarseillaise\/news\/wp-json\/wp\/v2\/posts\/37508","targetHints":{"allow":["GET"]}}],"collection":[{"href":"https:\/\/euapp01.newsmemory.com\/lamarseillaise\/news\/wp-json\/wp\/v2\/posts"}],"about":[{"href":"https:\/\/euapp01.newsmemory.com\/lamarseillaise\/news\/wp-json\/wp\/v2\/types\/post"}],"author":[{"embeddable":true,"href":"https:\/\/euapp01.newsmemory.com\/lamarseillaise\/news\/wp-json\/wp\/v2\/users\/1"}],"replies":[{"embeddable":true,"href":"https:\/\/euapp01.newsmemory.com\/lamarseillaise\/news\/wp-json\/wp\/v2\/comments?post=37508"}],"version-history":[{"count":1,"href":"https:\/\/euapp01.newsmemory.com\/lamarseillaise\/news\/wp-json\/wp\/v2\/posts\/37508\/revisions"}],"predecessor-version":[{"id":37510,"href":"https:\/\/euapp01.newsmemory.com\/lamarseillaise\/news\/wp-json\/wp\/v2\/posts\/37508\/revisions\/37510"}],"wp:featuredmedia":[{"embeddable":true,"href":"https:\/\/euapp01.newsmemory.com\/lamarseillaise\/news\/wp-json\/wp\/v2\/media\/37509"}],"wp:attachment":[{"href":"https:\/\/euapp01.newsmemory.com\/lamarseillaise\/news\/wp-json\/wp\/v2\/media?parent=37508"}],"wp:term":[{"taxonomy":"category","embeddable":true,"href":"https:\/\/euapp01.newsmemory.com\/lamarseillaise\/news\/wp-json\/wp\/v2\/categories?post=37508"},{"taxonomy":"post_tag","embeddable":true,"href":"https:\/\/euapp01.newsmemory.com\/lamarseillaise\/news\/wp-json\/wp\/v2\/tags?post=37508"},{"taxonomy":"news-destination","embeddable":true,"href":"https:\/\/euapp01.newsmemory.com\/lamarseillaise\/news\/wp-json\/wp\/v2\/news-destination?post=37508"},{"taxonomy":"news-source","embeddable":true,"href":"https:\/\/euapp01.newsmemory.com\/lamarseillaise\/news\/wp-json\/wp\/v2\/news-source?post=37508"},{"taxonomy":"is_homepage","embeddable":true,"href":"https:\/\/euapp01.newsmemory.com\/lamarseillaise\/news\/wp-json\/wp\/v2\/is_homepage?post=37508"},{"taxonomy":"ta_other","embeddable":true,"href":"https:\/\/euapp01.newsmemory.com\/lamarseillaise\/news\/wp-json\/wp\/v2\/ta_other?post=37508"}],"curies":[{"name":"wp","href":"https:\/\/api.w.org\/{rel}","templated":true}]}}