{"id":37499,"date":"2026-07-25T13:51:00","date_gmt":"2026-07-25T11:51:00","guid":{"rendered":"https:\/\/euapp01.newsmemory.com\/lamarseillaise\/news\/?p=37499"},"modified":"2026-07-31T10:27:31","modified_gmt":"2026-07-31T08:27:31","slug":"chroniques-mediterraneennes-regard-sur-lespagne-de-la-communion-nationale-a-lindignite-regionale","status":"publish","type":"post","link":"https:\/\/euapp01.newsmemory.com\/lamarseillaise\/news\/2026\/07\/25\/chroniques-mediterraneennes-regard-sur-lespagne-de-la-communion-nationale-a-lindignite-regionale\/","title":{"rendered":"[Chroniques m\u00e9diterran\u00e9ennes] Regard sur l\u2019Espagne : de la communion nationale \u00e0 l\u2019indignit\u00e9 r\u00e9gionale"},"content":{"rendered":"<div class=\"paragraph\">\n<p>La victoire de l\u2019Espagne remportant la Coupe du Monde de football avec une \u00e9quipe de jeunes, au jeu rigoureux et collectif, repr\u00e9sentative d\u2019une Espagne m\u00e9tiss\u00e9e, diverse, fraternelle, solidaire et cette victoire f\u00eat\u00e9e par tout un peuple heureux de communier, de se rassembler, laissant au vestiaire les diff\u00e9rences, les animosit\u00e9s, l\u2019individualisme, et sur la touche le racisme, donne de l\u2019espoir \u00e0 ceux qui d\u00e9sesp\u00e8rent de l\u2019\u00eatre humain et d\u00e9plorent la d\u00e9rive vers un monde guerrier et fascisant.<\/p>\n<p>\u00c7a, c\u2019\u00e9tait en d\u00e9but de semaine. Mercredi, \u00e0 peine trois jours plus tard, les tenants de la haine, les disciples de Trump, les propagateurs d\u2019une id\u00e9ologie naus\u00e9abonde, les champions de l\u2019exclusion et du racisme qui jouent dans la m\u00eame \u00e9quipe que Marine le Pen et Jordan Bardella, se sont illustr\u00e9s au parlement de la communaut\u00e9 autonome de Valencia en faisant voter, une premi\u00e8re en Espagne depuis Franco, une loi r\u00e9gionale, indigne, de \u00ab\u00a0Priorit\u00e9 nationale\u00a0\u00bb.<\/p>\n<p>La droite (Parti Populaire) et l\u2019extr\u00eame droite (Vox) votent donc la \u00ab\u00a0priorit\u00e9 nationale\u00a0\u00bb et les budgets qui vont avec dans cette communaut\u00e9 de 5,4\u00a0millions d\u2019habitants. L\u2019extr\u00eame droite dans toutes les r\u00e9gions o\u00f9 elle participe \u00e0 l\u2019ex\u00e9cutif essaye de faire adopter cette loi, alors qu\u2019elle n\u2019y parvient pas au niveau national. C\u2019est donc par le biais des r\u00e9gions, que ce parti pro franquiste instille son poison raciste, et donc la communaut\u00e9 valencienne aura le triste privil\u00e8ge de mettre en place cette politique d\u2019exclusion d\u2019une partie de la population. Une r\u00e9gion qui devient premi\u00e8re au classement des champions de l\u2019indignit\u00e9 r\u00e9gionale. Cette loi de \u00ab\u00a0priorit\u00e9 nationale\u00a0\u00bb d\u00e9fendue par Vox concerne notamment l\u2019acc\u00e8s au logement et les aides sociales. Avec ces budgets vot\u00e9s ce mercredi c\u2019est la troisi\u00e8me fois que votent ensemble la majorit\u00e9 constitu\u00e9e par le Parti Populaire et Vox depuis 2023. Voil\u00e0 qui, apr\u00e8s l\u2019euphorie de cette belle f\u00eate autour de cette jeune et belle \u00e9quipe d\u2019Espagne, a de quoi rappeler la r\u00e9alit\u00e9 politique du pays. D\u2019une part une Espagne exemplaire en Europe, parce que progressiste et le d\u00e9montrant en portant une politique volontariste, en faveur des migrants et des Palestiniens, une politique sociale dans le pays avec des avanc\u00e9es certes insuffisantes mais qui n\u2019ont jamais \u00e9t\u00e9 aussi loin, une Espagne qui refuse \u00e0 Trump l\u2019usage de ses bases pour bombarder les populations civiles en Iran, et d\u2019autre part une droite et extr\u00eame droite qui mine le terrain de la d\u00e9mocratie, un PP qui jure qu\u2019il ne s\u2019alliera pas avec Vox pour gouverner au plan national, mais qui use de l\u2019autonomie des r\u00e9gions pour exp\u00e9rimenter une alliance droite extr\u00eame droite d\u00e9j\u00e0 en place. Alors pour revenir \u00e0 cet \u00e9v\u00e9nement sportif, cette victoire, qui a enthousiasm\u00e9 toute l\u2019Espagne et bien au-del\u00e0, on se prend \u00e0 r\u00eaver d\u2019un monde sans guerres, humain et solidaire, je partage ce commentaire que j\u2019ai relev\u00e9 sur les r\u00e9seaux sociaux apr\u00e8s le match de la finale\u00a0: \u00ab\u00a0<i>Ce soir, beaucoup de citoyens \u00e0 travers le monde n\u2019ont pas seulement vu onze joueurs en maillot rouge soulever une coupe<\/i><i>\u00a0<\/i><i>: ils ont vu un symbole, une revanche, un petit moment o\u00f9 le r\u00e9cit du monde semblait pencher du c\u00f4t\u00e9 des justes.<\/i>\u00a0\u00bb Mais aussi on a pu voir un grossier personnage, pr\u00e9sident des \u00c9tats-Unis d\u00e9\u00e7u de la d\u00e9faite de l\u2019Argentine qui a voulu s\u2019imposer sur la photo de l\u2019\u00e9quipe espagnole triomphante. Insupportable pour ce va-t\u2019en guerre, oblig\u00e9 de remettre des m\u00e9dailles aux joueurs de l\u2019\u00e9quipe d\u2019un pays qu\u2019il ne supporte pas.<\/p>\n<p>Finalement, Trump fut \u00ab\u00a0exfiltr\u00e9\u00a0\u00bb du champ des cam\u00e9ras, la f\u00eate a pu continuer pour les champions heureusement d\u00e9barrass\u00e9s de l\u2019intrus. Encore une belle image porteuse d\u2019esp\u00e9rance.<\/p>\n<\/p><\/div>\n","protected":false},"excerpt":{"rendered":"La victoire de l&rsquo;Espagne remportant la Coupe du Monde de football avec une &eacute;quipe de jeunes, au jeu rigoureux et collectif, repr&eacute;sentative d&rsquo;une Espagne m&eacute;tiss&eacute;e, diverse, fraternelle, solidaire et cette &#8230;","protected":false},"author":1,"featured_media":37500,"comment_status":"open","ping_status":"open","sticky":false,"template":"","format":"standard","meta":{"footnotes":""},"categories":[3926,3925,20],"tags":[430,4451,1097,721,1220,276,441,1929,13,3246,2486,602,574,75,191,194,392],"news-destination":[3944],"news-source":[475],"is_homepage":[],"ta_other":[],"class_list":["post-37499","post","type-post","status-publish","format-standard","has-post-thumbnail","hentry","category-accueil-merge","category-accueil-third","category-societe","tag-budget","tag-chroniques-mediterraneennes","tag-coupe-du-monde","tag-donald-trump","tag-espagne","tag-etats-unis","tag-extreme-droite","tag-fascisme","tag-football","tag-fraternite","tag-humain","tag-iran","tag-marine-le-pen","tag-palestine","tag-politique","tag-social","tag-solidaire","news-destination-homepage","news-source-website"],"_links":{"self":[{"href":"https:\/\/euapp01.newsmemory.com\/lamarseillaise\/news\/wp-json\/wp\/v2\/posts\/37499","targetHints":{"allow":["GET"]}}],"collection":[{"href":"https:\/\/euapp01.newsmemory.com\/lamarseillaise\/news\/wp-json\/wp\/v2\/posts"}],"about":[{"href":"https:\/\/euapp01.newsmemory.com\/lamarseillaise\/news\/wp-json\/wp\/v2\/types\/post"}],"author":[{"embeddable":true,"href":"https:\/\/euapp01.newsmemory.com\/lamarseillaise\/news\/wp-json\/wp\/v2\/users\/1"}],"replies":[{"embeddable":true,"href":"https:\/\/euapp01.newsmemory.com\/lamarseillaise\/news\/wp-json\/wp\/v2\/comments?post=37499"}],"version-history":[{"count":1,"href":"https:\/\/euapp01.newsmemory.com\/lamarseillaise\/news\/wp-json\/wp\/v2\/posts\/37499\/revisions"}],"predecessor-version":[{"id":37501,"href":"https:\/\/euapp01.newsmemory.com\/lamarseillaise\/news\/wp-json\/wp\/v2\/posts\/37499\/revisions\/37501"}],"wp:featuredmedia":[{"embeddable":true,"href":"https:\/\/euapp01.newsmemory.com\/lamarseillaise\/news\/wp-json\/wp\/v2\/media\/37500"}],"wp:attachment":[{"href":"https:\/\/euapp01.newsmemory.com\/lamarseillaise\/news\/wp-json\/wp\/v2\/media?parent=37499"}],"wp:term":[{"taxonomy":"category","embeddable":true,"href":"https:\/\/euapp01.newsmemory.com\/lamarseillaise\/news\/wp-json\/wp\/v2\/categories?post=37499"},{"taxonomy":"post_tag","embeddable":true,"href":"https:\/\/euapp01.newsmemory.com\/lamarseillaise\/news\/wp-json\/wp\/v2\/tags?post=37499"},{"taxonomy":"news-destination","embeddable":true,"href":"https:\/\/euapp01.newsmemory.com\/lamarseillaise\/news\/wp-json\/wp\/v2\/news-destination?post=37499"},{"taxonomy":"news-source","embeddable":true,"href":"https:\/\/euapp01.newsmemory.com\/lamarseillaise\/news\/wp-json\/wp\/v2\/news-source?post=37499"},{"taxonomy":"is_homepage","embeddable":true,"href":"https:\/\/euapp01.newsmemory.com\/lamarseillaise\/news\/wp-json\/wp\/v2\/is_homepage?post=37499"},{"taxonomy":"ta_other","embeddable":true,"href":"https:\/\/euapp01.newsmemory.com\/lamarseillaise\/news\/wp-json\/wp\/v2\/ta_other?post=37499"}],"curies":[{"name":"wp","href":"https:\/\/api.w.org\/{rel}","templated":true}]}}