{"id":37496,"date":"2026-07-25T13:00:00","date_gmt":"2026-07-25T11:00:00","guid":{"rendered":"https:\/\/euapp01.newsmemory.com\/lamarseillaise\/news\/?p=37496"},"modified":"2026-07-25T13:27:01","modified_gmt":"2026-07-25T11:27:01","slug":"les-folies-gruss-font-leur-retour-pour-un-ete-equestre-et-poetique","status":"publish","type":"post","link":"https:\/\/euapp01.newsmemory.com\/lamarseillaise\/news\/2026\/07\/25\/les-folies-gruss-font-leur-retour-pour-un-ete-equestre-et-poetique\/","title":{"rendered":"Les Folies Gruss font leur retour pour un \u00e9t\u00e9 \u00e9questre et po\u00e9tique"},"content":{"rendered":"<div class=\"paragraph\">\n<p>C\u2019est devenu un rendez-vous attendu de l\u2019\u00e9t\u00e9 biterrois. Pour leur sixi\u00e8me saison, les Folies Gruss estivales retrouvent leur \u00e9crin install\u00e9 au 1487, route de Narbonne. Jusqu\u2019au 30\u00a0ao\u00fbt 2026, plusieurs repr\u00e9sentations permettront au public de d\u00e9couvrir le nouveau spectacle de la Compagnie Alexis Gruss, une cr\u00e9ation in\u00e9dite pr\u00e9sent\u00e9e uniquement \u00e0 Paris et \u00e0 B\u00e9ziers.<\/p>\n<p>Cette 52e cr\u00e9ation prend la forme d\u2019une v\u00e9ritable com\u00e9die musicale \u00e9questre et saltimbanque, m\u00ealant prouesses \u00e9questres, acrobaties, travail en libert\u00e9 et performances a\u00e9riennes. Pendant 1h45, 50 chevaux, 25 artistes, une chanteuse et un orchestre live donnent vie \u00e0 un spectacle o\u00f9 la po\u00e9sie c\u00f4toie l\u2019humour et o\u00f9 l\u2019histoire familiale occupe une place centrale. Parmi les temps forts annonc\u00e9s, le mythique grand carrousel \u00e0 26 \u00e9talons c\u00f4toiera des tableaux a\u00e9riens et musicaux.<\/p>\n<p><b>Une soir\u00e9e en trois temps<\/b><\/p>\n<p>Les Folies Gruss ne se limitent pas au spectacle. D\u00e8s 19 heures, le public peut d\u00eener sur place, sans r\u00e9servation, dans une ambiance de guinguette au coucher du soleil, autour d\u2019une nouvelle carte et de surprises artistiques et musicales. Apr\u00e8s la repr\u00e9sentation, les spectateurs sont invit\u00e9s \u00e0 prolonger la soir\u00e9e aux c\u00f4t\u00e9s des artistes, pour une photo, un autographe ou simplement un \u00e9change.<\/p>\n<p>\u00ab<i>\u00a0<\/i><i>Cinq ann\u00e9es ont pass\u00e9 \u2013 bient\u00f4t six \u2013 et chaque jour, nous constatons que nous ne pouvions pas r\u00eaver mieux pour nous implanter. B\u00e9ziers, terre de culture donc terre de chevaux, terre d\u2019histoire et de tradition, entre esprit de famille et valeurs humaines<\/i><i>\u00a0<\/i><i>: toutes les conditions \u00e9taient r\u00e9unies pour que notre Compagnie s\u2019y \u00e9panouisse<\/i>\u00a0\u00bb, affirme Firmin Gruss, pour qui cette implantation \u00e0 B\u00e9ziers est devenue une v\u00e9ritable histoire de famille et de territoire.<\/p>\n<\/p><\/div>\n","protected":false},"excerpt":{"rendered":"C&rsquo;est devenu un rendez-vous attendu de l&rsquo;&eacute;t&eacute; biterrois. Pour leur sixi&egrave;me saison, les Folies Gruss estivales retrouvent leur &eacute;crin install&eacute; au 1487, route de Narbonne. Jusqu&rsquo;au 30&nbsp;ao&ucirc;t &#8230;","protected":false},"author":1,"featured_media":37497,"comment_status":"open","ping_status":"open","sticky":false,"template":"","format":"standard","meta":{"footnotes":""},"categories":[32],"tags":[2927,4374,2345,239,284,1137],"news-destination":[],"news-source":[475],"is_homepage":[],"ta_other":[],"class_list":["post-37496","post","type-post","status-publish","format-standard","has-post-thumbnail","hentry","category-culture","tag-arts-vivants","tag-chevaux","tag-cirque","tag-herault","tag-occitanie","tag-spectacles","news-source-website"],"_links":{"self":[{"href":"https:\/\/euapp01.newsmemory.com\/lamarseillaise\/news\/wp-json\/wp\/v2\/posts\/37496","targetHints":{"allow":["GET"]}}],"collection":[{"href":"https:\/\/euapp01.newsmemory.com\/lamarseillaise\/news\/wp-json\/wp\/v2\/posts"}],"about":[{"href":"https:\/\/euapp01.newsmemory.com\/lamarseillaise\/news\/wp-json\/wp\/v2\/types\/post"}],"author":[{"embeddable":true,"href":"https:\/\/euapp01.newsmemory.com\/lamarseillaise\/news\/wp-json\/wp\/v2\/users\/1"}],"replies":[{"embeddable":true,"href":"https:\/\/euapp01.newsmemory.com\/lamarseillaise\/news\/wp-json\/wp\/v2\/comments?post=37496"}],"version-history":[{"count":1,"href":"https:\/\/euapp01.newsmemory.com\/lamarseillaise\/news\/wp-json\/wp\/v2\/posts\/37496\/revisions"}],"predecessor-version":[{"id":37498,"href":"https:\/\/euapp01.newsmemory.com\/lamarseillaise\/news\/wp-json\/wp\/v2\/posts\/37496\/revisions\/37498"}],"wp:featuredmedia":[{"embeddable":true,"href":"https:\/\/euapp01.newsmemory.com\/lamarseillaise\/news\/wp-json\/wp\/v2\/media\/37497"}],"wp:attachment":[{"href":"https:\/\/euapp01.newsmemory.com\/lamarseillaise\/news\/wp-json\/wp\/v2\/media?parent=37496"}],"wp:term":[{"taxonomy":"category","embeddable":true,"href":"https:\/\/euapp01.newsmemory.com\/lamarseillaise\/news\/wp-json\/wp\/v2\/categories?post=37496"},{"taxonomy":"post_tag","embeddable":true,"href":"https:\/\/euapp01.newsmemory.com\/lamarseillaise\/news\/wp-json\/wp\/v2\/tags?post=37496"},{"taxonomy":"news-destination","embeddable":true,"href":"https:\/\/euapp01.newsmemory.com\/lamarseillaise\/news\/wp-json\/wp\/v2\/news-destination?post=37496"},{"taxonomy":"news-source","embeddable":true,"href":"https:\/\/euapp01.newsmemory.com\/lamarseillaise\/news\/wp-json\/wp\/v2\/news-source?post=37496"},{"taxonomy":"is_homepage","embeddable":true,"href":"https:\/\/euapp01.newsmemory.com\/lamarseillaise\/news\/wp-json\/wp\/v2\/is_homepage?post=37496"},{"taxonomy":"ta_other","embeddable":true,"href":"https:\/\/euapp01.newsmemory.com\/lamarseillaise\/news\/wp-json\/wp\/v2\/ta_other?post=37496"}],"curies":[{"name":"wp","href":"https:\/\/api.w.org\/{rel}","templated":true}]}}