{"id":37493,"date":"2026-07-25T13:13:00","date_gmt":"2026-07-25T11:13:00","guid":{"rendered":"https:\/\/euapp01.newsmemory.com\/lamarseillaise\/news\/?p=37493"},"modified":"2026-07-31T09:30:44","modified_gmt":"2026-07-31T07:30:44","slug":"la-boite-a-bijoux-nouvelle-forme-de-soins-au-chu-de-montpellier","status":"publish","type":"post","link":"https:\/\/euapp01.newsmemory.com\/lamarseillaise\/news\/2026\/07\/25\/la-boite-a-bijoux-nouvelle-forme-de-soins-au-chu-de-montpellier\/","title":{"rendered":"La Bo\u00eete \u00e0 bijoux&nbsp;: nouvelle forme de soins au CHU de Montpellier"},"content":{"rendered":"<div class=\"paragraph\">\n<p>C\u2019est la deuxi\u00e8me intervention au CHU de Montpellier pour la journaliste de Radio Clapas Laure M\u00e9ravilles, qui s\u2019est prise de passion pour le milieu hospitalier. \u00ab\u00a0<i>J\u2019ai d\u00e9but\u00e9 en p\u00e9diatrie<\/i>\u00a0\u00bb, explique celle qui a d\u2019abord coordonn\u00e9 le projet sonore Portraits de doudous. M\u00ealant radio et photo, il donnait la parole aux enfants malades et \u00e0 leurs doudous \u00e0 travers une exposition et des podcasts. \u00ab<i>\u00a0<\/i><i>Au moment du montage, je me suis questionn\u00e9e sur ce que je devais faire des enregistrements de ceux qui n\u2019\u00e9taient plus l\u00e0. Je suis all\u00e9e poser la question au service de soins palliatifs et c\u2019est comme \u00e7a que s\u2019est faite la rencontre<\/i>\u00a0\u00bb, raconte-t-elle.<\/p>\n<p>Laure Meravilles s\u2019est form\u00e9e \u00e0 la facult\u00e9 de M\u00e9decine de N\u00eemes pour appr\u00e9hender la relation avec les patients. \u00ab\u00a0<i>J\u2019ai eu un coup de foudre pour la d\u00e9marche et j\u2019ai voulu d\u00e9cliner ce projet sonore et artistique chez les adultes<\/i>\u00a0\u00bb, commente-t-elle. Inspir\u00e9e par le r\u00e9cent mod\u00e8le de biographie hospitali\u00e8re, cette forme de th\u00e9rapie o\u00f9 le professionnel et le patient construisent ensemble une biographie reli\u00e9e remise \u00e0 la famille apr\u00e8s le d\u00e9c\u00e8s, elle invente \u00ab\u00a0l\u2019audiographie\u00a0\u00bb hospitali\u00e8re. Durant plusieurs rendez-vous, Laure propose ainsi au patient de se livrer \u00e0 propos d\u2019un bijou qui lui appartient et d\u2019\u00e9voquer un souvenir. Elle travaille ensuite avec Christelle Labrande pour construire le support photo de l\u2019enregistrement qui sera remis \u00e0 la famille du patient. \u00ab\u00a0<i>La voix enregistr\u00e9e peut survivre \u00e0 celui ou celle qui l\u2019a port\u00e9e<\/i>\u00a0\u00bb, remarque Laure, qui veut faire de la voix radiophonique un lien entre le disparu et son entourage. \u00ab\u00a0<i>C\u2019est une parole authentique, consentie et pr\u00e9par\u00e9e par le patient lui-m\u00eame<\/i>.\u00a0\u00bb<\/p>\n<p>Sylvie Galan, cadre de sant\u00e9 en oncologie \u00e0 l\u2019h\u00f4pital Saint-\u00c9loi, a vu \u00e9voluer le projet. Tr\u00e8s optimiste, elle le d\u00e9signe comme un renforcement des soins de support, ces m\u00e9thodes destin\u00e9es \u00e0 permettre une meilleure acceptation et prise en charge du patient et de sa pathologie. \u00ab\u00a0<i>C\u2019est une th\u00e9rapie, c\u2019est un plus qui s\u2019inscrit dans la globalit\u00e9 des soins propos\u00e9s<\/i><i>\u00a0<\/i>\u00bb, affirme-t-elle. \u00ab\u00a0<i>C\u2019est b\u00e9n\u00e9fique pour les patients de parler \u00e0 quelqu\u2019un qui n\u2019est pas du milieu m\u00e9dical, une relation de confiance se construit. Ils se sentent \u00e9cout\u00e9s et valoris\u00e9s<\/i><i>\u00a0<\/i>\u00bb, pr\u00e9cise la cadre de sant\u00e9.<\/p>\n<\/p><\/div>\n<div class=\"intext\"> Humaniser les relations hospitali\u00e8res\n              <\/div>\n<div class=\"paragraph\">\n<p>Ce dispositif fait partie d\u2019un large panel de soins narratifs propos\u00e9s au CHU. Ces soins visent \u00e0 placer le r\u00e9cit du patient et son \u00e9coute attentive au centre de la relation m\u00e9dicale, pour construire un lien plus humain et profond\u00e9ment empathique. \u00ab\u00a0<i>\u00c0 mesure que le projet grandit, on \u00e9largit les sujets, les souvenirs \u00e0 raconter et la conversation d\u00e9borde<\/i>\u00a0\u00bb, avoue Laure. Cette approche sur-mesure et tr\u00e8s humaine est appr\u00e9ci\u00e9e par les patients. \u00ab\u00a0<i>Je suis suffisamment \u00e0 l\u2019aise pour donner un bout de moi<\/i><i>\u00a0<\/i>\u00bb, confie Alexandra, patiente en oncologie. \u00ab\u00a0<i>Il y a le c\u00f4t\u00e9 agr\u00e9able de faire des rencontres et le c\u00f4t\u00e9 agr\u00e9able de se rem\u00e9morer de jolis souvenirs<\/i>\u00a0\u00bb ajoute-t-elle. Lorsque Laure lui apporte son objet finalis\u00e9, elle est \u00e9mue\u00a0: elle l\u2019offrira \u00e0 sa fille.<\/p>\n<p>Le projet traduit l\u2019alliance th\u00e9rapeutique tiss\u00e9e entre les malades et les soignants dans le milieu hospitalier. C\u2019est le cas de Jean-Luc, greff\u00e9 du c\u0153ur en 2013 et aujourd\u2019hui suivi en oncologie. Venu enregistrer sa photo sonore dans le studio de radio Clapas, il insiste sur sa reconnaissance envers le personnel qui a remplac\u00e9 son c\u0153ur par un autre cette nuit du 31\u00a0d\u00e9cembre\u00a0: \u00ab<i>\u00a0<\/i><i>Je leur apporte un petit cadeau chaque ann\u00e9e<\/i>\u00a0\u00bb, assure-t-il. Jean-Luc est aujourd\u2019hui engag\u00e9 dans plusieurs associations et intervient dans les \u00e9tablissements scolaires pour parler de son exp\u00e9rience avec les professeurs des mati\u00e8res scientifiques. Il vient raconter ses tatouages et sa vie de greff\u00e9 au micro\u00a0: motard aguerri au look de rockeur, il porte une multitude de bagues sur lesquelles Laure le questionne. Cet enregistrement, il le fera pour raconter comment il a d\u00e9cid\u00e9 de continuer \u00e0 vivre, en explorant le monde sur sa moto.<\/p>\n<\/p><\/div>\n","protected":false},"excerpt":{"rendered":"C&rsquo;est la deuxi&egrave;me intervention au CHU de Montpellier pour la journaliste de Radio Clapas Laure M&eacute;ravilles, qui s&rsquo;est prise de passion pour le milieu hospitalier. &laquo;&nbsp;J&rsquo;ai d&eacute;but&eacute; en &#8230;","protected":false},"author":1,"featured_media":37494,"comment_status":"open","ping_status":"open","sticky":false,"template":"","format":"standard","meta":{"footnotes":""},"categories":[3926,3925,20],"tags":[294,239,1501,240,284,1182,1267,382,4008,2167],"news-destination":[3944],"news-source":[475],"is_homepage":[],"ta_other":[],"class_list":["post-37493","post","type-post","status-publish","format-standard","has-post-thumbnail","hentry","category-accueil-merge","category-accueil-third","category-societe","tag-294","tag-herault","tag-hopital","tag-montpellier","tag-occitanie","tag-patients","tag-radio","tag-soins","tag-soins-palliatifs","tag-temoignage","news-destination-homepage","news-source-website"],"_links":{"self":[{"href":"https:\/\/euapp01.newsmemory.com\/lamarseillaise\/news\/wp-json\/wp\/v2\/posts\/37493","targetHints":{"allow":["GET"]}}],"collection":[{"href":"https:\/\/euapp01.newsmemory.com\/lamarseillaise\/news\/wp-json\/wp\/v2\/posts"}],"about":[{"href":"https:\/\/euapp01.newsmemory.com\/lamarseillaise\/news\/wp-json\/wp\/v2\/types\/post"}],"author":[{"embeddable":true,"href":"https:\/\/euapp01.newsmemory.com\/lamarseillaise\/news\/wp-json\/wp\/v2\/users\/1"}],"replies":[{"embeddable":true,"href":"https:\/\/euapp01.newsmemory.com\/lamarseillaise\/news\/wp-json\/wp\/v2\/comments?post=37493"}],"version-history":[{"count":1,"href":"https:\/\/euapp01.newsmemory.com\/lamarseillaise\/news\/wp-json\/wp\/v2\/posts\/37493\/revisions"}],"predecessor-version":[{"id":37495,"href":"https:\/\/euapp01.newsmemory.com\/lamarseillaise\/news\/wp-json\/wp\/v2\/posts\/37493\/revisions\/37495"}],"wp:featuredmedia":[{"embeddable":true,"href":"https:\/\/euapp01.newsmemory.com\/lamarseillaise\/news\/wp-json\/wp\/v2\/media\/37494"}],"wp:attachment":[{"href":"https:\/\/euapp01.newsmemory.com\/lamarseillaise\/news\/wp-json\/wp\/v2\/media?parent=37493"}],"wp:term":[{"taxonomy":"category","embeddable":true,"href":"https:\/\/euapp01.newsmemory.com\/lamarseillaise\/news\/wp-json\/wp\/v2\/categories?post=37493"},{"taxonomy":"post_tag","embeddable":true,"href":"https:\/\/euapp01.newsmemory.com\/lamarseillaise\/news\/wp-json\/wp\/v2\/tags?post=37493"},{"taxonomy":"news-destination","embeddable":true,"href":"https:\/\/euapp01.newsmemory.com\/lamarseillaise\/news\/wp-json\/wp\/v2\/news-destination?post=37493"},{"taxonomy":"news-source","embeddable":true,"href":"https:\/\/euapp01.newsmemory.com\/lamarseillaise\/news\/wp-json\/wp\/v2\/news-source?post=37493"},{"taxonomy":"is_homepage","embeddable":true,"href":"https:\/\/euapp01.newsmemory.com\/lamarseillaise\/news\/wp-json\/wp\/v2\/is_homepage?post=37493"},{"taxonomy":"ta_other","embeddable":true,"href":"https:\/\/euapp01.newsmemory.com\/lamarseillaise\/news\/wp-json\/wp\/v2\/ta_other?post=37493"}],"curies":[{"name":"wp","href":"https:\/\/api.w.org\/{rel}","templated":true}]}}