{"id":37490,"date":"2026-07-25T12:19:00","date_gmt":"2026-07-25T10:19:00","guid":{"rendered":"https:\/\/euapp01.newsmemory.com\/lamarseillaise\/news\/?p=37490"},"modified":"2026-07-31T09:14:49","modified_gmt":"2026-07-31T07:14:49","slug":"week-end-le-camping-santa-gusta-a-la-ciotat-lesprit-camping-tous-les-etes","status":"publish","type":"post","link":"https:\/\/euapp01.newsmemory.com\/lamarseillaise\/news\/2026\/07\/25\/week-end-le-camping-santa-gusta-a-la-ciotat-lesprit-camping-tous-les-etes\/","title":{"rendered":"[Week-end] Le camping Santa Gusta \u00e0 La Ciotat, l\u2019esprit camping, tous les \u00e9t\u00e9s"},"content":{"rendered":"<div class=\"paragraph\">\n<p>Loin des polices minimalistes en vogue, l\u2019enseigne du Santa Gusta porte les marques de son histoire. Install\u00e9 sur la route de Toulon, reliant les communes de Saint-Cyr-sur-Mer et de La\u00a0Ciotat, c\u2019est dans un style cursif r\u00e9tro que le camping vend son nom, vieux de plusieurs dizaines d\u2019ann\u00e9es. Nich\u00e9s derri\u00e8re une station-service abandonn\u00e9e en bord de d\u00e9partementale, les lieux passent sans doute inaper\u00e7us aux yeux de nombreux passants qui, faute de s\u2019\u00eatre aventur\u00e9s au-del\u00e0 de la r\u00e9ception, ne d\u00e9couvriront jamais le splendide panorama qu\u2019elle dissimule.<\/p>\n<p>Aux alentours de 13h30, le 14\u00a0juillet, la premi\u00e8re esplanade du campement, construit en restanques, jouit de ce calme si propre \u00e0 l\u2019\u00e9t\u00e9 proven\u00e7al, berc\u00e9 par l\u2019assourdissant chant des cigales. \u00c7\u00e0 et l\u00e0 sont \u00e9tablies quelques caravanes, pour beaucoup portes closes, probables t\u00e9moins d\u2019une vir\u00e9e \u00e0 la plage de leurs propri\u00e9taires. D\u2019autres, peut-\u00eatre influenc\u00e9s par les temp\u00e9ratures caniculaires, ont opt\u00e9 pour la sieste, tanqu\u00e9s sur leur transat plac\u00e9 sous les pins. Face \u00e0 eux\u00a0: une vue imprenable sur la baie de La\u00a0Ciotat, aussi appel\u00e9e Golfe d\u2019Amour. Un peu plus bas, presque sur la plage, un couple d\u00e9jeune sur son emplacement, observant les passants en balade sur la Corniche d\u2019Ar\u00e8ne-Cros.<\/p>\n<p><b>Port d\u2019attache<\/b><\/p>\n<p>\u00c0 quelques m\u00e8tres, Roland s\u2019affaire sur sa terrasse sur\u00e9quip\u00e9e\u00a0: table en bois, chaise de salon de jardin, lavabo, transats en tout genre. Sa femme, qui n\u2019a pas souhait\u00e9 donner son pr\u00e9nom, est install\u00e9e devant leur roulotte qui, d\u00e9pourvue de roues, prend d\u00e9sormais des airs de mobil-home. \u00ab\u00a0<i>On vient ici depuis 1978<\/i><i>\u00a0<\/i><i>!<\/i>\u00a0\u00bb, s\u2019exclame-t-il, comme une \u00e9vidence. Lui et sa compagne sont en r\u00e9alit\u00e9 des r\u00e9sidents de longue date. Originaires d\u2019Aubagne, ils viennent chaque \u00e9t\u00e9 passer leurs vacances en bord de mer. Autrefois pr\u00e9sents de mai \u00e0 octobre, ils s\u00e9journent d\u00e9sormais de juillet \u00e0 la mi-septembre. \u00ab<i>\u00a0<\/i><i>On est tr\u00e8s attach\u00e9s aux lieux. Notre fille a grandi ici, notre petit-fils vient aussi souvent nous rendre visite, <\/i>s\u2019\u00e9meut l\u2019Aubagnais. <i>C\u2019est vrai que les choses ont quand m\u00eame bien chang\u00e9. Avant, c\u2019\u00e9tait vraiment comme un quartier o\u00f9 tous les jeunes, et les vieux, se retrouvaient chaque \u00e9t\u00e9. Il y avait un esprit de bande. Aujourd\u2019hui, il y a plus de touristes. Le campement est plus calme. Apr\u00e8s, nous avons aussi \u00e9volu\u00e9<\/i><i>\u00a0<\/i><i>: on se couche moins tard, on fait moins la f\u00eate&#8230;<\/i>\u00a0\u00bb<\/p>\n<p>Pourtant, les all\u00e9es du camping regorgent encore de quelques r\u00e9sidents permanents, ou au moins r\u00e9guliers. En retrait du front d\u2019eau, on trouve Jennyfer, attabl\u00e9e dans ce que l\u2019on pourrait presque qualifier de petit jardin. \u00ab\u00a0<i>Bien s\u00fbr<\/i>\u00a0\u00bb qu\u2019elle conna\u00eet Roland, \u00ab\u00a0<i>tr\u00e8s bien m\u00eame<\/i>\u00a0\u00bb. \u00ab\u00a0<i>\u00c7a fait 32<\/i><i>\u00a0<\/i><i>ans que je le fr\u00e9quente<\/i><i>\u00a0<\/i><i>!<\/i><i>\u00a0<\/i>\u00bb, ironise-t-elle. Install\u00e9e \u00e0 Marseille le reste de l\u2019ann\u00e9e, elle revient chaque \u00e9t\u00e9 passer deux mois au Santa Gusta, ponctuellement accompagn\u00e9e de ses enfants ou de ses amis. Ce qui lui pla\u00eet au camping\u00a0: \u00ab\u00a0<i>Le calme, la tranquillit\u00e9, la proximit\u00e9 avec la mer.<\/i><i>\u00a0<\/i>\u00bb Mais aussi, bien s\u00fbr, \u00ab\u00a0<i>le fait d\u2019avoir de bons voisins, car c\u2019est \u00e7a, avant tout, l\u2019esprit camping<\/i><i>\u00a0<\/i>\u00bb.<\/p>\n<p>Un esprit \u00e9galement cher aux c\u0153urs de Ginette, Simone et Marc, ce mardi-l\u00e0 post\u00e9s ensemble sur la terrasse d\u2018un bungalow. \u00ab\u00a0<i>On profite du beau temps, de la plus belle baie du monde, mais aussi des amis qu\u2019on s\u2019est faits ici<\/i><i>\u00a0<\/i>\u00bb, s\u2019enthousiasme Marc, originaire de Bordeaux, avant qu\u2019un passant, Irek, lui venu des Ardennes, l\u2019interrompe pour prendre de ses nouvelles, comme chaque ann\u00e9e. L\u2019an prochain encore, ils seront au rendez-vous.<\/p>\n<\/p><\/div>\n","protected":false},"excerpt":{"rendered":"Loin des polices minimalistes en vogue, l&rsquo;enseigne du Santa Gusta porte les marques de son histoire. Install&eacute; sur la route de Toulon, reliant les communes de Saint-Cyr-sur-Mer et de La&nbsp;Ciotat, c&rsquo;est dans un style cursif &#8230;","protected":false},"author":1,"featured_media":37491,"comment_status":"open","ping_status":"open","sticky":false,"template":"","format":"standard","meta":{"footnotes":""},"categories":[3926,3925,20],"tags":[4970,10,1568,5238,336,58,754,743,1361,988,2001],"news-destination":[3944],"news-source":[475],"is_homepage":[],"ta_other":[],"class_list":["post-37490","post","type-post","status-publish","format-standard","has-post-thumbnail","hentry","category-accueil-merge","category-accueil-third","category-societe","tag-bord-de-mer","tag-bouches-du-rhone","tag-campement","tag-camping","tag-ete","tag-famille","tag-familles","tag-la-ciotat","tag-vacances","tag-week-end","tag-weekend","news-destination-homepage","news-source-website"],"_links":{"self":[{"href":"https:\/\/euapp01.newsmemory.com\/lamarseillaise\/news\/wp-json\/wp\/v2\/posts\/37490","targetHints":{"allow":["GET"]}}],"collection":[{"href":"https:\/\/euapp01.newsmemory.com\/lamarseillaise\/news\/wp-json\/wp\/v2\/posts"}],"about":[{"href":"https:\/\/euapp01.newsmemory.com\/lamarseillaise\/news\/wp-json\/wp\/v2\/types\/post"}],"author":[{"embeddable":true,"href":"https:\/\/euapp01.newsmemory.com\/lamarseillaise\/news\/wp-json\/wp\/v2\/users\/1"}],"replies":[{"embeddable":true,"href":"https:\/\/euapp01.newsmemory.com\/lamarseillaise\/news\/wp-json\/wp\/v2\/comments?post=37490"}],"version-history":[{"count":1,"href":"https:\/\/euapp01.newsmemory.com\/lamarseillaise\/news\/wp-json\/wp\/v2\/posts\/37490\/revisions"}],"predecessor-version":[{"id":37492,"href":"https:\/\/euapp01.newsmemory.com\/lamarseillaise\/news\/wp-json\/wp\/v2\/posts\/37490\/revisions\/37492"}],"wp:featuredmedia":[{"embeddable":true,"href":"https:\/\/euapp01.newsmemory.com\/lamarseillaise\/news\/wp-json\/wp\/v2\/media\/37491"}],"wp:attachment":[{"href":"https:\/\/euapp01.newsmemory.com\/lamarseillaise\/news\/wp-json\/wp\/v2\/media?parent=37490"}],"wp:term":[{"taxonomy":"category","embeddable":true,"href":"https:\/\/euapp01.newsmemory.com\/lamarseillaise\/news\/wp-json\/wp\/v2\/categories?post=37490"},{"taxonomy":"post_tag","embeddable":true,"href":"https:\/\/euapp01.newsmemory.com\/lamarseillaise\/news\/wp-json\/wp\/v2\/tags?post=37490"},{"taxonomy":"news-destination","embeddable":true,"href":"https:\/\/euapp01.newsmemory.com\/lamarseillaise\/news\/wp-json\/wp\/v2\/news-destination?post=37490"},{"taxonomy":"news-source","embeddable":true,"href":"https:\/\/euapp01.newsmemory.com\/lamarseillaise\/news\/wp-json\/wp\/v2\/news-source?post=37490"},{"taxonomy":"is_homepage","embeddable":true,"href":"https:\/\/euapp01.newsmemory.com\/lamarseillaise\/news\/wp-json\/wp\/v2\/is_homepage?post=37490"},{"taxonomy":"ta_other","embeddable":true,"href":"https:\/\/euapp01.newsmemory.com\/lamarseillaise\/news\/wp-json\/wp\/v2\/ta_other?post=37490"}],"curies":[{"name":"wp","href":"https:\/\/api.w.org\/{rel}","templated":true}]}}